{"id":594230,"date":"2026-07-20T19:28:20","date_gmt":"2026-07-20T19:28:20","guid":{"rendered":"https:\/\/www.europesays.com\/it\/594230\/"},"modified":"2026-07-20T19:28:20","modified_gmt":"2026-07-20T19:28:20","slug":"juventus-le-soluzioni-interne-per-il-mercato-da-zhegrova-a-douglas-luiz","status":"publish","type":"post","link":"https:\/\/www.europesays.com\/it\/594230\/","title":{"rendered":"Juventus, le soluzioni interne per il mercato: da Zhegrova a Douglas Luiz"},"content":{"rendered":"<p>                                Il precampionato sar\u00e0 utile per fare nuove valutazioni: sono infatti diversi i giocatori che il tecnico pu\u00f2 rilanciare senza passare dal mercato<\/p>\n<p class=\"paragraph\" spellcheck=\"true\">Il primo obiettivo che si \u00e8 dato Spalletti nel precampionato \u00e8 capire se Douglas Luiz possa far parte o no del suo progetto alla <a href=\"https:\/\/www.gazzetta.it\/calcio\/squadre\/juventus\/notizie\/\" rel=\"nofollow noopener\" target=\"_blank\">Juventus<\/a>. Le caratteristiche del brasiliano lo stimolano, ma i calciatori bisogna allenarli e metterli alla prova in partita per comprendere se le sensazioni possano trovare riscontro. Il primo test a Basilea \u00e8 stato buono ma non perfetto: primi segnali interessanti su come riempire lo sparito del gioco, ma le note che vuole vedere e sentire l\u2019allenatore hanno tonalit\u00e0 pi\u00f9 raffinate.\u00a0<\/p>\n<p>        IDEA SPALLETTI\u2014 \u00a0<\/p>\n<p class=\"paragraph\" spellcheck=\"true\">Douglas Luiz resta il primo osservato speciale di quel gruppetto di calciatori che hanno preso alloggio alla Continassa per un periodo limitato, in attesa di conoscere il proprio futuro. L\u2019altro non \u00e8 ancora arrivato, ma Spalletti lo attende con curiosit\u00e0: si tratta di Nico Gonzalez, il quale per\u00f2 ha gi\u00e0 fatto sapere di non essere interessato a discorsi relativi a un\u2019eventuale permanenza a Torino. C\u2019\u00e8 la concreta possibilit\u00e0 che l\u2019argentino dopo le vacanze post Mondiale possa andare direttamente nella squadra con cui affronter\u00e0 la nuova stagione: la sua intenzione \u00e8 quella di rimanere all\u2019Atletico Madrid, ma occorre una trattativa per giungere all\u2019intesa. La volont\u00e0 di Nico Gonzalez accredita Zhegrova per un\u2019altra chance, in modo da cancellare la poca affidabilit\u00e0 dimostrata nella sua prima stagione.\u00a0<\/p>\n<p>        GLI ALTRI\u2014 \u00a0<\/p>\n<p class=\"paragraph\" spellcheck=\"true\">La dirigenza deve fare i conti con molti giocatori che vogliono rimanere pur non avendo la fiducia di Spalletti. Di Gregorio si giocherebbe le carte da vice, esattamente come Rugani resterebbe in bianconero ancora una volta senza garanzie di minutaggio. Capitolo Arthur: per lui non c\u2019\u00e8 spazio, ma trovargli una collocazione non sar\u00e0 facile per via dello stipendio alto. In attacco le situazioni chiave pi\u00f9 spinose: David ha fatto sapere di voler rispettare il contratto, di fatto chiudendo la porta a un secondo centravanti; mentre Openda, che ha mercato soprattutto in Francia, per il momento ha respinto tutte le proposte. La tendenza a voler rimanere a Torino riguarda pure alcuni giovani: Adzic, per esempio, spera ancora di convincere Spalletti; Joao Mario e Cabal cambieranno solo per destinazioni prestigiose.<\/p>\n<p class=\"is-copyright\">\u00a9 RIPRODUZIONE RISERVATA<\/p>\n","protected":false},"excerpt":{"rendered":"Il precampionato sar\u00e0 utile per fare nuove valutazioni: sono infatti diversi i giocatori che il tecnico pu\u00f2 rilanciare&hellip;\n","protected":false},"author":3,"featured_media":594231,"comment_status":"","ping_status":"","sticky":false,"template":"","format":"standard","meta":{"footnotes":"","_share_on_mastodon":"0"},"categories":[1452],"tags":[121406,327631,327632,54487,327633,327634,1952,721,8487,8488,1740,3412,17151,1537,90,89,8489,1412,4978,28215,25149,25799,9595,1739,24806,245,244,577,1641,2530,44777],"class_list":["post-594230","post","type-post","status-publish","format-standard","has-post-thumbnail","category-calcio","tag-accredita","tag-accredita-zhegrova","tag-accredita-zhegrova-altra","tag-adzic","tag-adzic-spera","tag-adzic-spera-convincere","tag-calciatori","tag-calcio","tag-douglas","tag-douglas-luiz","tag-football","tag-giocatori","tag-gonzalez","tag-it","tag-italia","tag-italy","tag-luiz","tag-mercato","tag-nico","tag-nico-gonzalez","tag-precampionato","tag-rimanere","tag-sapere","tag-soccer","tag-spalletti","tag-sport","tag-sports","tag-stagione","tag-torino","tag-voler","tag-zhegrova"],"share_on_mastodon":{"url":"https:\/\/pubeurope.com\/@it\/116953960292952575","error":""},"_links":{"self":[{"href":"https:\/\/www.europesays.com\/it\/wp-json\/wp\/v2\/posts\/594230","targetHints":{"allow":["GET"]}}],"collection":[{"href":"https:\/\/www.europesays.com\/it\/wp-json\/wp\/v2\/posts"}],"about":[{"href":"https:\/\/www.europesays.com\/it\/wp-json\/wp\/v2\/types\/post"}],"author":[{"embeddable":true,"href":"https:\/\/www.europesays.com\/it\/wp-json\/wp\/v2\/users\/3"}],"replies":[{"embeddable":true,"href":"https:\/\/www.europesays.com\/it\/wp-json\/wp\/v2\/comments?post=594230"}],"version-history":[{"count":0,"href":"https:\/\/www.europesays.com\/it\/wp-json\/wp\/v2\/posts\/594230\/revisions"}],"wp:featuredmedia":[{"embeddable":true,"href":"https:\/\/www.europesays.com\/it\/wp-json\/wp\/v2\/media\/594231"}],"wp:attachment":[{"href":"https:\/\/www.europesays.com\/it\/wp-json\/wp\/v2\/media?parent=594230"}],"wp:term":[{"taxonomy":"category","embeddable":true,"href":"https:\/\/www.europesays.com\/it\/wp-json\/wp\/v2\/categories?post=594230"},{"taxonomy":"post_tag","embeddable":true,"href":"https:\/\/www.europesays.com\/it\/wp-json\/wp\/v2\/tags?post=594230"}],"curies":[{"name":"wp","href":"https:\/\/api.w.org\/{rel}","templated":true}]}}