{"id":594294,"date":"2026-07-20T20:23:14","date_gmt":"2026-07-20T20:23:14","guid":{"rendered":"https:\/\/www.europesays.com\/it\/594294\/"},"modified":"2026-07-20T20:23:14","modified_gmt":"2026-07-20T20:23:14","slug":"lotito-vendere-lazio-o-reggina-le-vie-del-signore-sono-infinite","status":"publish","type":"post","link":"https:\/\/www.europesays.com\/it\/594294\/","title":{"rendered":"Lotito: &#8220;Vendere Lazio o Reggina? Le vie del Signore sono infinite&#8221;"},"content":{"rendered":"<p>                                Il patron dei biancocelesti si presenta come nuovo proprietario dei calabresi: &#8220;Voglio riportare il club dove merita con un progetto serio, con senso di orgoglio e appartenenza&#8221;\u00a0<\/p>\n<p class=\"paragraph\" spellcheck=\"true\">Non solo Lazio, ora Claudio Lotito guarda anche alla Reggina. Il patron dei biancocelesti ha infatti tenuto stasera una conferenza stampa allo stadio Granillo come nuovo proprietario della club calabrese, oggi in Serie D. Il senatore \u00e8 stato introdotto dal sindaco di Reggio Calabria Francesco Cannizzaro che gli ha subito regalato la sua sciarpa. &#8220;L&#8217;avevo nella mia camera, mi ha accompagnato per oltre 22 anni. Ora ci devi far volare come questo aereo che sta sorvolando il nostro stadio. Forza Reggina&#8221;.\u00a0<\/p>\n<p>    pubblico\u2014 \u00a0<\/p>\n<p class=\"paragraph is-inline\" spellcheck=\"true\">Poi, ha preso la parola Lotito: &#8220;Sono qui per fare i fatti, non voglio vendere situazioni invendibili, io metter\u00f2 non solo l&#8217;impegno economico ma anche delle mie esperienze come per esempio la Salernitana. Voglio dimostrare un progetto serio, con senso di orgoglio e appartenenza. Punto a una struttura solida che possa essere proiettata nelle prossime stagioni, il pubblico dovr\u00e0 essere il dodicesimo uomo in campo. Vogliamo costruire una squadra che non sia una comparsa ma che possa disputare un campionato da protagonista. Stiamo lavorando per una squadra leader, protagonista&#8221;. Lotito affronta poi il tema della multipropriet\u00e0: &#8220;Non \u00e8 un mistero, sono abituato ad agire &#8216;in progress&#8217;. La norma ha creato un danno complessivo al calcio italiano, depauperando il territorio. Intanto dobbiamo vincere il campionato, la norma fu cambiata purtroppo a danno di De Laurentiis. Se io fossi qui con la Lazio 2 e quindi una doppia squadra non sarebbe mai stato un problema, non \u00e8 cos\u00ec per i club. La doppia propriet\u00e0 \u00e8 stata una mia invenzione e ha tre vantaggi: economico, territoriale e di giovani talenti. La multipropriet\u00e0 tutela l&#8217;aspetto sportivo e la vocazione dei territori, oggi consent\u00ec di avere una squadra di livello senza mortificarla. \u00c9 una regola folle. Vendere la Lazio? Da qui ai prossimi 12 mesi le vie del Signore sono infinite. Malag\u00f2 ha detto che nei prossimi mesi non verr\u00e0 discussa la multipropriet\u00e0. Con Lotito risultato garantito, non ve lo dimenticate mai&#8221;.<\/p>\n","protected":false},"excerpt":{"rendered":"Il patron dei biancocelesti si presenta come nuovo proprietario dei calabresi: &#8220;Voglio riportare il club dove merita con&hellip;\n","protected":false},"author":3,"featured_media":594295,"comment_status":"","ping_status":"","sticky":false,"template":"","format":"standard","meta":{"footnotes":"","_share_on_mastodon":"0"},"categories":[1452],"tags":[7397,13785,6185,721,1856,554,1095,434,9644,1740,1537,90,89,5188,47918,150757,6878,10800,327646,38683,327647,2851,327648,133698,1739,245,244,1857,38576,8188],"class_list":["post-594294","post","type-post","status-publish","format-standard","has-post-thumbnail","category-calcio","tag-appartenenza","tag-biancocelesti","tag-calabria","tag-calcio","tag-campionato","tag-club","tag-danno","tag-doppia","tag-economico","tag-football","tag-it","tag-italia","tag-italy","tag-lazio","tag-lotito","tag-multiproprieta","tag-norma","tag-orgoglio","tag-orgoglio-appartenenza","tag-patron","tag-patron-biancocelesti","tag-progetto","tag-progetto-serio","tag-reggina","tag-soccer","tag-sport","tag-sports","tag-squadra","tag-vendere","tag-voglio"],"share_on_mastodon":{"url":"https:\/\/pubeurope.com\/@it\/116954176333266003","error":""},"_links":{"self":[{"href":"https:\/\/www.europesays.com\/it\/wp-json\/wp\/v2\/posts\/594294","targetHints":{"allow":["GET"]}}],"collection":[{"href":"https:\/\/www.europesays.com\/it\/wp-json\/wp\/v2\/posts"}],"about":[{"href":"https:\/\/www.europesays.com\/it\/wp-json\/wp\/v2\/types\/post"}],"author":[{"embeddable":true,"href":"https:\/\/www.europesays.com\/it\/wp-json\/wp\/v2\/users\/3"}],"replies":[{"embeddable":true,"href":"https:\/\/www.europesays.com\/it\/wp-json\/wp\/v2\/comments?post=594294"}],"version-history":[{"count":0,"href":"https:\/\/www.europesays.com\/it\/wp-json\/wp\/v2\/posts\/594294\/revisions"}],"wp:featuredmedia":[{"embeddable":true,"href":"https:\/\/www.europesays.com\/it\/wp-json\/wp\/v2\/media\/594295"}],"wp:attachment":[{"href":"https:\/\/www.europesays.com\/it\/wp-json\/wp\/v2\/media?parent=594294"}],"wp:term":[{"taxonomy":"category","embeddable":true,"href":"https:\/\/www.europesays.com\/it\/wp-json\/wp\/v2\/categories?post=594294"},{"taxonomy":"post_tag","embeddable":true,"href":"https:\/\/www.europesays.com\/it\/wp-json\/wp\/v2\/tags?post=594294"}],"curies":[{"name":"wp","href":"https:\/\/api.w.org\/{rel}","templated":true}]}}