{"id":594390,"date":"2026-07-20T21:40:13","date_gmt":"2026-07-20T21:40:13","guid":{"rendered":"https:\/\/www.europesays.com\/it\/594390\/"},"modified":"2026-07-20T21:40:13","modified_gmt":"2026-07-20T21:40:13","slug":"dino-salvoldi-ganna-e-milan-torneranno-per-i-mondiali-su-pista-percorsi-diversi-per-seixas-e-finn","status":"publish","type":"post","link":"https:\/\/www.europesays.com\/it\/594390\/","title":{"rendered":"Dino Salvoldi: &#8220;Ganna e Milan torneranno per i Mondiali su pista. Percorsi diversi per Seixas e Finn&#8221;"},"content":{"rendered":"<p class=\"PDq2pG_selectionAnchorContainer\" data-start=\"298\" data-end=\"783\">L\u2019Italia continua a confermarsi tra le nazioni di riferimento nel ciclismo su pista giovanile. Gli Europei Juniores e Under23 hanno ribadito la qualit\u00e0 del movimento azzurro, frutto di un lavoro di programmazione che, nonostante le difficolt\u00e0 strutturali e la scarsit\u00e0 di impianti, continua a produrre talenti. Allo stesso tempo, per\u00f2, resta fondamentale costruire con pazienza il ricambio generazionale e garantire ai giovani percorsi di crescita adeguati, sia in pista sia su strada. Ne abbiamo parlato con <strong>Dino Salvoldi<\/strong>, commissario tecnico del settore maschile su pista e della Nazionale Juniores su strada, che ha tracciato un bilancio della prima parte di stagione, soffermandosi sui risultati ottenuti, sulle prospettive in vista dei Mondiali \u00e9lite e sui talenti pi\u00f9 interessanti del panorama azzurro.<\/p>\n<p class=\"PDq2pG_selectionAnchorContainer\" data-start=\"298\" data-end=\"783\"><strong>I recenti Europei Juniores e Under23 di ciclismo su pista confermano che si sta lavorando nella direzione giusta\u2026<br \/><\/strong>\u201cGuardando i risultati oggi potrebbe sembrare facile dirlo, ma in realt\u00e0 erano traguardi che mi aspettavo. Con gli Juniores abbiamo costruito un percorso di preparazione molto importante fin da dicembre e questo ci ha permesso di confermarci ai vertici della categoria in praticamente tutte le specialit\u00e0. Tra gli Under23, invece, il talento non manca e proprio la qualit\u00e0 dei ragazzi ci consente di ottenere risultati importanti. Quello che manca \u00e8 una maggiore continuit\u00e0 nella frequentazione della pista. Per proseguire il percorso di crescita e portarli a diventare \u00e9lite di alto livello sarebbe fondamentale che riuscissero a lavorare in velodromo almeno una volta ogni due settimane. Lasciare trascorrere mesi tra un allenamento e l\u2019altro significa perdere caratteristiche tecniche che, tra l\u2019altro, risultano preziose anche nelle gare su strada.\u201d<\/p>\n<p data-start=\"1234\" data-end=\"1539\"><strong>Viene da chiedersi come faccia l\u2019Italia ad avere cos\u00ec tanti ricambi su pista, potendo contare, almeno per ora, su un solo velodromo coperto\u2026<br \/><\/strong>\u201cVa considerato anche un altro aspetto: rispetto ai nostri avversari, i giovani italiani sono davvero molto giovani, praticamente tutti nati dal 2005 in avanti. Ci manca completamente quella fascia di atleti dei primi anni Duemila e questo inevitabilmente pesa. Dovremo avere pazienza e continuare a far crescere il gruppo che abbiamo a disposizione. Sono soddisfatto di quello che stiamo facendo, ma il mio sguardo \u00e8 sempre rivolto a ci\u00f2 che possiamo ancora migliorare.\u201d<\/p>\n<p data-start=\"2236\" data-end=\"2707\"><strong>In vista dei Mondiali \u00e9lite su pista, pensi che corridori come Sierra, Favero, Stella e Giaimi siano pronti a fare un deciso salto di qualit\u00e0?<br \/><\/strong>\u201cI posti disponibili non saranno tanti, quindi dovremo fare delle valutazioni. Sicuramente ci saranno un paio di giovani che avranno l\u2019occasione di essere competitivi. Questo Mondiale rappresenta un appuntamento fondamentale in ottica Los Angeles 2028: \u00e8 una tappa molto importante del percorso olimpico.\u201d<\/p>\n<p data-start=\"2857\" data-end=\"3162\"><strong>Rientreranno Milan e Ganna?<br \/><\/strong>\u201cS\u00ec, siamo in costante contatto con entrambi e stanno gi\u00e0 svolgendo diversi allenamenti su pista. Con Jonathan stiamo programmando l\u2019avvicinamento nel migliore dei modi ed \u00e8 estremamente motivato. Per Filippo, invece, aspetteremo la conclusione del Tour de France prima di definire il programma, considerando anche che sar\u00e0 impegnato nella cronometro dei Mondiali.\u201d<\/p>\n<p data-start=\"3197\" data-end=\"3562\"><strong>Quanto potr\u00e0 incidere il ritorno di Milan e Ganna sulla crescita dei giovani?<br \/><\/strong>\u201cI ragazzi non vedono l\u2019ora di condividere la pista con due campioni del loro livello. Ogni volta che Jonathan e Filippo sono venuti ad allenarsi con noi ho percepito un sincero interesse nei confronti dei giovani, volevano capire come stavano crescendo e seguivano con attenzione il loro lavoro. Questo atteggiamento \u00e8 molto positivo e rappresenta uno stimolo enorme per tutto il gruppo.\u201d<\/p>\n<p data-start=\"3647\" data-end=\"4036\"><strong>C\u2019\u00e8 la possibilit\u00e0 che Milan e Ganna vengano impiegati anche nella Madison oppure si concentreranno esclusivamente sull\u2019inseguimento a squadre?<br \/><\/strong>\u201cPer il momento \u00e8 ancora presto per prendere una decisione. Direi che Jonathan difficilmente sar\u00e0 impiegato nella Madison, mentre nel caso di Filippo non lo escluderei.\u201d<\/p>\n<p data-start=\"4187\" data-end=\"4356\"><strong>Finn sta dominando tra gli Under23, mentre il suo coetaneo Seixas si sta giocando il podio al Tour de France. Secondo te chi ha imboccato la strada migliore?<br \/><\/strong>\u201cLe persone che seguono Seixas sono professionisti di altissimo livello e, se hanno deciso di far compiere un salto cos\u00ec importante, significa che \u00e8 stata una scelta ponderata. Per Finn, invece, si \u00e8 preferito un percorso pi\u00f9 graduale e conservativo. Credo che questo gli abbia permesso di guadagnare tempo nella crescita, inserendosi nel mondo dei professionisti con meno pressioni. Quando arriveranno grandi aspettative sar\u00e0 probabilmente pi\u00f9 preparato ad affrontarle. Personalmente non credo che una delle due strade sia giusta e l\u2019altra sbagliata: sono semplicemente percorsi diversi.\u201d<\/p>\n<p data-start=\"4521\" data-end=\"5110\"><strong>Passando al settore Juniores su strada, c\u2019\u00e8 qualche scalatore che si sta mettendo in luce e su cui puntare per il futuro?<br \/><\/strong>\u201cQuest\u2019anno il livello \u00e8 addirittura superiore rispetto alle stagioni precedenti. Patrick Pezzo Rosola \u00e8 sicuramente uno dei ragazzi pi\u00f9 interessanti, ma in generale tutta la categoria \u00e8 cresciuta molto. Proprio per questo credo che sia arrivato il momento di riflettere anche sulle regole del sistema.\u201d<\/p>\n<p data-start=\"5239\" data-end=\"5542\"><strong>Cio\u00e8?<br \/><\/strong>\u201cDa commissario tecnico penso che il nostro compito sia preservare tutto il patrimonio rappresentato dai giovani. Non possiamo limitarci a guardare soltanto i numeri o i risultati. Dobbiamo avere una visione pi\u00f9 ampia, tutelando anche quei ragazzi e quelle squadre che non sono ancora pronte per l\u2019altissimo livello, concedendo loro il tempo necessario per maturare senza bruciare le tappe.\u201d<\/p>\n<p data-start=\"5555\" data-end=\"5946\"><strong>E tra i giovani che possono avere le caratteristiche per le Classiche chi ti ha impressionato maggiormente?<br \/><\/strong>\u201cPatrick Pezzo Rosola e Brandon Fedrizzi hanno disputato una stagione di altissimo livello. Anche Nicola Padovan \u00e8 un ragazzo molto interessante: nasce come pistard, ma ha dimostrato di poter essere competitivo anche su strada.\u201d<\/p>\n<p data-start=\"6061\" data-end=\"6289\"><strong>C\u2019\u00e8 qualcuno che potrebbe diventare un grande velocista anche su strada?<br \/><\/strong>\u201cIl nome \u00e8 quello di Alessio Magagnotti. Tutti ripongono grandi aspettative su di lui e, nonostante abbia gi\u00e0 conquistato numerosi successi, resta un corridore ancora tutto da scoprire. Ha un talento enorme, ma come ogni giovane va costruito con pazienza e accompagnato nel suo percorso di crescita.\u201d<\/p>\n","protected":false},"excerpt":{"rendered":"L\u2019Italia continua a confermarsi tra le nazioni di riferimento nel ciclismo su pista giovanile. Gli Europei Juniores e&hellip;\n","protected":false},"author":3,"featured_media":568032,"comment_status":"","ping_status":"","sticky":false,"template":"","format":"standard","meta":{"footnotes":"","_share_on_mastodon":"0"},"categories":[1456],"tags":[70187,45045,1824,1825,18022,19971,1537,90,89,6949,29033,61975,29034,245,244],"class_list":["post-594390","post","type-post","status-publish","format-standard","has-post-thumbnail","category-ciclismo","tag-alessio-magagnotti","tag-brandon-fedrizzi","tag-ciclismo","tag-cycling","tag-dino-salvoldi","tag-filippo-ganna","tag-it","tag-italia","tag-italy","tag-jonathan-milan","tag-lorenzo-finn","tag-patrick-pezzo-rosola","tag-paul-seixas","tag-sport","tag-sports"],"share_on_mastodon":{"url":"https:\/\/pubeurope.com\/@it\/116954478961374143","error":""},"_links":{"self":[{"href":"https:\/\/www.europesays.com\/it\/wp-json\/wp\/v2\/posts\/594390","targetHints":{"allow":["GET"]}}],"collection":[{"href":"https:\/\/www.europesays.com\/it\/wp-json\/wp\/v2\/posts"}],"about":[{"href":"https:\/\/www.europesays.com\/it\/wp-json\/wp\/v2\/types\/post"}],"author":[{"embeddable":true,"href":"https:\/\/www.europesays.com\/it\/wp-json\/wp\/v2\/users\/3"}],"replies":[{"embeddable":true,"href":"https:\/\/www.europesays.com\/it\/wp-json\/wp\/v2\/comments?post=594390"}],"version-history":[{"count":0,"href":"https:\/\/www.europesays.com\/it\/wp-json\/wp\/v2\/posts\/594390\/revisions"}],"wp:featuredmedia":[{"embeddable":true,"href":"https:\/\/www.europesays.com\/it\/wp-json\/wp\/v2\/media\/568032"}],"wp:attachment":[{"href":"https:\/\/www.europesays.com\/it\/wp-json\/wp\/v2\/media?parent=594390"}],"wp:term":[{"taxonomy":"category","embeddable":true,"href":"https:\/\/www.europesays.com\/it\/wp-json\/wp\/v2\/categories?post=594390"},{"taxonomy":"post_tag","embeddable":true,"href":"https:\/\/www.europesays.com\/it\/wp-json\/wp\/v2\/tags?post=594390"}],"curies":[{"name":"wp","href":"https:\/\/api.w.org\/{rel}","templated":true}]}}