{"id":594463,"date":"2026-07-20T22:42:23","date_gmt":"2026-07-20T22:42:23","guid":{"rendered":"https:\/\/www.europesays.com\/it\/594463\/"},"modified":"2026-07-20T22:42:23","modified_gmt":"2026-07-20T22:42:23","slug":"forbidden-fruit-far-away-tutto-per-la-mia-famiglia-anticipazioni-20-luglio","status":"publish","type":"post","link":"https:\/\/www.europesays.com\/it\/594463\/","title":{"rendered":"Forbidden Fruit, Far Away, Tutto per la mia famiglia, anticipazioni 20 luglio"},"content":{"rendered":"<p class=\"paragraph\" spellcheck=\"true\">Luned\u00ec 20 luglio 2026 su Canale 5 il pomeriggio sar\u00e0 ancora una volta all&#8217;insegna della serialit\u00e0 turca. Si partir\u00e0 alle 14.10 con <b>Forbidden Fruit<\/b> per poi proseguire con <b>Be My Sunshine<\/b>,<b> Far Away<\/b> e infine <b>Tutto per la mia famiglia<\/b>.<\/p>\n<p class=\"paragraph\" spellcheck=\"true\">Prima di scoprire quello che ci aspetta nelle puntate di oggi vediamo dove eravamo rimasti. A <b>Forbidden Fruit<\/b> Halit ed Ender si sono sposati, Yildiz \u00e8 stata cacciata di casa e rischia di perdere l&#8217;affidamento del figlio. Sahika \u00e8 sconvolta per questa mossa inaspettata e deve capire come reagire.<\/p>\n<p class=\"paragraph\" spellcheck=\"true\">A <b>Be my Sunshine<\/b> Harizan ha provato a spiegarsi con Poyraz che ha scoperto come \u00e8 stata lei a causare la sua rovina presentando i problemi di bilancio alla banca che gli ha sospeso il finanziamento. Idil per convincere Harizan ad andarsene, ha spinto tutti i commercianti a non fornirle pi\u00f9 acqua e cibo.\u00a0<\/p>\n<p class=\"paragraph\" spellcheck=\"true\">A<b> Far Away<\/b> Kaya ha saputo che Zerrin deve sposare Sedat ed \u00e8 andato fuori di testa litigando praticamente con tutti. Demir ha dichiarato alle famiglie che ha intenzione di rovesciare Cihan e prendere il suo posto alla guida dell&#8217;impresa.\u00a0<\/p>\n<p class=\"paragraph\" spellcheck=\"true\">A <b>Tutto per la mia famiglia<\/b> Tolga ha fatto addormentare Omer rubando alcuni cellulari nel negozio, Salih ha cos\u00ec costretto il ragazzo a risarcirlo. Ogulcan ha ripagato il debito dopo aver chiesto aiuto a Melisa che li ha dato una collana. Sengul ha rivelato a Nabahat che Omer \u00e8 il figlio di Suzan.\u00a0<\/p>\n","protected":false},"excerpt":{"rendered":"Luned\u00ec 20 luglio 2026 su Canale 5 il pomeriggio sar\u00e0 ancora una volta all&#8217;insegna della serialit\u00e0 turca. Si&hellip;\n","protected":false},"author":3,"featured_media":594464,"comment_status":"","ping_status":"","sticky":false,"template":"","format":"standard","meta":{"footnotes":"","_share_on_mastodon":"0"},"categories":[1444],"tags":[4240,303825,292423,7074,1518,11536,304315,164751,35606,24893,259025,260974,817,2773,475,6913,51843,203,1909,2097,287866,10202,4860,10203,37580,204,1537,90,89,204107,426,1691,6182,1565,314084,314085,233157,253,67428,37579],"class_list":["post-594463","post","type-post","status-publish","format-standard","has-post-thumbnail","category-tv","tag-aiutare","tag-akif","tag-alya","tag-amica","tag-anticipazioni","tag-anticipazioni-puntata","tag-asiye","tag-asuman","tag-away","tag-be","tag-be-my","tag-be-my-sunshine","tag-camera","tag-canale","tag-chiede","tag-chiedere","tag-cihan","tag-entertainment","tag-famiglia","tag-far","tag-far-away","tag-forbidden","tag-forbidden-fruit","tag-fruit","tag-halit","tag-intrattenimento","tag-it","tag-italia","tag-italy","tag-kaya","tag-luglio","tag-lunedi","tag-lunedi-luglio","tag-my","tag-my-sunshine","tag-poyraz","tag-sunshine","tag-tv","tag-zerrin","tag-zeynep"],"share_on_mastodon":{"url":"https:\/\/pubeurope.com\/@it\/116954723003537343","error":""},"_links":{"self":[{"href":"https:\/\/www.europesays.com\/it\/wp-json\/wp\/v2\/posts\/594463","targetHints":{"allow":["GET"]}}],"collection":[{"href":"https:\/\/www.europesays.com\/it\/wp-json\/wp\/v2\/posts"}],"about":[{"href":"https:\/\/www.europesays.com\/it\/wp-json\/wp\/v2\/types\/post"}],"author":[{"embeddable":true,"href":"https:\/\/www.europesays.com\/it\/wp-json\/wp\/v2\/users\/3"}],"replies":[{"embeddable":true,"href":"https:\/\/www.europesays.com\/it\/wp-json\/wp\/v2\/comments?post=594463"}],"version-history":[{"count":0,"href":"https:\/\/www.europesays.com\/it\/wp-json\/wp\/v2\/posts\/594463\/revisions"}],"wp:featuredmedia":[{"embeddable":true,"href":"https:\/\/www.europesays.com\/it\/wp-json\/wp\/v2\/media\/594464"}],"wp:attachment":[{"href":"https:\/\/www.europesays.com\/it\/wp-json\/wp\/v2\/media?parent=594463"}],"wp:term":[{"taxonomy":"category","embeddable":true,"href":"https:\/\/www.europesays.com\/it\/wp-json\/wp\/v2\/categories?post=594463"},{"taxonomy":"post_tag","embeddable":true,"href":"https:\/\/www.europesays.com\/it\/wp-json\/wp\/v2\/tags?post=594463"}],"curies":[{"name":"wp","href":"https:\/\/api.w.org\/{rel}","templated":true}]}}