{"id":594620,"date":"2026-07-21T00:53:19","date_gmt":"2026-07-21T00:53:19","guid":{"rendered":"https:\/\/www.europesays.com\/it\/594620\/"},"modified":"2026-07-21T00:53:19","modified_gmt":"2026-07-21T00:53:19","slug":"amorim-al-milan-i-primi-7-giorni-che-cosa-abbiamo-capito","status":"publish","type":"post","link":"https:\/\/www.europesays.com\/it\/594620\/","title":{"rendered":"Amorim al Milan, i primi 7 giorni: che cosa abbiamo capito"},"content":{"rendered":"<p>                                Il nuovo allenatore del Milan si sta facendo conoscere, tra cambiamenti tattici e di abitudini a Milanello. Attenzione alle conferenze: non sar\u00e0 banale<\/p>\n<p class=\"paragraph\" spellcheck=\"true\">Il primo passo \u00e8 tagliare i convenevoli: si chiama\u00a0Ruben Filipe Marques Diogo Amorim, ma diciamo che Ruben va bene per tutti. Il secondo \u00e8 guardare dentro l&#8217;uomo e capire qualcosa di lui. Il Milan dopo una settimana di allenamenti ha compreso di pi\u00f9 dell&#8217;allenatore scelto da Gerry Cardinale per riportare la squadra in Champions (e il resto, chiss\u00e0). Amorim \u00e8 un uomo di determinazione e sorrisi.\u00a0\u00c8 arrivato a Milano con una grande voglia di dimenticare Manchester, e quella si \u00e8 notata subito: il primo tratto distintivo. Il secondo: dal primo minuto, ha cercato di coinvolgere la squadra con un atteggiamento positivo. Non \u00e8 un battutista alla Allegri ma <a href=\"https:\/\/www.gazzetta.it\/Calcio\/Serie-A\/Milan\/24-06-2026\/milan-amorim-origini-aneddoti-carriera.shtml?intcmp=hyperlink-articolo-gazit\" rel=\"nofollow noopener\" target=\"_blank\">cerca di creare un&#8217;atmosfera positiva e generare empatia<\/a>.\u00a0<\/p>\n<p>        lingua e comunicazione\u2014 \u00a0<\/p>\n<p class=\"paragraph\" spellcheck=\"true\">Amorim ha iniziato dalla lingua. In campo parla inglese ma si \u00e8 messo in testa di imparare presto l&#8217;italiano, con cui programma di esprimersi presto. Nel primo allenamento ha parlato a lungo con Mario Gila e chi frequenta Milanello dice che cerca il dialogo con i giocatori, parla, spiega. La comunicazione sar\u00e0 importante nei prossimi mesi perch\u00e9 Amorim sa essere diretto nelle risposte e nei commenti. Questo pu\u00f2 portare vantaggi e svantaggi, pu\u00f2 renderlo un allenatore magnetico ma anche esporlo a critiche. Dopo 12 mesi vissuti da Allegri col pilota automatico, sempre molto politicamente corretto e quasi mai incisivo con frasi a effetto, la linea \u00e8 destinata a cambiare.\u00a0<\/p>\n<p>        amorim in campo\u2014 \u00a0<\/p>\n<p class=\"paragraph\" spellcheck=\"true\">Amorim \u00e8 rimasto colpito positivamente da Milanello e nei primi dialoghi con Gon\u00e7alo Ramos gli ha parlato del Milan come di una famiglia. La volont\u00e0 di andare in quella direzione e costruire una squadra molto unita \u00e8 evidente. Riuscirci ovviamente \u00e8 meno semplice, e tanto dipender\u00e0 da agosto, con il rientro dei giocatori impegnati al Mondiale.   In campo, di sicuro, niente doppi allenamenti: ci si allena una volta al giorno, di solito al mattino, con una sola seduta, spesso pi\u00f9 lunga del normale.\u00a0<\/p>\n<p>        la tattica\u2014 \u00a0<\/p>\n<p class=\"paragraph\" spellcheck=\"true\">La difesa a tre \u00e8 il punto di partenza e gi\u00e0 dal primo allenamento il Milan \u00e8 stato schierato con il 3-4-2-1. Questo \u00e8 stato chiaro dal principio: Amorim allener\u00e0 per avere una squadra intensa, aggressiva, pronta ad andare in verticale, con due esterni chiamati a creare e due seconde punte dietro a Gon\u00e7alo Ramos. Questo si poteva capire gi\u00e0 guardandolo tra Portogallo e Inghilterra? Vero, ma Milanello, anche a luglio, conferma. Amorim e la sua difesa a tre staranno assieme in estate, autunno e inverno, finch\u00e9 crisi di risultati non li separi.<\/p>\n<p class=\"is-copyright\">\u00a9 RIPRODUZIONE RISERVATA<\/p>\n","protected":false},"excerpt":{"rendered":"Il nuovo allenatore del Milan si sta facendo conoscere, tra cambiamenti tattici e di abitudini a Milanello. Attenzione&hellip;\n","protected":false},"author":3,"featured_media":594621,"comment_status":"","ping_status":"","sticky":false,"template":"","format":"standard","meta":{"footnotes":"","_share_on_mastodon":"0"},"categories":[1452],"tags":[3076,6211,1548,1960,50020,32,721,921,6880,1053,11693,4933,2665,767,1909,1740,3412,39996,39997,1537,90,89,3088,553,23161,2463,66,2895,3338,24823,69195,1739,245,244,1857],"class_list":["post-594620","post","type-post","status-publish","format-standard","has-post-thumbnail","category-calcio","tag-allegri","tag-allenamenti","tag-allenamento","tag-allenatore","tag-amorim","tag-andare","tag-calcio","tag-campo","tag-capire","tag-cerca","tag-comunicazione","tag-costruire","tag-creare","tag-difesa","tag-famiglia","tag-football","tag-giocatori","tag-goncalo","tag-goncalo-ramos","tag-it","tag-italia","tag-italy","tag-lingua","tag-milan","tag-milanello","tag-parla","tag-parlato","tag-presto","tag-primi","tag-ramos","tag-ruben","tag-soccer","tag-sport","tag-sports","tag-squadra"],"share_on_mastodon":{"url":"https:\/\/pubeurope.com\/@it\/116955238134600708","error":""},"_links":{"self":[{"href":"https:\/\/www.europesays.com\/it\/wp-json\/wp\/v2\/posts\/594620","targetHints":{"allow":["GET"]}}],"collection":[{"href":"https:\/\/www.europesays.com\/it\/wp-json\/wp\/v2\/posts"}],"about":[{"href":"https:\/\/www.europesays.com\/it\/wp-json\/wp\/v2\/types\/post"}],"author":[{"embeddable":true,"href":"https:\/\/www.europesays.com\/it\/wp-json\/wp\/v2\/users\/3"}],"replies":[{"embeddable":true,"href":"https:\/\/www.europesays.com\/it\/wp-json\/wp\/v2\/comments?post=594620"}],"version-history":[{"count":0,"href":"https:\/\/www.europesays.com\/it\/wp-json\/wp\/v2\/posts\/594620\/revisions"}],"wp:featuredmedia":[{"embeddable":true,"href":"https:\/\/www.europesays.com\/it\/wp-json\/wp\/v2\/media\/594621"}],"wp:attachment":[{"href":"https:\/\/www.europesays.com\/it\/wp-json\/wp\/v2\/media?parent=594620"}],"wp:term":[{"taxonomy":"category","embeddable":true,"href":"https:\/\/www.europesays.com\/it\/wp-json\/wp\/v2\/categories?post=594620"},{"taxonomy":"post_tag","embeddable":true,"href":"https:\/\/www.europesays.com\/it\/wp-json\/wp\/v2\/tags?post=594620"}],"curies":[{"name":"wp","href":"https:\/\/api.w.org\/{rel}","templated":true}]}}