{"id":594636,"date":"2026-07-21T01:02:22","date_gmt":"2026-07-21T01:02:22","guid":{"rendered":"https:\/\/www.europesays.com\/it\/594636\/"},"modified":"2026-07-21T01:02:22","modified_gmt":"2026-07-21T01:02:22","slug":"si-accascia-sul-palco-mentre-suona-la-batteria-morto-gianni-cazzola","status":"publish","type":"post","link":"https:\/\/www.europesays.com\/it\/594636\/","title":{"rendered":"Si accascia sul palco mentre suona la batteria, morto Gianni Cazzola"},"content":{"rendered":"<p>L&#8217;ultima esibizione, il malore sul palco e la caduta a terra. Si \u00e8 spento cos\u00ec il batterista jazz Gianni Cazzola, colto da un malore nella serata di sabato 18 luglio proprio mentre si esibiva sul palco del Gemia Swing Club di Busto Arsizio, Varese, citt\u00e0 che lo aveva adottato nel 1964.\u00a0<\/p>\n<p>Si accascia sul palco e muore<\/p>\n<p>Il musicista si \u00e8 accasciato durante il concerto. Sul posto si sono mobilitati immediatamente i soccorsi e l&#8217;88enne \u00e8 stato trasportato in ospedale in codice rosso, dove \u00e8 morto poco dopo. La notizia \u00e8 stata confermata anche dall&#8217;amico Tullio De Piscopo che ha affidato ai social un lungo messaggio: \u201cMusicista straordinario e autentico jazzista e soprattutto amico fraterno sin dal 1965 quando a Bologna veniva a trovarmi al Jolly Jocker il night club dove suonavo tutte le sere fino a tarda notte. Ricordi indelebili, in piena notte passeggiavamo sotto i portici di Bologna ed insieme fantasticando cantavamo le grandi frasi del Be Bop. Poi Milano, le tante serate e le jam session, sempre nel segno della musica, della libert\u00e0 e dell\u2019amicizia. Con te bastava uno sguardo per intendersi e lasciare parlare i nostri tamburi\u201d.\u00a0<\/p>\n<p>Uno dei maggiori esponenti del jazz italiano<\/p>\n<p>Una vita dietro la batteria, sin da bambino, Cazzolla ha fondato nel 1988 l&#8217;Italian repertory quartet ed \u00e8 stato a lungo protagonista dell&#8217;Umbria Jazz. Il suo nome \u00e8 citato anche nella Treccani tra i musicisti di alto livello del jazz italiano.\u00a0<\/p>\n<p>I funerali<\/p>\n<p>La figlia e i nipoti hanno fatto sapere che i funerali si terranno marted\u00ec 21 luglio alle 14 nella chiesa parrocchiale di Sant&#8217;Edoardo a Busto Arsizio. Fino ad allora, il feretro rester\u00e0 presso la Casa funeraria Le Origini Mismirigo di viale Sicilia nel Comune del Varesotto.\u00a0<\/p>\n","protected":false},"excerpt":{"rendered":"L&#8217;ultima esibizione, il malore sul palco e la caduta a terra. Si \u00e8 spento cos\u00ec il batterista jazz&hellip;\n","protected":false},"author":3,"featured_media":594014,"comment_status":"","ping_status":"","sticky":false,"template":"","format":"standard","meta":{"footnotes":"","_share_on_mastodon":"0"},"categories":[174],"tags":[203,204,1537,90,89,31068,770],"class_list":["post-594636","post","type-post","status-publish","format-standard","has-post-thumbnail","category-intrattenimento","tag-entertainment","tag-intrattenimento","tag-it","tag-italia","tag-italy","tag-malori","tag-morti"],"share_on_mastodon":{"url":"https:\/\/pubeurope.com\/@it\/116955273319011334","error":""},"_links":{"self":[{"href":"https:\/\/www.europesays.com\/it\/wp-json\/wp\/v2\/posts\/594636","targetHints":{"allow":["GET"]}}],"collection":[{"href":"https:\/\/www.europesays.com\/it\/wp-json\/wp\/v2\/posts"}],"about":[{"href":"https:\/\/www.europesays.com\/it\/wp-json\/wp\/v2\/types\/post"}],"author":[{"embeddable":true,"href":"https:\/\/www.europesays.com\/it\/wp-json\/wp\/v2\/users\/3"}],"replies":[{"embeddable":true,"href":"https:\/\/www.europesays.com\/it\/wp-json\/wp\/v2\/comments?post=594636"}],"version-history":[{"count":0,"href":"https:\/\/www.europesays.com\/it\/wp-json\/wp\/v2\/posts\/594636\/revisions"}],"wp:featuredmedia":[{"embeddable":true,"href":"https:\/\/www.europesays.com\/it\/wp-json\/wp\/v2\/media\/594014"}],"wp:attachment":[{"href":"https:\/\/www.europesays.com\/it\/wp-json\/wp\/v2\/media?parent=594636"}],"wp:term":[{"taxonomy":"category","embeddable":true,"href":"https:\/\/www.europesays.com\/it\/wp-json\/wp\/v2\/categories?post=594636"},{"taxonomy":"post_tag","embeddable":true,"href":"https:\/\/www.europesays.com\/it\/wp-json\/wp\/v2\/tags?post=594636"}],"curies":[{"name":"wp","href":"https:\/\/api.w.org\/{rel}","templated":true}]}}