{"id":594824,"date":"2026-07-21T04:13:21","date_gmt":"2026-07-21T04:13:21","guid":{"rendered":"https:\/\/www.europesays.com\/it\/594824\/"},"modified":"2026-07-21T04:13:21","modified_gmt":"2026-07-21T04:13:21","slug":"italo-firma-con-siemens-26-velaro-per-lalta-velocita-in-germania","status":"publish","type":"post","link":"https:\/\/www.europesays.com\/it\/594824\/","title":{"rendered":"Italo firma con Siemens: 26 Velaro per l&#8217;alta velocit\u00e0 in Germania"},"content":{"rendered":"<p><a href=\"https:\/\/www.ferrovie.it\/portale\/articoli\/18125\/pdf\" rel=\"nofollow noopener\" target=\"_blank\"><img decoding=\"async\" src=\"https:\/\/www.ferrovie.it\/portale\/images\/icone\/file_pdf.svg\" style=\"width: 32px; height: 32px;\" alt=\"Scarica in PDF\" title=\"Scarica in PDF\"\/><\/a><\/p>\n<p>da <a href=\"https:\/\/www.ferrovie.it\/portale\/rubrica.php?id=N\" rel=\"nofollow noopener\" target=\"_blank\">News ferroviarie<\/a> del 20 luglio 2026di Redazione<\/p>\n<p>MONACO DI BAVIERA (Germania) &#8211; Italo Holding compie un passo decisivo verso l&#8217;ingresso nel mercato dell&#8217;alta velocit\u00e0 tedesca firmando con Siemens Mobility il contratto per la fornitura di 26 treni ad alta velocit\u00e0 Velaro Multi System, con un&#8217;opzione per ulteriori 14 convogli e un accordo di manutenzione della durata di 30 anni.<\/p>\n<p>L&#8217;investimento complessivo ammonta a 3,6 miliardi di euro e comprende non solo l&#8217;acquisto dei treni &#8211; il contratto con Siemens vale circa 3 miliardi di euro &#8211; ma anche l&#8217;assunzione e la formazione di circa 2.500 dipendenti, gli investimenti nelle stazioni e nelle infrastrutture informatiche necessarie all&#8217;avvio del servizio.<\/p>\n<p>I nuovi treni saranno costruiti nello stabilimento Siemens Mobility di Krefeld e saranno sottoposti alla manutenzione completa presso il deposito di Dortmund, con il supporto della piattaforma digitale Railigent X e di servizi di manutenzione predittiva basati sull&#8217;intelligenza artificiale.<\/p>\n<p>I Velaro Multi System avranno una velocit\u00e0 massima di 320 km\/h, saranno composti da otto carrozze con 450 posti a sedere e offriranno tre livelli di servizio &#8211; Club Executive, Prima Business e Smart &#8211; oltre a bistrot e connettivit\u00e0 5G e satellitare Starlink.<\/p>\n<p>L&#8217;avvio delle operazioni commerciali \u00e8 previsto dalla met\u00e0 del 2028. La nuova compagnia tedesca controllata da Italo operer\u00e0 inizialmente su due direttrici principali: Monaco-Colonia-Dortmund e Monaco-Berlino-Amburgo, collegando complessivamente 18 citt\u00e0 lungo una rete di circa 1.300 chilometri, con 50 corse giornaliere.<\/p>\n<p><a name=\"i1\"\/><br \/>\n<a class=\"gallery-img\" data-fancybox-group=\"gallery-grp\" title=\"\" href=\"https:\/\/www.europesays.com\/it\/wp-content\/uploads\/2026\/07\/18125101.jpg\" target=\"_blank\"><img decoding=\"async\" src=\"https:\/\/www.europesays.com\/it\/wp-content\/uploads\/2026\/07\/18125101.jpg\" class=\"fotosingola\" alt=\"\" title=\"\" style=\"max-width: 55%;\"\/><\/a><\/p>\n<p>\u00abIntendiamo offrire ai passeggeri tedeschi una scelta pi\u00f9 ampia, servizi pi\u00f9 frequenti, prezzi equi e un servizio di alta qualit\u00e0\u00bb, ha dichiarato l&#8217;Amministratore Delegato di Italo Holding, Gianbattista La Rocca, sottolineando che l&#8217;investimento \u00abriflette la profondit\u00e0 del nostro impegno in questo mercato\u00bb. Il manager ha inoltre ricordato che, dopo la decisione favorevole della Bundesnetzagentur, il gruppo \u00e8 pronto ad avviare tutte le attivit\u00e0 necessarie per l&#8217;esordio operativo nel 2028.<\/p>\n<p>Per il Presidente di Italo Holding, Luca Cordero di Montezemolo, l&#8217;operazione rappresenta \u00abun passo concreto verso un mercato unico dei trasporti\u00bb, evidenziando come l&#8217;ingresso di Italo in Germania possa favorire maggiore concorrenza, servizi migliori e prezzi pi\u00f9 competitivi per i viaggiatori.<\/p>\n<p>Soddisfazione \u00e8 stata espressa anche dal CEO di Siemens Mobility, Michael Peter, che ha definito l&#8217;accordo \u00abun progetto di riferimento\u00bb e un&#8217;importante conferma della fiducia riposta nella piattaforma Velaro, gi\u00e0 impiegata con successo in numerosi Paesi.<\/p>\n<p>L&#8217;espansione internazionale sar\u00e0 gestita attraverso Italo International, societ\u00e0 interamente controllata da Italo Holding, che possiede le societ\u00e0 tedesche Atrium, responsabile dell&#8217;esercizio ferroviario, e Mainsee, proprietaria della futura flotta destinata ai servizi ad alta velocit\u00e0 in Germania.<\/p>\n<p>Redazione &#8211; 20 luglio 2026<\/p>\n<p class=\"noprint\"><b><a href=\"http:\/\/forum.ferrovie.it\/viewtopic.php?f=3&amp;t=54995\" target=\"_blank\" rel=\"nofollow noopener\">Commenta questa notizia sul forum&#8230;<\/a><\/b><\/p>\n<p><strong>\ud83d\udc49 Iscriviti alla <a href=\"https:\/\/www.ferrovie.it\/portale\/newsletter.php\" target=\"_blank\" rel=\"nofollow noopener\">newsletter quotidiana gratuita di FERROVIE.IT<\/a> per ricevere tutte le mattine le ultime notizie.<\/strong><\/p>\n<p><strong>\ud83d\udc49 Unisciti al nostro <a href=\"https:\/\/www.whatsapp.com\/channel\/0029VaCB3KuKbYMRSvJ8de0E\" target=\"_blank\" rel=\"nofollow noopener\">canale WhatsApp<\/a> per aggiornamenti in tempo reale.<\/strong><\/p>\n<p><img decoding=\"async\" src=\"https:\/\/www.europesays.com\/it\/wp-content\/uploads\/2026\/04\/171.jpeg\" alt=\"Composizioni ferroviarie anni '90\" title=\"Composizioni ferroviarie anni '90\" style=\"cursor: pointer;\" onclick=\"window.open('https:\/\/www.ferrovie.it\/portale\/bc.php?b=171','_blank');\"\/><\/p>\n","protected":false},"excerpt":{"rendered":"da News ferroviarie del 20 luglio 2026di Redazione MONACO DI BAVIERA (Germania) &#8211; Italo Holding compie un passo&hellip;\n","protected":false},"author":3,"featured_media":594825,"comment_status":"","ping_status":"","sticky":false,"template":"","format":"standard","meta":{"footnotes":"","_share_on_mastodon":"0"},"categories":[172],"tags":[178,40949,40953,177,40951,40952,17802,39028,29149,1537,90,21870,89,7803,40947,40948,40950,40946,40954,17650,14019],"class_list":["post-594824","post","type-post","status-publish","format-standard","has-post-thumbnail","category-affari","tag-affari","tag-arenaways","tag-bahn","tag-business","tag-db","tag-deutsche-bahn","tag-ferrovia","tag-ferroviario","tag-ferrovie","tag-it","tag-italia","tag-italo","tag-italy","tag-modellismo","tag-ntv","tag-nuovo-trasporto-viaggiatori","tag-obb","tag-orario-treni","tag-railway","tag-treni","tag-treno"],"share_on_mastodon":{"url":"https:\/\/pubeurope.com\/@it\/116956024572429460","error":""},"_links":{"self":[{"href":"https:\/\/www.europesays.com\/it\/wp-json\/wp\/v2\/posts\/594824","targetHints":{"allow":["GET"]}}],"collection":[{"href":"https:\/\/www.europesays.com\/it\/wp-json\/wp\/v2\/posts"}],"about":[{"href":"https:\/\/www.europesays.com\/it\/wp-json\/wp\/v2\/types\/post"}],"author":[{"embeddable":true,"href":"https:\/\/www.europesays.com\/it\/wp-json\/wp\/v2\/users\/3"}],"replies":[{"embeddable":true,"href":"https:\/\/www.europesays.com\/it\/wp-json\/wp\/v2\/comments?post=594824"}],"version-history":[{"count":0,"href":"https:\/\/www.europesays.com\/it\/wp-json\/wp\/v2\/posts\/594824\/revisions"}],"wp:featuredmedia":[{"embeddable":true,"href":"https:\/\/www.europesays.com\/it\/wp-json\/wp\/v2\/media\/594825"}],"wp:attachment":[{"href":"https:\/\/www.europesays.com\/it\/wp-json\/wp\/v2\/media?parent=594824"}],"wp:term":[{"taxonomy":"category","embeddable":true,"href":"https:\/\/www.europesays.com\/it\/wp-json\/wp\/v2\/categories?post=594824"},{"taxonomy":"post_tag","embeddable":true,"href":"https:\/\/www.europesays.com\/it\/wp-json\/wp\/v2\/tags?post=594824"}],"curies":[{"name":"wp","href":"https:\/\/api.w.org\/{rel}","templated":true}]}}