{"id":594832,"date":"2026-07-21T04:28:16","date_gmt":"2026-07-21T04:28:16","guid":{"rendered":"https:\/\/www.europesays.com\/it\/594832\/"},"modified":"2026-07-21T04:28:16","modified_gmt":"2026-07-21T04:28:16","slug":"lapu-completa-il-roster-con-un-ex-nba-ecco-denzel-valentine","status":"publish","type":"post","link":"https:\/\/www.europesays.com\/it\/594832\/","title":{"rendered":"L&#8217;Apu completa il roster con un ex Nba: ecco Denzel Valentine"},"content":{"rendered":"<p>La ciliegina sulla torta \u00e8 arrivata. L&#8217;Apu ha comunicato l&#8217;ingaggio di Denzel Valentine, guardia tiratrice di 196 centimetri nato a Lansing, Michigan, nel 1993. La societ\u00e0 bianconera ha cercato a lungo il tassello mancante della squadra, trovando in Valentine il profilo ritenuto pi\u00f9 adatto in un mercato, quello degli americani, non facile: molti Usa di livello, infatti, preferiscono accasarsi in squadre che disputano anche le coppe europee. Ora il roster \u00e8 davvero completo: la guardia del Michigan si aggiunge ai nuovi stranieri, McGlynn, Battle, \u0160i\u0161ko e ai due confermati, Bendzius e Spencer. Gli italiani, invece, saranno Calzavara, Bucarelli, Cavallero e Mobio. Alibegovic, con tutta probabilit\u00e0, \u00e8 destinato a lasciare il club.<\/p>\n<p>Sette stagioni Nba e uno scudetto<\/p>\n<p>\u201cTiratore affidabile sia sugli scarichi sia dal palleggio \u2014 scrive di lui l&#8217;Apu \u2014 \u00e8 al tempo stesso un eccellente creatore di gioco, capace di leggere ogni situazione offensiva e mettere costantemente nelle migliori condizioni i propri compagni. Alla qualit\u00e0 realizzativa abbina una visione di gioco fuori dal comune, versatilit\u00e0 tattica e la capacit\u00e0 di ricoprire pi\u00f9 ruoli sul perimetro, qualit\u00e0 che lo hanno reso protagonista in ogni tappa della sua carriera\u201d. Dopo una brillante carriera collegiale alla Michigan State University, in cui chiude l&#8217;ultimo anno con oltre 19 punti di media, viene scelto con la 14\u00aa scelta assoluta dai Chicago Bulls nel draft 2016. Nella migliore lega del mondo Valentine gioca sette stagioni, indossando anche la casacca dei Cleveland Cavaliers e degli Utah Jazz, prima di scendere in G-League e approdare in Australia con i Sydney Kings. L&#8217;arrivo nel basket europeo \u00e8 nel 2024, all&#8217;Armani Milano. Con i meneghini vince lo scudetto, e l&#8217;anno successivo, alla Pallacanestro Trieste, si conferma tra i migliori tiratori del campionato, con oltre 15 punti di media e il 40 per cento da tre punti. La scorsa stagione, infine, ha giocato nella Reyer Venezia, raggiungendo la sua seconda finale scudetto.<\/p>\n<p>Conti: \u201cLa sua carriera parla da sola\u201d<\/p>\n<p>\u201cSiamo estremamente felici di aver portato a Udine un giocatore del calibro di Denzel Valentine \u2014 ha commentato il general manager dell&#8217;Apu, Andrea Conti \u2014 la sua carriera parla da sola: sette stagioni in Nba dopo essere stato scelto al primo turno del Draft raccontano il valore assoluto del giocatore e della persona che entra oggi a far parte della famiglia Apu. Cercavamo un atleta capace di alzare ulteriormente il livello della squadra e Denzel possiede esattamente le caratteristiche che volevamo: leadership, intelligenza cestistica, qualit\u00e0 tecniche e una mentalit\u00e0 vincente. \u00c8 un giocatore che sa segnare, creare per i compagni, leggere ogni situazione di gioco e rendere migliore tutto il gruppo. I confronti avuti insieme a coach Vertemati ci hanno trasmesso fin da subito la sua grande motivazione. Ha scelto con convinzione il nostro progetto perch\u00e9 vuole essere uno dei punti di riferimento della squadra e contribuire alla crescita del club\u201d.\u00a0<\/p>\n<p>Valentine: \u201cSono venuto per vincere\u201d<\/p>\n<p>\u201cHo scelto Udine perch\u00e9 credo che rappresenti il posto giusto per questa fase della mia carriera \u2014 ha detto il diretto interessato, Denzel Valentine \u2014 quando ho giocato qui la scorsa stagione sono rimasto colpito dall\u2019atmosfera del palazzetto, dall\u2019energia dei tifosi e dall\u2019entusiasmo che si respira attorno alla squadra. Ho trovato una societ\u00e0 ambiziosa, un ambiente speciale e un progetto nel quale credo profondamente. Mi aspetto una stagione nella quale saremo competitivi contro chiunque. Abbiamo una squadra di qualit\u00e0 e credo ci siano tutte le condizioni per disputare un ottimo campionato e giocarcela alla pari contro ogni avversario\u201d. Infine, il messaggio ai tifosi bianconeri: \u201cVoglio mettere tutta l\u2019esperienza che ho accumulato nel corso della mia carriera al servizio della squadra. Sono venuto a Udine per vincere, aiutare i miei compagni e regalare soddisfazioni ai nostri tifosi. Ho percepito una citt\u00e0 che vive di basket e un pubblico straordinario per passione ed entusiasmo. Non vedo l\u2019ora di iniziare questa nuova avventura e costruire qualcosa di importante insieme. Sono davvero felice di essere qui: sono sicuro di aver scelto il progetto migliore per continuare a crescere e competere ad alto livello\u201d.\u00a0<\/p>\n<p>\u00a0<\/p>\n","protected":false},"excerpt":{"rendered":"La ciliegina sulla torta \u00e8 arrivata. L&#8217;Apu ha comunicato l&#8217;ingaggio di Denzel Valentine, guardia tiratrice di 196 centimetri&hellip;\n","protected":false},"author":3,"featured_media":594833,"comment_status":"","ping_status":"","sticky":false,"template":"","format":"standard","meta":{"footnotes":"","_share_on_mastodon":"0"},"categories":[1453],"tags":[19426,1756,1757,7183,1537,90,89,9637,245,244],"class_list":["post-594832","post","type-post","status-publish","format-standard","has-post-thumbnail","category-basket","tag-apu","tag-basket","tag-basketball","tag-ingaggio","tag-it","tag-italia","tag-italy","tag-pallacanestro","tag-sport","tag-sports"],"share_on_mastodon":{"url":"https:\/\/pubeurope.com\/@it\/116956083657607425","error":""},"_links":{"self":[{"href":"https:\/\/www.europesays.com\/it\/wp-json\/wp\/v2\/posts\/594832","targetHints":{"allow":["GET"]}}],"collection":[{"href":"https:\/\/www.europesays.com\/it\/wp-json\/wp\/v2\/posts"}],"about":[{"href":"https:\/\/www.europesays.com\/it\/wp-json\/wp\/v2\/types\/post"}],"author":[{"embeddable":true,"href":"https:\/\/www.europesays.com\/it\/wp-json\/wp\/v2\/users\/3"}],"replies":[{"embeddable":true,"href":"https:\/\/www.europesays.com\/it\/wp-json\/wp\/v2\/comments?post=594832"}],"version-history":[{"count":0,"href":"https:\/\/www.europesays.com\/it\/wp-json\/wp\/v2\/posts\/594832\/revisions"}],"wp:featuredmedia":[{"embeddable":true,"href":"https:\/\/www.europesays.com\/it\/wp-json\/wp\/v2\/media\/594833"}],"wp:attachment":[{"href":"https:\/\/www.europesays.com\/it\/wp-json\/wp\/v2\/media?parent=594832"}],"wp:term":[{"taxonomy":"category","embeddable":true,"href":"https:\/\/www.europesays.com\/it\/wp-json\/wp\/v2\/categories?post=594832"},{"taxonomy":"post_tag","embeddable":true,"href":"https:\/\/www.europesays.com\/it\/wp-json\/wp\/v2\/tags?post=594832"}],"curies":[{"name":"wp","href":"https:\/\/api.w.org\/{rel}","templated":true}]}}