{"id":594861,"date":"2026-07-21T05:03:24","date_gmt":"2026-07-21T05:03:24","guid":{"rendered":"https:\/\/www.europesays.com\/it\/594861\/"},"modified":"2026-07-21T05:03:24","modified_gmt":"2026-07-21T05:03:24","slug":"cagliari-le-prime-indicazioni-dallamichevole-da-fazzini-a-winks-romano-esposito-e-mendy","status":"publish","type":"post","link":"https:\/\/www.europesays.com\/it\/594861\/","title":{"rendered":"Cagliari, le prime indicazioni dall&#8217;amichevole: da Fazzini a Winks, Romano, Esposito e Mendy"},"content":{"rendered":"<p>\nIl <strong>Cagliari<\/strong> apre la nuova stagione con un test positivo in famiglia: 12-1 alla formazione Primavera. Pisacane riparte dal 4-3-3. Winks davanti alla difesa nel primo tempo, <strong>Romano<\/strong> e <strong>Fazzini<\/strong> mezz&#8217;ali nella ripresa.\n<\/p>\n<p>\nCagliari News 24 scrive: &#8220;Buoni segnali da <strong>Sebastiano Esposito<\/strong>, che ha mostrato spunti interessanti e una condizione fisica positiva. L\u2019attaccante ha colpito una traversa nel secondo tempo e poi ha trovato la rete, confermando di essere gi\u00e0 dentro il lavoro della squadra&#8221;. Su Romano: &#8220;Il centrocampista \u00e8 apparso gi\u00e0 ben calato nel progetto di <strong>Pisacane<\/strong>, con movimenti da mezzala e inserimenti continui in avanti. La doppietta realizzata nel secondo tempo racconta bene le sue caratteristiche da incursore. <strong>Romano<\/strong> ha attaccato bene gli spazi, si \u00e8 fatto trovare pronto in zona gol e ha dato segnali importanti in entrambe le fasi. Un profilo che pu\u00f2 diventare prezioso nel lavoro del tecnico rossobl\u00f9&#8221;. E poi: &#8220;Molto bene anche <strong>Fazzini<\/strong>, autore di un bel gol con un tiro a giro dalla sinistra. Oltre alla rete, il giocatore ha mostrato buone letture tattiche e alcune giocate interessanti nella gestione del pallone&#8221;. Su <strong>Winks<\/strong>: &#8220;Ha dato ordine alla manovra, smistando diversi palloni con pulizia e continuit\u00e0. L\u2019inglese ha confermato buone qualit\u00e0 nella gestione dei tempi, restando sempre dentro il gioco e offrendo soluzioni ai compagni&#8221;.\n<\/p>\n<p>        <img src=\"https:\/\/www.europesays.com\/it\/wp-content\/uploads\/2026\/07\/351da6796445321ae2b574cd3719f3ed-300x167.jpg\"   width=\"717\" height=\"400\" alt=\"Esposito\" title=\"Esposito\" loading=\"eager\" fetchpriority=\"high\" decoding=\"sync\" class=\"w-full h-auto aspect-3\/2 object-cover object-top rounded-lg\"\/><\/p>\n<p>\nIl giovane attaccante del Cagliari, <strong>Paul Mendy<\/strong>, ha dichiarato a Centotrentuno.com: &#8220;Abbiamo iniziato a lavorare bene, restando compatti come squadra. Il mister e i giocatori pi\u00f9 esperti stanno dando una grande mano ai compagni pi\u00f9 giovani, aiutando a crescere. Stiamo lavorando con impegno per farci trovare pronti in vista del prossimo campionato. <strong>Obiettivi?<\/strong> In questa stagione voglio segnare tanti gol e aiutare la squadra a raggiungere i suoi obiettivi. Spero di realizzare tante reti. Sotto l\u2019aspetto tecnico sto lavorando tanto con il mister, che mi sta aiutando molto in questo percorso. So che devo ancora migliorare e continuer\u00f2 a lavorare duramente per crescere. Preferenza da centravanti? Mi piace molto Belotti, mi ha aiutato tanto e anche nella scorsa stagione \u00e8 stato importante per la mia crescita, dandomi una grande mano&#8221;.\n<\/p>\n<p class=\"wp-block-paragraph\">Gol: 22\u2032 Di Paolo, 37\u2032 Felici, 41\u2032 Cardu (Cag u20), 43\u2032 Felici, 48\u2032 Mendy, 50\u2032 Fazzini, 52\u2032 Kingstone, 61\u2032 Kingstone, 75\u2032 Cavuoti, 81\u2032 Esposito, 83\u2032 Romano, 86\u2032 Prati, 91\u2032 Romano.<\/p>\n<p class=\"wp-block-paragraph\">Formazione primo tempo (4-3-3): Caprile; Ze Pedro, Deiola, Rodriguez, Obert; Akarakiri, Winks, Adopo; Di Paolo, Mendy, Felici.<\/p>\n<p class=\"wp-block-paragraph\">Formazione secondo tempo (4-3-3): Sherri; Zappa, Pintus, Wieteska, Grandu; Romano, Prati, Fazzini; Albarracin, Kingstone, Esposito. <\/p>\n","protected":false},"excerpt":{"rendered":"Il Cagliari apre la nuova stagione con un test positivo in famiglia: 12-1 alla formazione Primavera. Pisacane riparte&hellip;\n","protected":false},"author":3,"featured_media":594862,"comment_status":"","ping_status":"","sticky":false,"template":"","format":"standard","meta":{"footnotes":"","_share_on_mastodon":"0"},"categories":[176],"tags":[75803,562,17512,6300,4021,3081,1277,7171,8243,7886,1974,2615,1976,42841,1537,90,89,327869,6087,3776,962,53714,24450,26059,854,652,80903,68118,138061,2518,10997,327870,11753,245,244,1857,577,319654],"class_list":["post-594861","post","type-post","status-publish","format-standard","has-post-thumbnail","category-sport","tag-aiutando","tag-attaccante","tag-buone","tag-cagliari","tag-compagni","tag-crescere","tag-dato","tag-esposito","tag-fazzini","tag-felici","tag-formazione","tag-gestione","tag-gol","tag-interessanti","tag-it","tag-italia","tag-italy","tag-kingstone","tag-lavorando","tag-lavorare","tag-mano","tag-mendy","tag-mister","tag-mostrato","tag-obiettivi","tag-paolo","tag-pisacane","tag-prati","tag-restando","tag-rete","tag-romano","tag-romano-prati","tag-segnali","tag-sport","tag-sports","tag-squadra","tag-stagione","tag-winks"],"share_on_mastodon":{"url":"https:\/\/pubeurope.com\/@it\/116956221704631517","error":""},"_links":{"self":[{"href":"https:\/\/www.europesays.com\/it\/wp-json\/wp\/v2\/posts\/594861","targetHints":{"allow":["GET"]}}],"collection":[{"href":"https:\/\/www.europesays.com\/it\/wp-json\/wp\/v2\/posts"}],"about":[{"href":"https:\/\/www.europesays.com\/it\/wp-json\/wp\/v2\/types\/post"}],"author":[{"embeddable":true,"href":"https:\/\/www.europesays.com\/it\/wp-json\/wp\/v2\/users\/3"}],"replies":[{"embeddable":true,"href":"https:\/\/www.europesays.com\/it\/wp-json\/wp\/v2\/comments?post=594861"}],"version-history":[{"count":0,"href":"https:\/\/www.europesays.com\/it\/wp-json\/wp\/v2\/posts\/594861\/revisions"}],"wp:featuredmedia":[{"embeddable":true,"href":"https:\/\/www.europesays.com\/it\/wp-json\/wp\/v2\/media\/594862"}],"wp:attachment":[{"href":"https:\/\/www.europesays.com\/it\/wp-json\/wp\/v2\/media?parent=594861"}],"wp:term":[{"taxonomy":"category","embeddable":true,"href":"https:\/\/www.europesays.com\/it\/wp-json\/wp\/v2\/categories?post=594861"},{"taxonomy":"post_tag","embeddable":true,"href":"https:\/\/www.europesays.com\/it\/wp-json\/wp\/v2\/tags?post=594861"}],"curies":[{"name":"wp","href":"https:\/\/api.w.org\/{rel}","templated":true}]}}