{"id":595024,"date":"2026-07-21T08:07:19","date_gmt":"2026-07-21T08:07:19","guid":{"rendered":"https:\/\/www.europesays.com\/it\/595024\/"},"modified":"2026-07-21T08:07:19","modified_gmt":"2026-07-21T08:07:19","slug":"belen-rodriguez-vacanza-serena-con-la-famiglia-ad-albarella","status":"publish","type":"post","link":"https:\/\/www.europesays.com\/it\/595024\/","title":{"rendered":"Belen Rodriguez, vacanza serena con la famiglia ad Albarella"},"content":{"rendered":"<p>                        <img loading=\"lazy\" decoding=\"async\" src=\"https:\/\/www.europesays.com\/it\/wp-content\/uploads\/2026\/07\/231d54539099dd46c20959b77f291181.jpg\" alt=\"Belen e la villa di Albarella\" class=\"articlePreview__img\"\/><\/p>\n<p class=\"article__imageInfoText\">\n                      Belen e la villa di Albarella\n                    <\/p>\n<p>\n                          Belen Rodriguez si concede una vacanza rilassante, dopo gli ultimi mesi movimentati e turbolenti. E lo fa nel suo rifugio per eccellenza, l\u2019esclusiva isola di Albarella nel Delta del Po, Rovigo. Con lei c\u2019\u00e8 tutta la famiglia. \u2013 <strong><a style=\"color: #ff0000;\" href=\"https:\/\/www.oggi.it\/people\/gallery\/belen-rodriguez-e-cecilia-guarda-quanto-somiglia-a-mamma-veronica-tutte-le-foto-private\/\" target=\"_blank\" rel=\"noopener nofollow\">foto<\/a><\/strong> | <strong><a href=\"https:\/\/www.oggi.it\/video\/people\/celebs\/2026\/06\/09\/belen-rodriguez-la-fuga-in-famiglia-dopo-il-ricovero\/\" target=\"_blank\" rel=\"noopener nofollow\">video<\/a><\/strong>\n                        <\/p>\n<p>\n                          <a href=\"https:\/\/www.oggi.it\/people\/gossip\/2026\/06\/11\/belen-rodriguez-dopo-la-paura-ritrova-il-sorriso-accanto-a-gaetano-fidanzati-le-foto-su-oggi\/\" target=\"_blank\" rel=\"noopener nofollow\">Belen Rodriguez dopo la paura ritrova il sorriso accanto a Gaetano Fidanzati: le foto su Oggi &#8211;\u00a0<strong>leggi<\/strong><\/a>\n                        <\/p>\n<p>                                                  Family firstLa showgirl ha voluto condividere con i follower i momenti di quotidianit\u00e0 spensierata che sta passando accanto ai genitori Gustavo Rodriguez e Veronica Cozzani, al fratello Jeremias, alla sorella Cecilia e al cognato Ignazio Moser. Oltre, ovviamente, ai bambini. Ha cos\u00ec postato un carosello di fotografie sul proprio profilo accompagnato da un commento su quali siano le sue priorit\u00e0 nella vita: \u00abFamily first\u00bb.<\/p>\n<p>\n                          <a href=\"https:\/\/www.oggi.it\/people\/celebs\/2026\/06\/09\/isola-dei-famosi-selvaggia-lucarelli-su-belen-spero-stia-bene-bisogna-maneggiare-questi-argomenti-con-piu-cura\/\" target=\"_blank\" rel=\"noopener nofollow\">Isola dei Famosi, Selvaggia Lucarelli su Belen: \u00abSpero stia bene. Bisogna maneggiare questi argomenti con pi\u00f9 cura\u00bb &#8211;<strong>\u00a0leggi<\/strong><\/a>\n                        <\/p>\n<p>                        Belen e la scelta di AlbarellaAd Albarella Belen era stata anche dopo la nascita della figlia avuta da Antonino Spinalbese. \u00c8 un luogo che le trasmette serenit\u00e0 e dove ci si sposta o in bicicletta o con le golf car: la sua \u00e8 biancazzurra, come i colori dell\u2019Argentina. L\u2019isola privata, dove per accedere bisogna essere provvisti di un apposito pass, la privacy \u00e8 assicurata. Ma non solo quella: la villa familiare in cui trascorre la vacanza \u00e8 dotata di piscina, sala da pranzo all\u2019aperto e barbecue per le grigliate.<\/p>\n","protected":false},"excerpt":{"rendered":"Belen e la villa di Albarella Belen Rodriguez si concede una vacanza rilassante, dopo gli ultimi mesi movimentati&hellip;\n","protected":false},"author":3,"featured_media":595025,"comment_status":"","ping_status":"","sticky":false,"template":"","format":"standard","meta":{"footnotes":"","_share_on_mastodon":"0"},"categories":[1451],"tags":[5781,58222,17945,1764,3439,37363,325906,325907,1621,1620,16291,325908,7309,203,6038,328011,1909,41798,204,10714,1537,90,89,32898,2100],"class_list":["post-595024","post","type-post","status-publish","format-standard","has-post-thumbnail","category-celebrita","tag-accanto","tag-albarella","tag-belen","tag-belen-rodriguez","tag-bisogna","tag-cecilia","tag-cecilia-cognato","tag-cecilia-cognato-ignazio","tag-celebrita","tag-celebrities","tag-cognato","tag-cognato-ignazio","tag-eccellenza","tag-entertainment","tag-esclusiva","tag-esclusiva-isola","tag-famiglia","tag-family","tag-intrattenimento","tag-isola","tag-it","tag-italia","tag-italy","tag-rodriguez","tag-vacanza"],"share_on_mastodon":{"url":"https:\/\/pubeurope.com\/@it\/116956945508032482","error":""},"_links":{"self":[{"href":"https:\/\/www.europesays.com\/it\/wp-json\/wp\/v2\/posts\/595024","targetHints":{"allow":["GET"]}}],"collection":[{"href":"https:\/\/www.europesays.com\/it\/wp-json\/wp\/v2\/posts"}],"about":[{"href":"https:\/\/www.europesays.com\/it\/wp-json\/wp\/v2\/types\/post"}],"author":[{"embeddable":true,"href":"https:\/\/www.europesays.com\/it\/wp-json\/wp\/v2\/users\/3"}],"replies":[{"embeddable":true,"href":"https:\/\/www.europesays.com\/it\/wp-json\/wp\/v2\/comments?post=595024"}],"version-history":[{"count":0,"href":"https:\/\/www.europesays.com\/it\/wp-json\/wp\/v2\/posts\/595024\/revisions"}],"wp:featuredmedia":[{"embeddable":true,"href":"https:\/\/www.europesays.com\/it\/wp-json\/wp\/v2\/media\/595025"}],"wp:attachment":[{"href":"https:\/\/www.europesays.com\/it\/wp-json\/wp\/v2\/media?parent=595024"}],"wp:term":[{"taxonomy":"category","embeddable":true,"href":"https:\/\/www.europesays.com\/it\/wp-json\/wp\/v2\/categories?post=595024"},{"taxonomy":"post_tag","embeddable":true,"href":"https:\/\/www.europesays.com\/it\/wp-json\/wp\/v2\/tags?post=595024"}],"curies":[{"name":"wp","href":"https:\/\/api.w.org\/{rel}","templated":true}]}}