{"id":595082,"date":"2026-07-21T09:00:20","date_gmt":"2026-07-21T09:00:20","guid":{"rendered":"https:\/\/www.europesays.com\/it\/595082\/"},"modified":"2026-07-21T09:00:20","modified_gmt":"2026-07-21T09:00:20","slug":"pronti-partenza-va-via-toro-news","status":"publish","type":"post","link":"https:\/\/www.europesays.com\/it\/595082\/","title":{"rendered":"Pronti, partenza, (va) via? &#8211; Toro News"},"content":{"rendered":"<p>\nPronti, partenza, via! \u00c8 cominciata con la prima amichevole la stagione agonistica del Torino. Poca roba dal punto di vista pratico, poco pi\u00f9 di una sgambata coi dilettanti dei Pinzolo Valrendena, utile dopo la prima settimana di ritiro a incominciare a mettere &#8220;nero su bianco&#8221;, sul rettangolo verde, i principi di gioco che Abate vuole vedere dai suoi ragazzi. L&#8217;entusiasmo del tecnico \u00e8 palpabile, la sua voglia e la sua energia contagiose e stimolanti: non si risparmia in niente il giovane tecnico ex Juve Stabia, sfrutta ogni secondo in campo ed ogni minuto del giorno col suo staff per provare a costruire una squadra che possa giocarsela con tutti.\n<\/p>\n<p>        <img src=\"https:\/\/www.europesays.com\/it\/wp-content\/uploads\/2026\/07\/NUOVE-RUBRICHE-TORONEWS-41-dc2818cefb27-1200x675.png\"   width=\"1920\" height=\"1080\" alt=\"NUOVE RUBRICHE TORONEWS (41)\" title=\"NUOVE RUBRICHE TORONEWS (41)\" loading=\"eager\" fetchpriority=\"high\" decoding=\"sync\" class=\"w-full h-auto aspect-3\/2 object-cover object-top rounded-lg\"\/><\/p>\n<p>\nBastasse questo forse potremmo davvero cullare sogni di gloria perch\u00e9 ci sarebbero i prodromi per una grande stagione. Invece ci sono dei piccoli dettagli, tipo il mercato, che al momento smorzano un po&#8217; di questi voli pindarici e ci riportano coi piedi per terra. Dicevamo pronti, partenza, via, ma siamo sicuri di essere pronti? Del famoso portiere titolare, priorit\u00e0 assoluta, ancora non se ne vede l&#8217;ombra con i vari Gill, Perri, Falcone e Ravaglia che, per un motivo o per l&#8217;altro, sono ben lontani dal vestire il granata. Anche i due difensori, imprescindibili a quanto detto da Petrachi, non sono ancora stati presi: di nomi se ne fanno, ma la realt\u00e0 dice che a Pinzolo Abate sta lavorando coi soliti (Ismaili, Coco) e con un bel manipolo di giovani da Della Valle a Pellini, da Carrascosa a Dembel\u00e8.\n<\/p>\n<p>\n<strong>LEGGI ANCHE:<\/strong> <a style=\"color: #800000;\" href=\"https:\/\/www.toronews.net\/columnist\/il-granata-della-porta-accanto\/il-remake-di-petrachi-la-sfrontatezza-di-abate-e-il-convitato-di-pietra-che-spegne-ogni-entusiasmo\/\" rel=\"nofollow noopener\" target=\"_blank\">Il remake di Petrachi, la sfrontatezza di Abate e il convitato di pietra che spegne ogni entusiasmo<\/a>\n<\/p>\n<p>\nIl centrocampo \u00e8 il reparto pi\u00f9 folto con tanti elementi per teorici soli due posti, ma, ad oggi, \u00e8 pi\u00f9 di un rebus capire chi potranno essere i due titolari, visto che a turno ogni giorno si legge di qualcuno su cui Abate punterebbe (Gineitis, Casadei, addirittura Ilic) ma poi la sorpresa vera pare essere il pi\u00f9 giovane di tutti e cio\u00e8 Andrea Luongo, classe 2008.&#13;<br \/>C&#8217;\u00e8 poi la questione tifoseria. Tralasciando l&#8217;assurdo divieto per i residenti in Piemonte di poter assistere ad un&#8217;amichevole con una squadra di Prima Categoria, roba che solo in Italia pu\u00f2 succedere all&#8217;insegna del classico motto &#8220;forti con i deboli, deboli con i forti&#8221;, si prospetta un ritorno allo stadio per i gruppi organizzati pur nel solco di una contestazione ad oltranza, giusta e sacrosanta, verso la propriet\u00e0.\n<\/p>\n<p>\nCome ho detto la scorsa settimana trovo che quel poco di entusiasmo che il progetto Abate, il ritorno di Gazzi come team manager e la voglia di puntare sui giovani sta portando all&#8217;ambiente sia fortemente inquinato dall&#8217;ormai insostenibile presenza di Urbano Cairo.  E se per la prima volta la narrazione dell&#8217;editore alessandrino \u00e8 parzialmente cambiata affermando che in effetti ci sono interessamenti di terzi verso la societ\u00e0 e non c&#8217;\u00e8 un rifiuto a priori ad ascoltare offerte da parte di soggetti concretamente decisi a comprare il Toro, la domanda allora dovrebbe essere: pronti, partenza, va via? La stagione \u00e8 cominciata ma la vera svolta, in campo e fuori, non potr\u00e0 che passare per le vicende societarie. Con buona pace dell&#8217;energia di Abate che potr\u00e0 essere davvero apprezzata solo quando l&#8217;ambiente granata vivr\u00e0 un nuovo, vero, inizio. Senza Cairo.\n<\/p>\n<p>\nALESSANDRO COSTANTINO &#8211; Da tempo opinionista di Toro News, do voce al tifoso della porta accanto che c\u2019\u00e8 in ognuno di noi. Laureato in Economia, scrivere \u00e8 sempre stata la mia passione anche se non \u00e8 mai diventato il mio lavoro. Tifoso del Toro fino al midollo, ottimista ad oltranza, nella vita meglio un tackle di un colpo di tacco. Motto: non \u00e8 finita finch\u00e9 non \u00e8 finita.<\/p>\n","protected":false},"excerpt":{"rendered":"Pronti, partenza, via! \u00c8 cominciata con la prima amichevole la stagione agonistica del Torino. Poca roba dal punto&hellip;\n","protected":false},"author":3,"featured_media":595083,"comment_status":"","ping_status":"","sticky":false,"template":"","format":"standard","meta":{"footnotes":"","_share_on_mastodon":"0"},"categories":[1452],"tags":[63862,5781,2535,314406,4924,4712,7775,721,921,21106,103376,1278,37886,3566,9656,846,1740,435,229,1598,5197,1537,90,89,8174,98680,7255,116505,11928,98,26346,8014,3237,328032,3675,62471,989,1739,245,244,1857,577,3375,13636,5517,2475],"class_list":["post-595082","post","type-post","status-publish","format-standard","has-post-thumbnail","category-calcio","tag-abate","tag-accanto","tag-alessandro","tag-alessandro-costantino","tag-ambiente","tag-amichevole","tag-cairo","tag-calcio","tag-campo","tag-cominciata","tag-costantino","tag-davvero","tag-deboli","tag-energia","tag-entusiasmo","tag-finita","tag-football","tag-forti","tag-giovane","tag-giovani","tag-granata","tag-it","tag-italia","tag-italy","tag-motto","tag-oltranza","tag-partenza","tag-petrachi","tag-pinzolo","tag-porta","tag-porta-accanto","tag-potra","tag-pronti","tag-pronti-partenza","tag-ritorno","tag-roba","tag-settimana","tag-soccer","tag-sport","tag-sports","tag-squadra","tag-stagione","tag-tecnico","tag-tifoso","tag-toro","tag-vera"],"share_on_mastodon":{"url":"https:\/\/pubeurope.com\/@it\/116957154001257742","error":""},"_links":{"self":[{"href":"https:\/\/www.europesays.com\/it\/wp-json\/wp\/v2\/posts\/595082","targetHints":{"allow":["GET"]}}],"collection":[{"href":"https:\/\/www.europesays.com\/it\/wp-json\/wp\/v2\/posts"}],"about":[{"href":"https:\/\/www.europesays.com\/it\/wp-json\/wp\/v2\/types\/post"}],"author":[{"embeddable":true,"href":"https:\/\/www.europesays.com\/it\/wp-json\/wp\/v2\/users\/3"}],"replies":[{"embeddable":true,"href":"https:\/\/www.europesays.com\/it\/wp-json\/wp\/v2\/comments?post=595082"}],"version-history":[{"count":0,"href":"https:\/\/www.europesays.com\/it\/wp-json\/wp\/v2\/posts\/595082\/revisions"}],"wp:featuredmedia":[{"embeddable":true,"href":"https:\/\/www.europesays.com\/it\/wp-json\/wp\/v2\/media\/595083"}],"wp:attachment":[{"href":"https:\/\/www.europesays.com\/it\/wp-json\/wp\/v2\/media?parent=595082"}],"wp:term":[{"taxonomy":"category","embeddable":true,"href":"https:\/\/www.europesays.com\/it\/wp-json\/wp\/v2\/categories?post=595082"},{"taxonomy":"post_tag","embeddable":true,"href":"https:\/\/www.europesays.com\/it\/wp-json\/wp\/v2\/tags?post=595082"}],"curies":[{"name":"wp","href":"https:\/\/api.w.org\/{rel}","templated":true}]}}