{"id":595110,"date":"2026-07-21T09:23:14","date_gmt":"2026-07-21T09:23:14","guid":{"rendered":"https:\/\/www.europesays.com\/it\/595110\/"},"modified":"2026-07-21T09:23:14","modified_gmt":"2026-07-21T09:23:14","slug":"morto-amerigo-sarri-padre-di-maurizio-e-ciclista","status":"publish","type":"post","link":"https:\/\/www.europesays.com\/it\/595110\/","title":{"rendered":"Morto Amerigo Sarri, padre di Maurizio e ciclista"},"content":{"rendered":"<p>                                Conquist\u00f2 la Nazionale con una lunga serie di successi giovanili, si ritir\u00f2 dall&#8217;attivit\u00e0 agonistica a 25 anni ma si dedic\u00f2 a lungo alla promozione del ciclismo<\/p>\n<p>                    21 luglio &#8211; 10:26  &#8211; MILANO<\/p>\n<p class=\"paragraph\" spellcheck=\"true\">Amerigo Sarri, storico protagonista del ciclismo toscano e figura di riferimento per il movimento delle due ruote del secondo dopoguerra, \u00e8 morto nella serata di luned\u00ec 20 luglio all&#8217;et\u00e0 di 97 anni. Amerigo era il padre di Maurizio Sarri, allenatore dell&#8217;Atalanta. Nato il 10 novembre 1928 a Figline Valdarno, in provincia di Firenze, Amerigo Sarri si avvicin\u00f2 al ciclismo subito dopo la fine della Seconda guerra mondiale. Nel 1946 inizi\u00f2 a correre nella categoria allievi con la maglia dell&#8217;U.S. Figline Valdarno, conquistando nove successi e mettendo in mostra qualit\u00e0 che lo avrebbero presto indicato come una delle pi\u00f9 interessanti promesse del panorama nazionale. Corridore completo, considerato un passista-scalatore con un buon spunto veloce, Sarri pass\u00f2 tra i dilettanti nel 1947. In sei stagioni raccolse 37 vittorie con diverse formazioni, tra cui G.S. Castellani, U.S. Rifredi, Assi Firenze e soprattutto l&#8217;Aquila Montevarchi, societ\u00e0 con la quale visse gli anni pi\u00f9 importanti della carriera. Con la maglia rossobl\u00f9 conquist\u00f2 oltre cinquanta affermazioni complessive e fu tra i protagonisti del periodo d&#8217;oro del sodalizio montevarchino nei primi anni Cinquanta, insieme ad altri grandi interpreti come Falsini, Bartolozzi e Tognaccini. Le sue prestazioni gli valsero anche due convocazioni nella Nazionale italiana.\u00a0<\/p>\n<p>    la carriera\u2014 \u00a0<\/p>\n<p class=\"paragraph is-inline\" spellcheck=\"true\">Nel 1953 il passaggio nella categoria degli indipendenti non port\u00f2 i risultati sperati. Sarri, appena venticinquenne e ancora nel pieno delle proprie capacit\u00e0 atletiche, decise cos\u00ec di interrompere l&#8217;attivit\u00e0 agonistica e di dedicarsi al lavoro. Da professionista disput\u00f2 soltanto tre gare, tra cui il prestigioso Giro di Lombardia del 1953. L&#8217;addio alle corse, per\u00f2, non signific\u00f2 mai un distacco dal ciclismo. Dopo una lunga esperienza lavorativa in una grande societ\u00e0 milanese, una volta raggiunta la pensione dedic\u00f2 il proprio tempo all&#8217;organizzazione di competizioni per dilettanti, sia a livello regionale sia internazionale, continuando a sostenere e promuovere i valori dello sport. Grande estimatore di Fausto Coppi, Sarri ebbe anche un rapporto di amicizia e stima con Gino Bartali, che durante gli allenamenti faceva spesso tappa a Figline Valdarno. Un legame nato dal rispetto reciproco tra due mondi, quello del grande ciclismo del passato e quello delle comunit\u00e0 che lo avevano vissuto da vicino. Nel 2022 la Sezione Ciclistica dell&#8217;Aquila Montevarchi gli aveva conferito il titolo di socio onorario, insieme a Giancarlo Brocci, fondatore de L&#8217;Eroica, come riconoscimento per il contributo dato alla storia del ciclismo montevarchino e toscano.<\/p>\n<p class=\"is-above-copyright is-mr-r-10\" spellcheck=\"true\">La Gazzetta dello Sport<\/p>\n<p class=\"is-copyright\">\u00a9 RIPRODUZIONE RISERVATA<\/p>\n","protected":false},"excerpt":{"rendered":"Conquist\u00f2 la Nazionale con una lunga serie di successi giovanili, si ritir\u00f2 dall&#8217;attivit\u00e0 agonistica a 25 anni ma&hellip;\n","protected":false},"author":3,"featured_media":595111,"comment_status":"","ping_status":"","sticky":false,"template":"","format":"standard","meta":{"footnotes":"","_share_on_mastodon":"0"},"categories":[1456],"tags":[78226,51738,328049,39552,328050,1498,28559,44101,1902,3080,1824,20386,99622,1825,48040,25400,281089,48545,2266,1537,90,89,1258,2219,16491,151384,328051,300,13788,245,244,9122],"class_list":["post-595110","post","type-post","status-publish","format-standard","has-post-thumbnail","category-ciclismo","tag-agonistica","tag-amerigo","tag-amerigo-sarri","tag-aquila","tag-aquila-montevarchi","tag-attivita","tag-attivita-agonistica","tag-bartali","tag-carriera","tag-categoria","tag-ciclismo","tag-cinquanta","tag-conquisto","tag-cycling","tag-dedico","tag-dilettanti","tag-figline","tag-figline-valdarno","tag-firenze","tag-it","tag-italia","tag-italy","tag-lunga","tag-maglia","tag-maurizio","tag-montevarchi","tag-montevarchino","tag-morto","tag-sarri","tag-sport","tag-sports","tag-valdarno"],"share_on_mastodon":{"url":"https:\/\/pubeurope.com\/@it\/116957243418337439","error":""},"_links":{"self":[{"href":"https:\/\/www.europesays.com\/it\/wp-json\/wp\/v2\/posts\/595110","targetHints":{"allow":["GET"]}}],"collection":[{"href":"https:\/\/www.europesays.com\/it\/wp-json\/wp\/v2\/posts"}],"about":[{"href":"https:\/\/www.europesays.com\/it\/wp-json\/wp\/v2\/types\/post"}],"author":[{"embeddable":true,"href":"https:\/\/www.europesays.com\/it\/wp-json\/wp\/v2\/users\/3"}],"replies":[{"embeddable":true,"href":"https:\/\/www.europesays.com\/it\/wp-json\/wp\/v2\/comments?post=595110"}],"version-history":[{"count":0,"href":"https:\/\/www.europesays.com\/it\/wp-json\/wp\/v2\/posts\/595110\/revisions"}],"wp:featuredmedia":[{"embeddable":true,"href":"https:\/\/www.europesays.com\/it\/wp-json\/wp\/v2\/media\/595111"}],"wp:attachment":[{"href":"https:\/\/www.europesays.com\/it\/wp-json\/wp\/v2\/media?parent=595110"}],"wp:term":[{"taxonomy":"category","embeddable":true,"href":"https:\/\/www.europesays.com\/it\/wp-json\/wp\/v2\/categories?post=595110"},{"taxonomy":"post_tag","embeddable":true,"href":"https:\/\/www.europesays.com\/it\/wp-json\/wp\/v2\/tags?post=595110"}],"curies":[{"name":"wp","href":"https:\/\/api.w.org\/{rel}","templated":true}]}}