{"id":595181,"date":"2026-07-21T10:23:16","date_gmt":"2026-07-21T10:23:16","guid":{"rendered":"https:\/\/www.europesays.com\/it\/595181\/"},"modified":"2026-07-21T10:23:16","modified_gmt":"2026-07-21T10:23:16","slug":"edoardo-leo-e-laura-marafioti-il-matrimonio-sarebbe-finito-dopo-26-anni","status":"publish","type":"post","link":"https:\/\/www.europesays.com\/it\/595181\/","title":{"rendered":"Edoardo Leo e Laura Marafioti, il matrimonio sarebbe finito dopo 26 anni"},"content":{"rendered":"<p class=\"has-dropcap body dropcap\">Per oltre due decenni <a href=\"https:\/\/www.vanityfair.it\/article\/edoardo-leo-intervista-famiglia-figli-lacrime-amore-film\" target=\"_blank\" rel=\"nofollow noopener\"><strong>Edoardo Leo<\/strong><\/a> <strong>e Laura Marafioti<\/strong> hanno rappresentato un&#8217;eccezione nel mondo dello spettacolo: una <strong>storia d&#8217;amore vissuta discretamente lontano dai riflettori<\/strong>, senza interviste di coppia, copertine o racconti social. Ora, secondo quanto riferisce <a data-offer-url=\"https:\/\/www.dagospia.com\/media-tv\/dopo-piu-vent-anni-si-e-concluso-matrimonio-edoardo-leo-laura-marafioti-481091\" class=\"external-link\" data-event-click=\"{&quot;element&quot;:&quot;ExternalLink&quot;,&quot;outgoingURL&quot;:&quot;https:\/\/www.dagospia.com\/media-tv\/dopo-piu-vent-anni-si-e-concluso-matrimonio-edoardo-leo-laura-marafioti-481091&quot;}\" href=\"https:\/\/www.dagospia.com\/media-tv\/dopo-piu-vent-anni-si-e-concluso-matrimonio-edoardo-leo-laura-marafioti-481091\" rel=\"nofollow noopener\" target=\"_blank\">Dagospia<\/a>, il <strong>matrimonio sarebbe arrivato al capolinea<\/strong>.<\/p>\n<p>Una separazione che, stando a Dagospia, sarebbe stata <strong>maturata con serenit\u00e0 e di comune accordo<\/strong>, nel rispetto della famiglia e dei figli Francesco e Anita. Al momento, per\u00f2, <strong>n\u00e9 l&#8217;attore, n\u00e9 la moglie hanno rilasciato dichiarazioni pubbliche<\/strong>, mantenendo il low profile che ha sempre contraddistinto il loro rapporto.<\/p>\n<p><a href=\"https:\/\/www.vanityfair.it\/article\/edoardo-leo-intervista-femminicidi-figli-film-otello-maschilismo\" target=\"_blank\" rel=\"nofollow noopener\">Edoardo Leo<\/a> e Laura Marafioti si sono conosciuti negli anni Novanta, per poi <strong>sposarsi nel 2000<\/strong>, costruendo una relazione durata <strong>oltre vent&#8217;anni<\/strong>. Dal loro matrimonio sono nati i due figli, sempre tenuti lontani dall&#8217;esposizione mediatica.<\/p>\n<p><img decoding=\"async\" alt=\"Laura Marafioti ed Edoardo Leo in uno scatto del 2017.\" loading=\"lazy\" class=\"ResponsiveImageContainer-dkeESL cQPiWi responsive-image__image\"   src=\"https:\/\/www.europesays.com\/it\/wp-content\/uploads\/2026\/07\/GettyImages-656388356.jpg\"\/><\/p>\n<p>Laura Marafioti ed Edoardo Leo in uno scatto del 2017.<\/p>\n<p>Daniele Venturelli\/Getty Images<\/p>\n","protected":false},"excerpt":{"rendered":"Per oltre due decenni Edoardo Leo e Laura Marafioti hanno rappresentato un&#8217;eccezione nel mondo dello spettacolo: una storia&hellip;\n","protected":false},"author":3,"featured_media":595182,"comment_status":"","ping_status":"","sticky":false,"template":"","format":"standard","meta":{"footnotes":"","_share_on_mastodon":"0"},"categories":[1451],"tags":[21247,1621,1620,203,204,1537,90,89,35790,165643],"class_list":["post-595181","post","type-post","status-publish","format-standard","has-post-thumbnail","category-celebrita","tag-amori-delle-star","tag-celebrita","tag-celebrities","tag-entertainment","tag-intrattenimento","tag-it","tag-italia","tag-italy","tag-separazioni","tag-star-che-si-lasciano"],"share_on_mastodon":{"url":"https:\/\/pubeurope.com\/@it\/116957480140021715","error":""},"_links":{"self":[{"href":"https:\/\/www.europesays.com\/it\/wp-json\/wp\/v2\/posts\/595181","targetHints":{"allow":["GET"]}}],"collection":[{"href":"https:\/\/www.europesays.com\/it\/wp-json\/wp\/v2\/posts"}],"about":[{"href":"https:\/\/www.europesays.com\/it\/wp-json\/wp\/v2\/types\/post"}],"author":[{"embeddable":true,"href":"https:\/\/www.europesays.com\/it\/wp-json\/wp\/v2\/users\/3"}],"replies":[{"embeddable":true,"href":"https:\/\/www.europesays.com\/it\/wp-json\/wp\/v2\/comments?post=595181"}],"version-history":[{"count":0,"href":"https:\/\/www.europesays.com\/it\/wp-json\/wp\/v2\/posts\/595181\/revisions"}],"wp:featuredmedia":[{"embeddable":true,"href":"https:\/\/www.europesays.com\/it\/wp-json\/wp\/v2\/media\/595182"}],"wp:attachment":[{"href":"https:\/\/www.europesays.com\/it\/wp-json\/wp\/v2\/media?parent=595181"}],"wp:term":[{"taxonomy":"category","embeddable":true,"href":"https:\/\/www.europesays.com\/it\/wp-json\/wp\/v2\/categories?post=595181"},{"taxonomy":"post_tag","embeddable":true,"href":"https:\/\/www.europesays.com\/it\/wp-json\/wp\/v2\/tags?post=595181"}],"curies":[{"name":"wp","href":"https:\/\/api.w.org\/{rel}","templated":true}]}}