{"id":595897,"date":"2026-07-21T20:11:13","date_gmt":"2026-07-21T20:11:13","guid":{"rendered":"https:\/\/www.europesays.com\/it\/595897\/"},"modified":"2026-07-21T20:11:13","modified_gmt":"2026-07-21T20:11:13","slug":"don-gabriele-sono-cinquanta-la-voce-di-rovigo","status":"publish","type":"post","link":"https:\/\/www.europesays.com\/it\/595897\/","title":{"rendered":"Don Gabriele, sono cinquanta &#8211; La Voce di Rovigo"},"content":{"rendered":"<p><strong>Una vita per gli altri perch\u00e9 il sacerdozio \u00e8 questo: un servizio teso al bene della comunit\u00e0.<\/strong> Don Gabriele Fantinati, originario di Bottrighe, quest\u2019anno, celebra un importante traguardo: cinquant\u2019anni di attivit\u00e0 sacerdotale, tra missioni in Brasile e amministrazione di parrocchie locali. <strong>Adesso, si trova ad Ariano, da nove anni, dopo alcuni anni anche nella parrocchia del Duomo di Rovigo,<\/strong> ma la sua \u00e8 stata una vita piena e intensa, sulle orme prima dell\u2019esempio paterno, poi del messaggio spirituale di don Dante Bellinati, con cui ha trascorso i primi anni da \u201ctirocinante\u201d a servizio della Parrocchia di San Bortolo, dopo aver frequentato il Seminario.<\/p>\n<p>\u201cE\u2019 una lunga storia \u2013 racconta Don Gabriele \u2013<strong> che parte sin dagli anni in cui, da piccolo, facevo il chierichetto in Chiesa a Bottrighe. Un lungo impegno, compiuto volentieri e che di certo rifarei.<\/strong> E\u2019 un dono autentico agli altri, che ho scelto con cura. La mia famiglia, alla notizia, fu felice. Mio padre, in particolare, dapprima insegnante elementare, si dedic\u00f2 molto all\u2019impegno sociale e civile, anche attraverso la politica, nella parrocchia e nel paese. Per lui, una vera missione che mi ha sempre affascinato e che mi \u00e8 rimasta dentro\u201d.<\/p>\n<p>E ancora: \u201cDopo il periodo con don Dante, che considero il mio punto di riferimento, e una volta divenuto sacerdote nel 1976, dopo qualche anno anche nella Parrocchia di Santa Sofia a Lendinara, decisi di dedicarmi all\u2019esperienza missionaria in Brasile. Partii il 21 gennaio 1981.<strong> E&#8217; l\u2019esperienza che ha impresso nella mia vita qualcosa di pi\u00f9. Trascorsi diversi anni in Brasile, in particolare a Cacul\u00e9.<\/strong> Partii quando ancora i telefoni non c\u2019erano e questo cre\u00f2 un po\u2019 di apprensione soprattutto in mia madre che non poteva sentirmi se non attraverso la posta aerea, quando arrivava. Con i telefoni, per risparmiare, facevo uno squillo alla mezzanotte per dire che andava tutto bene. Se qualcosa non fosse andato per il verso giusto, lo avrebbero capito dal suono pi\u00f9 reiterato del telefono. Anche negli anni Novanta e negli anni Duemila tornai in Brasile, tra le ultime volte per sostituire il caro don Giuseppe Mazzocco\u201d.<\/p>\n<p>In Brasile l\u2019impegno era molto, difatti: \u201cSi stava in comunit\u00e0 povere, ma piene di vita, che davano al sacro un valore autentico. Non sono mancati momenti di difficolt\u00e0, come la mancanza d\u2019acqua, ma in tutti quegli anni la vita scorreva pi\u00f9 lenta perch\u00e9 pi\u00f9 serena, pur nel servizio ai malati e agli ultimi. <strong>Sono tanti i ricordi che ho del \u2018sert\u00e3o\u2019 brasiliano e ancora oggi con diverse persone sono rimasto in contatto\u201d.<\/strong><\/p>\n<p><strong>In una raccolta di racconti, intitolata \u201cL\u2019amore \u00e8 pi\u00f9 forte della morte\u201d,<\/strong> don Gabriele presenta aneddoti di vario genere, tra cui quello di una bimba, Jacy, che non poteva andare a scuola per badare al fratellino e che, come bambola, teneva nascosto un mattone.<\/p>\n<p><strong>Il cinquantesimo di Don Gabriele verr\u00e0 festeggiato il 4 ottobre,<\/strong> anche la festa del patrono d\u2019Italia e di Bottrighe, San Francesco d\u2019Assisi, a ottocento anni dalla sua morte. Insieme, verr\u00e0 festeggiato l\u2019attuale parroco di Bottrighe, don Massimo Barison per lo stesso traguardo raggiunto. \u00c8 prevista una Santa Messa alle 11, alla presenza del vescovo Pierantonio Pavanello.<\/p>\n<p>\u201cOggi \u2013 conclude don Gabriele \u2013 c\u2019\u00e8 una crisi di vocazioni, ma io vedo ancora la vocazione all\u2019aiuto nel tanto volontariato che permea le nostre piccole comunit\u00e0. Ed \u00e8 la missione che ho cercato di incarnare anche io, facendo mie le parole di Cristo alla fine del Vangelo di Matteo: il giudizio sar\u00e0 stabilito sulla base del bene che si \u00e8 fatto.<strong> Ed \u00e8 il ruolo che oggi la Chiesa deve avere nelle comunit\u00e0 e in tutto il mondo, per portare solidariet\u00e0 e pace\u201d.<\/strong><\/p>\n","protected":false},"excerpt":{"rendered":"Una vita per gli altri perch\u00e9 il sacerdozio \u00e8 questo: un servizio teso al bene della comunit\u00e0. Don&hellip;\n","protected":false},"author":3,"featured_media":595898,"comment_status":"","ping_status":"","sticky":false,"template":"","format":"standard","meta":{"footnotes":"","_share_on_mastodon":"0"},"categories":[1458],"tags":[11410,328453,328454,1537,90,89,1840,245,244],"class_list":["post-595897","post","type-post","status-publish","format-standard","has-post-thumbnail","category-rugby","tag-adria","tag-bottrighe","tag-don-gabriele-fantinati","tag-it","tag-italia","tag-italy","tag-rugby","tag-sport","tag-sports"],"share_on_mastodon":{"url":"https:\/\/pubeurope.com\/@it\/116959791164524001","error":""},"_links":{"self":[{"href":"https:\/\/www.europesays.com\/it\/wp-json\/wp\/v2\/posts\/595897","targetHints":{"allow":["GET"]}}],"collection":[{"href":"https:\/\/www.europesays.com\/it\/wp-json\/wp\/v2\/posts"}],"about":[{"href":"https:\/\/www.europesays.com\/it\/wp-json\/wp\/v2\/types\/post"}],"author":[{"embeddable":true,"href":"https:\/\/www.europesays.com\/it\/wp-json\/wp\/v2\/users\/3"}],"replies":[{"embeddable":true,"href":"https:\/\/www.europesays.com\/it\/wp-json\/wp\/v2\/comments?post=595897"}],"version-history":[{"count":0,"href":"https:\/\/www.europesays.com\/it\/wp-json\/wp\/v2\/posts\/595897\/revisions"}],"wp:featuredmedia":[{"embeddable":true,"href":"https:\/\/www.europesays.com\/it\/wp-json\/wp\/v2\/media\/595898"}],"wp:attachment":[{"href":"https:\/\/www.europesays.com\/it\/wp-json\/wp\/v2\/media?parent=595897"}],"wp:term":[{"taxonomy":"category","embeddable":true,"href":"https:\/\/www.europesays.com\/it\/wp-json\/wp\/v2\/categories?post=595897"},{"taxonomy":"post_tag","embeddable":true,"href":"https:\/\/www.europesays.com\/it\/wp-json\/wp\/v2\/tags?post=595897"}],"curies":[{"name":"wp","href":"https:\/\/api.w.org\/{rel}","templated":true}]}}