{"id":595906,"date":"2026-07-21T20:19:15","date_gmt":"2026-07-21T20:19:15","guid":{"rendered":"https:\/\/www.europesays.com\/it\/595906\/"},"modified":"2026-07-21T20:19:15","modified_gmt":"2026-07-21T20:19:15","slug":"musei-aperti-fino-a-tardi-a-firenze-tornano-le-visite-serali-alla-galleria-dellaccademia-bargello-e-cappelle-medicee","status":"publish","type":"post","link":"https:\/\/www.europesays.com\/it\/595906\/","title":{"rendered":"Musei aperti fino a tardi a Firenze: tornano le visite serali alla Galleria dell&#8217;Accademia, Bargello e Cappelle Medicee"},"content":{"rendered":"<p>&#13;<br \/>\n      &#13;<br \/>\n&#13;<br \/>\n     &#13;<br \/>\n        &#13;<\/p>\n<p>Pi\u00f9 occasioni per visitare alcuni dei musei pi\u00f9 importanti di Firenze nelle ore serali. Da luglio a novembre il gruppo GAMB \u2013 Galleria dell&#8217;Accademia di Firenze e Musei del Bargello propone un calendario di aperture straordinarie e prolungamenti d&#8217;orario, finanziati dal Piano di Valorizzazione 2026 del Ministero della Cultura, per consentire al pubblico di ammirare le collezioni in fasce orarie insolite.<\/p>\n<p>La Galleria dell&#8217;Accademia di Firenze rester\u00e0 eccezionalmente aperta fino alle 23 nelle serate di marted\u00ec 21 e 28 luglio e marted\u00ec 4 agosto. Nelle stesse date prolungher\u00e0 l&#8217;orario anche il Museo delle Cappelle Medicee, che aggiunger\u00e0 inoltre un&#8217;apertura serale straordinaria luned\u00ec 10 agosto, dalle 19.15 alle 23.<\/p>\n<p>Nel mese di ottobre toccher\u00e0 invece al Museo Nazionale del Bargello, al Complesso di Orsanmichele e al Museo di Palazzo Davanzati, che saranno aperti eccezionalmente nei luned\u00ec 5, 12, 19 e 26 ottobre, dalle 17 alle 21, nonostante la consueta giornata di chiusura.<\/p>\n<p>Il calendario si concluder\u00e0 luned\u00ec 30 novembre, in occasione della Festa della Toscana, quando la Galleria dell&#8217;Accademia, il Museo delle Cappelle Medicee, il Museo Nazionale del Bargello, il Complesso di Orsanmichele e Palazzo Davanzati saranno visitabili dalle 17.15 alle 21.<\/p>\n<p>Sono previste anche alcune modifiche temporanee alla fruizione di Palazzo Davanzati: dal 14 al 17 luglio resteranno chiusi il secondo e il terzo piano per lavori di adeguamento degli impianti, mentre il 21 e 22 luglio non sar\u00e0 visitabile il primo piano. Per gli stessi interventi, il Museo di Casa Martelli rester\u00e0 chiuso fino al 31 dicembre 2026.<\/p>\n<p> &#13;<br \/>\n       &#13;<br \/>\n&#13;<br \/>\n&#13;<br \/>\n  &#13;<br \/>\n  &#13;<br \/>\n&#13;<br \/>\n&#13;<br \/>\n  &#13;<br \/>\n&#13;<br \/>\n        &#13;<br \/>\n        &#13;<br \/>\n               &#13;<br \/>\n      &#13;<br \/>\n      &#13;<br \/>\n                  &#13;<br \/>\n   &#13;<br \/>\n&#13;<br \/>\n &#13;<br \/>\n      &#13;<br \/>\n&#13;<br \/>\n      &#13;<\/p>\n","protected":false},"excerpt":{"rendered":"&#13; &#13; &#13; &#13; &#13; Pi\u00f9 occasioni per visitare alcuni dei musei pi\u00f9 importanti di Firenze nelle ore&hellip;\n","protected":false},"author":3,"featured_media":595907,"comment_status":"","ping_status":"","sticky":false,"template":"","format":"standard","meta":{"footnotes":"","_share_on_mastodon":"0"},"categories":[1446],"tags":[1615,1613,1614,1611,1610,1612,203,626,204,1537,90,89,8399],"class_list":["post-595906","post","type-post","status-publish","format-standard","has-post-thumbnail","category-arte-e-design","tag-arte","tag-arte-e-design","tag-arteedesign","tag-arts","tag-arts-and-design","tag-design","tag-entertainment","tag-eventi","tag-intrattenimento","tag-it","tag-italia","tag-italy","tag-musei"],"share_on_mastodon":{"url":"https:\/\/pubeurope.com\/@it\/116959822644291864","error":""},"_links":{"self":[{"href":"https:\/\/www.europesays.com\/it\/wp-json\/wp\/v2\/posts\/595906","targetHints":{"allow":["GET"]}}],"collection":[{"href":"https:\/\/www.europesays.com\/it\/wp-json\/wp\/v2\/posts"}],"about":[{"href":"https:\/\/www.europesays.com\/it\/wp-json\/wp\/v2\/types\/post"}],"author":[{"embeddable":true,"href":"https:\/\/www.europesays.com\/it\/wp-json\/wp\/v2\/users\/3"}],"replies":[{"embeddable":true,"href":"https:\/\/www.europesays.com\/it\/wp-json\/wp\/v2\/comments?post=595906"}],"version-history":[{"count":0,"href":"https:\/\/www.europesays.com\/it\/wp-json\/wp\/v2\/posts\/595906\/revisions"}],"wp:featuredmedia":[{"embeddable":true,"href":"https:\/\/www.europesays.com\/it\/wp-json\/wp\/v2\/media\/595907"}],"wp:attachment":[{"href":"https:\/\/www.europesays.com\/it\/wp-json\/wp\/v2\/media?parent=595906"}],"wp:term":[{"taxonomy":"category","embeddable":true,"href":"https:\/\/www.europesays.com\/it\/wp-json\/wp\/v2\/categories?post=595906"},{"taxonomy":"post_tag","embeddable":true,"href":"https:\/\/www.europesays.com\/it\/wp-json\/wp\/v2\/tags?post=595906"}],"curies":[{"name":"wp","href":"https:\/\/api.w.org\/{rel}","templated":true}]}}