{"id":596414,"date":"2026-07-22T04:34:28","date_gmt":"2026-07-22T04:34:28","guid":{"rendered":"https:\/\/www.europesays.com\/it\/596414\/"},"modified":"2026-07-22T04:34:28","modified_gmt":"2026-07-22T04:34:28","slug":"il-nuovo-suv-di-lusso-di-mercedes-col-v8-da-603-cv","status":"publish","type":"post","link":"https:\/\/www.europesays.com\/it\/596414\/","title":{"rendered":"Il nuovo SUV di lusso di Mercedes col V8 da 603 CV"},"content":{"rendered":"<p>La <strong>Mercedes-Maybach GLS<\/strong> si rinnova senza snaturarsi. Il SUV di lusso mantiene intatto il suo 4.0 V8 biturbo, che &#8211; grazie a una serie di migliorie &#8211; raggiunge quota 603 CV, mentre si aggiorna a livello estetico e di contenuti per soddisfare i clienti pi\u00f9 esigenti.<\/p>\n<p>A cambiare, infatti, \u00e8 l&#8217;estetica &#8211; ora allineata alle Mercedes pi\u00f9 recenti e, soprattutto, l&#8217;abitacolo. A bordo, la Maybach punta ancora di pi\u00f9 sulla tecnologia e su tanti elementi volti a portare a un livello successivo il comfort. Con un arrivo in concessionaria previsto a fine 2026, scopriamola in anteprima.<\/p>\n<p><a id=\"esterni\"\/>Mercedes-Maybach GLS (2026), gli esterni<\/p>\n<p>L&#8217;aggiornamento estetico evolve il design del SUV senza stravolgerne l&#8217;identit\u00e0. La protagonista assoluta del frontale \u00e8 la nuova calandra specifica <a href=\"https:\/\/it.motor1.com\/maybach\/\" data-inline-widget=\"internal-links\" data-type-id=\"2\" data-params=\"%7B%22alias%22%3A%22maybach%22%7D\" rel=\"nofollow noopener\" target=\"_blank\">Maybach<\/a>, ora incorniciata da un profilo completamente illuminato. Per la prima volta compare anche la <strong>scritta MAYBACH retroilluminata<\/strong> all&#8217;interno della griglia, mentre la tradizionale stella Mercedes sul cofano pu\u00f2 essere illuminata a richiesta.<\/p>\n<p>Cambiano anche i gruppi ottici Digital Light, caratterizzati da dettagli color <strong>Rose Gold<\/strong> e da una nuova firma luminosa che collega visivamente fari e calandra attraverso un elegante pannello nero lucido. Il paraurti anteriore ridisegnato e le prese d&#8217;aria con motivo Maybach cromato rendono il frontale ancora pi\u00f9 imponente.<\/p>\n<p>        <img decoding=\"async\" src=\"https:\/\/www.europesays.com\/it\/wp-content\/uploads\/2025\/07\/16x9-tr.png\" alt=\"Mercedes Maybach GLS 680 (2026)\" width=\"16\" height=\"9\" loading=\"lazy\"\/><\/p>\n<p>Mercedes Maybach GLS 680 (2026)<\/p>\n<p>        <img decoding=\"async\" src=\"https:\/\/www.europesays.com\/it\/wp-content\/uploads\/2025\/07\/16x9-tr.png\" alt=\"Mercedes Maybach GLS 680 (2026)\" width=\"16\" height=\"9\" loading=\"lazy\"\/><\/p>\n<p>Mercedes Maybach GLS 680 (2026), il tre quarti posteriore<\/p>\n<p>        <img decoding=\"async\" src=\"https:\/\/www.europesays.com\/it\/wp-content\/uploads\/2025\/07\/16x9-tr.png\" alt=\"Mercedes Maybach GLS 680 (2026)\" width=\"16\" height=\"9\" loading=\"lazy\"\/><\/p>\n<p>Mercedes Maybach GLS 680 (2026), la griglia illuminata<\/p>\n<p>Foto Di: Mercedes-Benz<\/p>\n<p>Foto Di: Mercedes-Benz<\/p>\n<p>Al posteriore debutta un nuovo portellone con un elemento orizzontale che unisce otticamente i gruppi ottici, impreziositi da motivi tridimensionali a forma di stella incorniciati dal cromo.<\/p>\n<p>Tra le novit\u00e0 figurano anche nuove tinte carrozzeria, come il Dark Petrol, il Manufaktur Patagonia Red Metallic e l&#8217;inedita combinazione bicolore Dark Petrol \/ Verde Silver Metallic.<\/p>\n<p>Le <strong>dimensioni<\/strong> della vettura rimangono sostanzialmente invariate rispetto al modello uscente: il SUV misura circa 5,21 metri di lunghezza, 2,03 metri di larghezza e 1,84 metri di altezza, mantenendo il passo di oltre 3,13 metri che garantisce un abitacolo estremamente spazioso.<\/p>\n<p>Anche i cerchi vengono aggiornati. Di serie sono previsti <strong>nuovi cerchi da 22&#8243;<\/strong> con il classico design a 20 fori, mentre a richiesta sono disponibili i <strong>cerchi forgiati da 23&#8243;<\/strong>.<\/p>\n<p><a id=\"interni\"\/>Mercedes-Maybach GLS (2026), gli interni<\/p>\n<p>L&#8217;abitacolo della <a href=\"https:\/\/it.motor1.com\/mercedes-benz\/classe-gls\/\" data-inline-widget=\"internal-links\" data-type-id=\"1\" data-params=\"%7B%22make_alias%22%3A%22mercedes-benz%22%2C%22alias%22%3A%22classe-gls%22%7D\" rel=\"nofollow noopener\" target=\"_blank\">GLS <\/a>compie un ulteriore passo avanti nel lusso e nella tecnologia. La plancia \u00e8 dominata dal nuovo MBUX Superscreen, costituito da<strong> tre display da 12,3&#8243;<\/strong> racchiusi sotto un&#8217;unica superficie in vetro. La grafica \u00e8 specifica Maybach, con strumenti caratterizzati da tonalit\u00e0 Rose Gold e dettagli dorati.<\/p>\n<p>        <img decoding=\"async\" src=\"https:\/\/www.europesays.com\/it\/wp-content\/uploads\/2025\/07\/16x9-tr.png\" alt=\"Mercedes Maybach GLS 680 (2026)\" width=\"16\" height=\"9\" loading=\"lazy\"\/><\/p>\n<p>Mercedes Maybach GLS 680 (2026), la plancia<\/p>\n<p>Foto di: Mercedes-Benz<\/p>\n<p>Debutta inoltre il nuovo<strong> sistema operativo MB.OS<\/strong>, che introduce un&#8217;esperienza digitale completamente rinnovata. Il sistema sfrutta l&#8217;intelligenza artificiale attraverso il nuovo assistente virtuale MBUX, capace di dialogare in modo naturale grazie all&#8217;integrazione di ChatGPT, Google Gemini e Microsoft Bing Search.\u00a0<\/p>\n<p>        <img decoding=\"async\" src=\"https:\/\/www.europesays.com\/it\/wp-content\/uploads\/2025\/07\/16x9-tr.png\" alt=\"Mercedes Maybach GLS 680 (2026)\" width=\"16\" height=\"9\" loading=\"lazy\"\/><\/p>\n<p>Mercedes Maybach GLS 680 (2026), il bracciolo posteriore<\/p>\n<p>Foto Di: Mercedes-Benz<\/p>\n<p>        <img decoding=\"async\" src=\"https:\/\/www.europesays.com\/it\/wp-content\/uploads\/2025\/07\/16x9-tr.png\" alt=\"Mercedes Maybach GLS 680 (2026)\" width=\"16\" height=\"9\" loading=\"lazy\"\/><\/p>\n<p>Mercedes Maybach GLS 680 (2026), i sedili posteriori<\/p>\n<p>Foto Di: Mercedes-Benz<\/p>\n<p>Il comfort raggiunge livelli ancora superiori grazie a numerose novit\u00e0. I <strong>sedili anteriori<\/strong> presentano un nuovo programma di massaggio con vibrazione integrata nella seduta, mentre i sedili Executive posteriori ricevono una funzione massaggio che interessa anche il supporto per i polpacci.<\/p>\n<p>Nuovi rivestimenti in pelle Nappa Exclusive Beech Brown\/Macchiato Beige e due inedite finiture in legno e tessuto ampliano le possibilit\u00e0 di personalizzazione.<\/p>\n<p>Anche l&#8217;impianto audio Burmester 3D Surround Sound viene aggiornato con <strong>15 altoparlanti<\/strong>, due diffusori posteriori supplementari e un amplificatore da 710 watt, compatibile con Dolby Atmos.<\/p>\n<p>Particolare attenzione \u00e8 stata dedicata anche alla <strong>qualit\u00e0 dell&#8217;aria<\/strong>. Un nuovo sistema di filtraggio multistadio rinnova completamente l&#8217;aria dell&#8217;abitacolo ogni 90 secondi, utilizzando un filtro elettrico capace di ionizzare le particelle pi\u00f9 fini e trattenere polveri e impurit\u00e0.<\/p>\n<p>Il silenzio a bordo viene ulteriormente migliorato grazie a nuovi materiali fonoassorbenti applicati nel vano motore, nel tunnel della trasmissione e nella scocca, riducendo ulteriormente i rumori meccanici, aerodinamici e di rotolamento.<\/p>\n<p><a id=\"motori\"\/>Mercedes-Maybach GLS (2026), i motori<\/p>\n<p>La principale novit\u00e0 tecnica \u00e8 rappresentata dal nuovo motore <strong>V8 biturbo elettrificato M177 Evo<\/strong>.<\/p>\n<p>La potenza sale a<strong> 603 CV<\/strong>, con una coppia massima di circa 850 Nm, valori superiori di 53 CV e oltre 120 Nm rispetto al modello precedente. Il propulsore beneficia inoltre di due nuovi alberi di equilibratura Lanchester che riducono ulteriormente vibrazioni e rumorosit\u00e0.<\/p>\n<p>Il sistema <strong>mild hybrid a 48 Volt<\/strong> di seconda generazione integra uno starter-generator capace di fornire fino a 23 CV aggiuntivi, migliorando la risposta dell&#8217;acceleratore, consentendo il veleggiamento, il recupero dell&#8217;energia e una gestione ancora pi\u00f9 fluida dello Start&amp;Stop.<\/p>\n<p>        <img decoding=\"async\" src=\"https:\/\/www.europesays.com\/it\/wp-content\/uploads\/2025\/07\/16x9-tr.png\" alt=\"Mercedes Maybach GLS 680 (2026)\" width=\"16\" height=\"9\" loading=\"lazy\"\/><\/p>\n<p>Mercedes Maybach GLS 680 (2026)<\/p>\n<p>Foto di: Mercedes-Benz<\/p>\n<p>Anche la dinamica di guida evolve sensibilmente. Lo <strong>sterzo<\/strong> \u00e8 stato completamente ritarato con un rapporto pi\u00f9 diretto, aumentando precisione e agilit\u00e0 senza compromettere il comfort.<\/p>\n<p>Di serie troviamo le sospensioni pneumatiche Airmatic con controllo intelligente degli ammortizzatori, che sfrutta dati condivisi da altri veicoli Mercedes per adattarsi preventivamente alle irregolarit\u00e0 della strada.<\/p>\n<p>A richiesta \u00e8 disponibile il <strong>sistema E-Active Body Control<\/strong>, capace di analizzare le condizioni di marcia fino a 1.000 volte al secondo attraverso oltre 20 sensori e cinque processori dedicati. Il sistema controlla singolarmente ciascuna ruota, limitando rollio, beccheggio e trasferimenti di carico. In <strong>modalit\u00e0 Curve<\/strong>, il SUV si inclina fino a tre gradi verso l&#8217;interno della curva, riducendo sensibilmente le forze laterali percepite dai passeggeri e aumentando ulteriormente il comfort.<\/p>\n<p><a id=\"prezzi\"\/>Mercedes-Maybach GLS (2026), i prezzi<\/p>\n<p>Mercedes non ha ancora comunicato i prezzi ufficiali. Tuttavia, considerando il listino dell&#8217;attuale modello, \u00e8 lecito attendersi cifre superiori ai 220.000 euro per i modelli base. Con le infinite possibilit\u00e0 di personalizzazione non dovrebbe essere difficile avvicinarsi ai 300.000 euro.<\/p>\n<p>                            <a href=\"http:\/\/it.motor1.com\/photos\/929614\/mercedes-maybach-gls-680-2026\/#8550931_mercedes-maybach-gls-680-2026\" class=\"msnt-photo-thumb-gallery-main-photo-box\" itemprop=\"image\" itemscope=\"\" itemtype=\"https:\/\/schema.org\/ImageObject\" data-url=\"\/photos\/929614\/mercedes-maybach-gls-680-2026\/#8550931_mercedes-maybach-gls-680-2026\" data-thumb=\"\" data-caption=\"Mercedes Maybach GLS 680 (2026)\" data-src=\"\" data-sub-html=\"Mercedes Maybach GLS 680 (2026)\" data-entity-id=\"8550931\" data-download-url=\"\" rel=\"nofollow noopener\" target=\"_blank\"><\/p>\n<p>                                    <img decoding=\"async\" src=\"https:\/\/www.europesays.com\/it\/wp-content\/uploads\/2025\/07\/16x9-tr.png\" loading=\"lazy\" alt=\"Mercedes Maybach GLS 680 (2026)\" width=\"16\" height=\"9\"\/><\/p>\n<p>                            <\/a><\/p>\n<p>                                    63                                <\/p>\n<p class=\"comfort-title-large flex gap-spacing-sm-base items-center\">\n<p>\t\tVogliamo la tua opinione!\n\t<\/p>\n<p>Cosa vorresti vedere su Motor1.com?<\/p>\n<p>\t\t<a href=\"https:\/\/it.motor1.com\/survey\/2025\/\" rel=\"nofollow noopener\" target=\"_blank\"><br \/>\n\t\t\tPartecipa al nostro sondaggio di 3 minuti.\t\t<\/a><\/p>\n<p class=\"compact-body-medium\">&#8211; Il team di Motor1.com<\/p>\n","protected":false},"excerpt":{"rendered":"La Mercedes-Maybach GLS si rinnova senza snaturarsi. Il SUV di lusso mantiene intatto il suo 4.0 V8 biturbo,&hellip;\n","protected":false},"author":3,"featured_media":596415,"comment_status":"","ping_status":"","sticky":false,"template":"","format":"standard","meta":{"footnotes":"","_share_on_mastodon":"0"},"categories":[173],"tags":[25419,1537,90,89,22988,195,198,199,197,200,201,26281,194,196],"class_list":["post-596414","post","type-post","status-publish","format-standard","has-post-thumbnail","category-scienza-e-tecnologia","tag-auto-tedesche","tag-it","tag-italia","tag-italy","tag-nuove-auto","tag-science","tag-science-and-technology","tag-scienceandtechnology","tag-scienza","tag-scienza-e-tecnologia","tag-scienzaetecnologia","tag-supercar","tag-technology","tag-tecnologia"],"share_on_mastodon":{"url":"https:\/\/pubeurope.com\/@it\/116961770587156106","error":""},"_links":{"self":[{"href":"https:\/\/www.europesays.com\/it\/wp-json\/wp\/v2\/posts\/596414","targetHints":{"allow":["GET"]}}],"collection":[{"href":"https:\/\/www.europesays.com\/it\/wp-json\/wp\/v2\/posts"}],"about":[{"href":"https:\/\/www.europesays.com\/it\/wp-json\/wp\/v2\/types\/post"}],"author":[{"embeddable":true,"href":"https:\/\/www.europesays.com\/it\/wp-json\/wp\/v2\/users\/3"}],"replies":[{"embeddable":true,"href":"https:\/\/www.europesays.com\/it\/wp-json\/wp\/v2\/comments?post=596414"}],"version-history":[{"count":0,"href":"https:\/\/www.europesays.com\/it\/wp-json\/wp\/v2\/posts\/596414\/revisions"}],"wp:featuredmedia":[{"embeddable":true,"href":"https:\/\/www.europesays.com\/it\/wp-json\/wp\/v2\/media\/596415"}],"wp:attachment":[{"href":"https:\/\/www.europesays.com\/it\/wp-json\/wp\/v2\/media?parent=596414"}],"wp:term":[{"taxonomy":"category","embeddable":true,"href":"https:\/\/www.europesays.com\/it\/wp-json\/wp\/v2\/categories?post=596414"},{"taxonomy":"post_tag","embeddable":true,"href":"https:\/\/www.europesays.com\/it\/wp-json\/wp\/v2\/tags?post=596414"}],"curies":[{"name":"wp","href":"https:\/\/api.w.org\/{rel}","templated":true}]}}