{"id":596479,"date":"2026-07-22T05:52:22","date_gmt":"2026-07-22T05:52:22","guid":{"rendered":"https:\/\/www.europesays.com\/it\/596479\/"},"modified":"2026-07-22T05:52:22","modified_gmt":"2026-07-22T05:52:22","slug":"ciccio-graziani-a-scaloni-avrei-detto-ci-sta-piangere-per","status":"publish","type":"post","link":"https:\/\/www.europesays.com\/it\/596479\/","title":{"rendered":"Ciccio Graziani: &#8220;A Scaloni avrei detto: ci sta piangere per&#8230;&#8221;"},"content":{"rendered":"<p>\n<strong>Ciccio Graziani<\/strong> ha commentato la vittoria della <strong>Spagna<\/strong> in finale di Coppa del Mondo. L&#8217;ex calciatore ha parlato della prestazione degli spagnoli e nello specifico di <strong>Yamal<\/strong>. Infine ha spostato la sua attenzione sulla sconfitta dell&#8217;<strong>Argentina<\/strong>, rivolgendogli un appunto in merito alle lacrime scaturite in conferenza stampa: &#8220;Mi \u00e8 piaciuto il Mondiale. Abbiamo scoperto Capo Verde e altre realt\u00e0 belle e interessanti. Credo che la FIFA abbia fatto uno spot mondiale fantastico per la divulgazione di questo sport. Per noi il calcio \u00e8 sacro, guai a chi ce lo tocca. Alla fine \u00e8 venuto un prodotto che a tanti non \u00e8 piaciuto, i tempi non sono piaciuti neanche a me. Il calcio per\u00f2 si sta evolvendo. La Spagna ha salvato il calcio? Sono d&#8217;accordo perch\u00e9 la Spagna dalla prima giornata con Capo Verde, in difficolt\u00e0, \u00e8 migliorata strada facendo. \u00c8 una Nazionale che sembrava una squadra di club. Gli do un 6 a Yamal, ci aspettavamo incidesse di pi\u00f9. Il resto della squadra ha mascherato la sua forma&#8221;.\n<\/p>\n<p>        <img src=\"https:\/\/www.europesays.com\/it\/wp-content\/uploads\/2026\/07\/ce2c2152683566840b4bf000c490b643-1024x575.jpg\"   width=\"1490\" height=\"837\" alt=\"graziani-rosso\" title=\"graziani-rosso\" loading=\"eager\" fetchpriority=\"high\" decoding=\"sync\" class=\"w-full h-auto aspect-3\/2 object-cover object-top rounded-lg\"\/><\/p>\n<p>        <img src=\"https:\/\/www.europesays.com\/it\/wp-content\/uploads\/2026\/07\/Scaloni-2d7b002d6aed-1200x856.jpg\"   width=\"1400\" height=\"999\" alt=\"Scaloni\" title=\"Scaloni\" loading=\"lazy\" decoding=\"async\" class=\"w-full h-auto rounded-lg\"\/><\/p>\n<p>\n&#8220;Le parole di <strong>Scaloni<\/strong>? Ho visto la sua emozione in conferenza. Gli avrei detto: &#8220;<strong>Scaloni<\/strong> se piangi per come hai messo in campo la squadra e per come ha giocato ci sta, altrimenti no&#8221;. L&#8217;Argentina ha fatto un gran bel percorso, emozionante. Non mi \u00e8 piaciuto <strong>Paredes<\/strong> che ha dato in escandescenze. <strong>Rodri<\/strong>? Giusto il premio. Se <strong>Cucurella<\/strong> avesse fatto gol lo davi a lui. Lui e <strong>Pedro Porro<\/strong> due scoperte meravigliose. Questi due terzini hanno fatto i terzini, i mediani, le ali, giocando a 4. Alla Spagna dobbiamo rubare il fatto che loro lavorano per migliorare i ragazzi, hanno un&#8217;idea di qualit\u00e0 e di lavoro. Investire sul ragazzo dal punto di vista tecnico&#8221;, ha concluso <strong>Ciccio Graziani<\/strong> su Radio Sportiva.<\/p>\n","protected":false},"excerpt":{"rendered":"Ciccio Graziani ha commentato la vittoria della Spagna in finale di Coppa del Mondo. L&#8217;ex calciatore ha parlato&hellip;\n","protected":false},"author":3,"featured_media":596480,"comment_status":"","ping_status":"","sticky":false,"template":"","format":"standard","meta":{"footnotes":"","_share_on_mastodon":"0"},"categories":[176],"tags":[2648,2281,721,777,70793,89731,100689,877,328753,4297,92753,1537,90,89,1353,34000,97529,4061,33382,73941,6059,245,244,1857],"class_list":["post-596479","post","type-post","status-publish","format-standard","has-post-thumbnail","category-sport","tag-argentina","tag-calciatore","tag-calcio","tag-capo","tag-capo-verde","tag-ciccio","tag-ciccio-graziani","tag-conferenza","tag-conferenza-scaloni","tag-coppa","tag-graziani","tag-it","tag-italia","tag-italy","tag-mondiale","tag-piaciuto","tag-piangi","tag-radio","tag-radio-sportiva","tag-scaloni","tag-spagna","tag-sport","tag-sports","tag-squadra"],"share_on_mastodon":{"url":"https:\/\/pubeurope.com\/@it\/116962076976348831","error":""},"_links":{"self":[{"href":"https:\/\/www.europesays.com\/it\/wp-json\/wp\/v2\/posts\/596479","targetHints":{"allow":["GET"]}}],"collection":[{"href":"https:\/\/www.europesays.com\/it\/wp-json\/wp\/v2\/posts"}],"about":[{"href":"https:\/\/www.europesays.com\/it\/wp-json\/wp\/v2\/types\/post"}],"author":[{"embeddable":true,"href":"https:\/\/www.europesays.com\/it\/wp-json\/wp\/v2\/users\/3"}],"replies":[{"embeddable":true,"href":"https:\/\/www.europesays.com\/it\/wp-json\/wp\/v2\/comments?post=596479"}],"version-history":[{"count":0,"href":"https:\/\/www.europesays.com\/it\/wp-json\/wp\/v2\/posts\/596479\/revisions"}],"wp:featuredmedia":[{"embeddable":true,"href":"https:\/\/www.europesays.com\/it\/wp-json\/wp\/v2\/media\/596480"}],"wp:attachment":[{"href":"https:\/\/www.europesays.com\/it\/wp-json\/wp\/v2\/media?parent=596479"}],"wp:term":[{"taxonomy":"category","embeddable":true,"href":"https:\/\/www.europesays.com\/it\/wp-json\/wp\/v2\/categories?post=596479"},{"taxonomy":"post_tag","embeddable":true,"href":"https:\/\/www.europesays.com\/it\/wp-json\/wp\/v2\/tags?post=596479"}],"curies":[{"name":"wp","href":"https:\/\/api.w.org\/{rel}","templated":true}]}}