{"id":596711,"date":"2026-07-22T09:08:14","date_gmt":"2026-07-22T09:08:14","guid":{"rendered":"https:\/\/www.europesays.com\/it\/596711\/"},"modified":"2026-07-22T09:08:14","modified_gmt":"2026-07-22T09:08:14","slug":"italia-i-prossimi-impegni-belgio-francia-turchia","status":"publish","type":"post","link":"https:\/\/www.europesays.com\/it\/596711\/","title":{"rendered":"Italia, i prossimi impegni: Belgio, Francia, Turchia"},"content":{"rendered":"<p>                                A settembre prendono il via le sfide di Nations League che vedono gli azzurri impegnati contro avversarie di livello come Belgio, Francia e Turchia<\/p>\n<p class=\"paragraph\" spellcheck=\"true\">Si parte presto, si parte subito: tra due mesi la nuova Italia comincer\u00e0 il suo percorso in Nations League ospitando il Belgio allo stadio Olimpico di Roma. Tre partite molto toste in una settimana. Non sar\u00e0 un esordio confortevole, perch\u00e9 i vecchi diavoli della generazione d\u2019oro sono appena stati eliminati ai quarti dalla Spagna campione del mondo con molti rimpianti. Per\u00f2 anche loro stanno vivendo una delicata transizione: la federazione non ha rinnovato il contratto a Rudi Garcia e potrebbe scegliere l\u2019ex milanista Van Bommel come successore. E il gruppo di calciatori potrebbe essere molto diverso da quello che ha giocato il Mondiale. Ad ogni modo, niente decollo morbido per la Nazionale che per prima cosa deve garantirsi un posto agli Europei del 2028 senza inciampare nella competizione di riserva.<\/p>\n<p>        che trio\u2014 \u00a0<\/p>\n<p class=\"paragraph\" spellcheck=\"true\">Il commissario tecnico fresco di nomina dovr\u00e0 nuotare in uno stagno pieno di gorghi insidiosi. Dopo il tuffo che ne bagner\u00e0 il debutto, l\u2019Italia voler\u00e0 a Bursa per sfidare un degno connazionale: Vincenzo Montella, saldissimo comandante della Turchia che ha resistito alla tempesta americana riprendendo la navigazione. In un ambiente tradizionalmente caldo, occorrer\u00e0 mantenere lucidit\u00e0 e spensieratezza per evitare brutte figure. Sar\u00e0 il derby degli interisti tra Calhanoglu e Barella, ma anche un confronto tra gli juventini Yildiz e Locatelli. E sar\u00e0 solo l\u2019aperitivo del gala di Saint-Denis, periferia di Parigi, dove gli azzurri <a href=\"https:\/\/video.gazzetta.it\/calcio\/video-zidane-francia-quando-zizou-ci-sperava-ma-non-chiudeva-la-porta-alla-juve\/b4e60194-7f35-4104-aa53-69445ab05xlk\" target=\"_blank\" rel=\"nofollow noopener\">andranno a conoscere meglio la Francia di Zinedine Zidane<\/a>, altro volto familiare del nostro passato calcistico. Tre partite di alto livello che testeranno il livello raggiunto dalla Nazionale. Prima del Mondiale, Pio Esposito aveva regalato alla pattuglia di novizi di Silvio Baldini un paio di vittorie di misura contro Lussemburgo e Grecia. Ma servir\u00e0 ben altro per resistere alle sollecitazioni di un gruppo molto duro: passano solo due squadre ai quarti di finale, in programma nel marzo del 2027; la terza spareggia, sempre a marzo, con una delle seconde della Lega B per restare nella prima divisione del torneo; la quarta invece retrocede direttamente e si preclude la possibilit\u00e0 di qualificarsi all\u2019Europeo attraverso la Nations. Sembra una sciocchezza ma la Svezia ha dimostrato che non \u00e8 cos\u00ec: esclusa da un pessimo girone di qualificazione, ha meritato di giocare gli spareggi per andare al Mondiale proprio grazie alla competizione meno reclamizzata.<\/p>\n<p>        frenesia\u2014 \u00a0<\/p>\n<p class=\"paragraph\" spellcheck=\"true\">La situazione insomma \u00e8 chiara: prima viene scelto l\u2019allenatore, prima si programma un lavoro che si annuncia molto impegnativo sin dal principio. Esistono anche le tre partite di ritorno, due delle quali da giocare in casa. Ma l\u2019impronta del nuovo corso dovr\u00e0 essere riconoscibile, persino al di l\u00e0 dei risultati, gi\u00e0 dai passi iniziali. L\u2019Italia di Donnarumma, Tonali, Barella, Dimarco e Kean, certo, ma anche di Palestra, Esposito e Pisilli vuole smacchiare in fretta le tracce di 12 anni imbarazzanti: nel 2021 abbiamo vinto l\u2019Europeo, \u00e8 vero, ma non ce ne ricordiamo pi\u00f9.<\/p>\n<p class=\"is-copyright\">\u00a9 RIPRODUZIONE RISERVATA<\/p>\n","protected":false},"excerpt":{"rendered":"A settembre prendono il via le sfide di Nations League che vedono gli azzurri impegnati contro avversarie di&hellip;\n","protected":false},"author":3,"featured_media":596712,"comment_status":"","ping_status":"","sticky":false,"template":"","format":"standard","meta":{"footnotes":"","_share_on_mastodon":"0"},"categories":[6],"tags":[1960,328950,328951,4197,10798,328952,4924,328953,328954,4717,328955,4700,8440,291,5002,14,7171,3889,4300,1889,8,1537,90,89,1980,6110,8682,1353,4423,4424,7,15,82,9,83,10,4283,897,4426,13,530,11,80,84,12,81,85],"class_list":["post-596711","post","type-post","status-publish","format-standard","has-post-thumbnail","category-ultime-notizie","tag-allenatore","tag-allenatore-programma","tag-allenatore-programma-annuncia","tag-alto","tag-alto-livello","tag-alto-livello-testeranno","tag-ambiente","tag-ambiente-tradizionalmente","tag-ambiente-tradizionalmente-caldo","tag-americana","tag-americana-riprendendo","tag-azzurri","tag-barella","tag-belgio","tag-competizione","tag-cronaca","tag-esposito","tag-europeo","tag-francia","tag-giocare","tag-headlines","tag-it","tag-italia","tag-italy","tag-league","tag-livello","tag-marzo","tag-mondiale","tag-nations","tag-nations-league","tag-news","tag-notizie","tag-notizie-di-cronaca","tag-notizie-principali","tag-notiziedicronaca","tag-notizieprincipali","tag-partite","tag-programma","tag-quarti","tag-titoli","tag-turchia","tag-ultime-notizie","tag-ultime-notizie-di-cronaca","tag-ultime-notizie-e-news-di-oggi","tag-ultimenotizie","tag-ultimenotiziedicronaca","tag-ultimenotizieenewsdioggi"],"share_on_mastodon":{"url":"","error":"Validation failed: Text character limit of 500 exceeded"},"_links":{"self":[{"href":"https:\/\/www.europesays.com\/it\/wp-json\/wp\/v2\/posts\/596711","targetHints":{"allow":["GET"]}}],"collection":[{"href":"https:\/\/www.europesays.com\/it\/wp-json\/wp\/v2\/posts"}],"about":[{"href":"https:\/\/www.europesays.com\/it\/wp-json\/wp\/v2\/types\/post"}],"author":[{"embeddable":true,"href":"https:\/\/www.europesays.com\/it\/wp-json\/wp\/v2\/users\/3"}],"replies":[{"embeddable":true,"href":"https:\/\/www.europesays.com\/it\/wp-json\/wp\/v2\/comments?post=596711"}],"version-history":[{"count":0,"href":"https:\/\/www.europesays.com\/it\/wp-json\/wp\/v2\/posts\/596711\/revisions"}],"wp:featuredmedia":[{"embeddable":true,"href":"https:\/\/www.europesays.com\/it\/wp-json\/wp\/v2\/media\/596712"}],"wp:attachment":[{"href":"https:\/\/www.europesays.com\/it\/wp-json\/wp\/v2\/media?parent=596711"}],"wp:term":[{"taxonomy":"category","embeddable":true,"href":"https:\/\/www.europesays.com\/it\/wp-json\/wp\/v2\/categories?post=596711"},{"taxonomy":"post_tag","embeddable":true,"href":"https:\/\/www.europesays.com\/it\/wp-json\/wp\/v2\/tags?post=596711"}],"curies":[{"name":"wp","href":"https:\/\/api.w.org\/{rel}","templated":true}]}}