{"id":596787,"date":"2026-07-22T10:11:22","date_gmt":"2026-07-22T10:11:22","guid":{"rendered":"https:\/\/www.europesays.com\/it\/596787\/"},"modified":"2026-07-22T10:11:22","modified_gmt":"2026-07-22T10:11:22","slug":"tour-de-france-2026-florian-lipowitz-cade-nella-cronometro-e-si-ritira-frattura-della-clavicola-video","status":"publish","type":"post","link":"https:\/\/www.europesays.com\/it\/596787\/","title":{"rendered":"Tour de France 2026, Florian Lipowitz cade nella cronometro e si ritira: frattura della clavicola (Video)"},"content":{"rendered":"<p>\t\t\t\t\t<a href=\"https:\/\/cyclingpro.net\/spaziociclismo\/altro\/scopri-lapp-ufficiale-di-spaziociclismo\/\" title=\"\" rel=\"nofollow noopener\" target=\"_blank\"><br \/>\n\t\t\t\t\t\t<img loading=\"lazy\" decoding=\"async\" src=\"https:\/\/www.europesays.com\/it\/wp-content\/uploads\/2025\/09\/1758060682_662_Banner-App-SpazioCiclismo.png\" alt=\"\" width=\"728\" height=\"91\"\/><br \/>\n\t\t\t\t\t<\/a><\/p>\n<p>Il\u00a0<strong>Tour de France 2026\u00a0<\/strong>perde\u00a0<a href=\"https:\/\/cyclingpro.net\/spaziociclismo\/tour-2026\/tour-de-france-2026-florian-lipowitz-aspettare-remco-evenepoel-non-era-unopzione-abbiamo-corso-per-il-secondo-posto\/\" target=\"_blank\" rel=\"noopener nofollow\"><strong>Florian Lipowitz<\/strong><\/a>, un altro protagonista atteso di quest\u2019edizione della corsa. Il corridore della\u00a0<strong>Red Bull \u2013 BORA \u2013 hansgrohe<\/strong>, terzo nella scorsa edizione, ha abbandonato la corsa a seguito di una caduta durante la sedicesima tappa, la cronometro individuale da \u00c9vian-les-Bains a Thonon-les-Bains. Il tedesco ha approcciato in maniera troppo veloce una curva verso destra in un tratto in discesa, perdendo il controllo della bicicletta e finendo contro una barriera di protezione. Apparso subito dolorante, il classe 2000 \u00e8 stato subito soccorso da alcuni tifosi a bordo strada e non \u00e8 pi\u00f9 salito in bicicletta, ritirandosi proprio all\u2019inizio della terza settimana del\u00a0<strong>Tour de France 2026<\/strong>.<\/p>\n<p> <a href=\"https:\/\/cyclingpro.net\/spaziociclismo\/abbonati\/\" rel=\"nofollow noopener\" target=\"_blank\"><img decoding=\"async\" src=\"https:\/\/www.europesays.com\/it\/wp-content\/uploads\/2026\/07\/Banner-AdFree-SpazioCiclismo.png\"\/><\/a><\/p>\n<p><strong>Florian Lipowitz\u00a0<\/strong>iniziava la terza settimana in quinta posizione in classifica generale, a 6\u201948\u201d dalla maglia gialla\u00a0<strong>Tadej Poga\u010dar<\/strong> (UAE Team Emirates \u2013 XRG). Il tedesco sarebbe anche stato un punto d\u2019appoggio importante per il proprio compagno di squadra\u00a0<strong>Remco Evenepoel<\/strong>, che nelle ultime giornate cercher\u00e0 di difendere la seconda posizione in classifica generale. Con il ritiro di\u00a0<strong>Lipowitz<\/strong>, il\u00a0<strong>Tour de France 2026\u00a0<\/strong>perde due dei tre corridori arrivati sul podio della passata edizione, dopo <a href=\"https:\/\/cyclingpro.net\/spaziociclismo\/tour-2026\/tour-de-france-2026-caduta-e-ritiro-per-jonas-vingegaard\/\" target=\"_blank\" rel=\"noopener nofollow\">l\u2019abbandono di\u00a0<strong>Jonas Vingegaard\u00a0<\/strong><\/a>(Visma | Lease a Bike) nella quindicesima tappa per una frattura alla clavicola.<\/p>\n<p>Per il momento, chiaramente, la\u00a0<strong>Red Bull \u2013 BORA \u2013 hansgrohe\u00a0<\/strong>non ha rilasciato aggiornamenti sulle condizioni del tedesco, che probabilmente verr\u00e0 portato in ospedale per gli esami medici di rito in queste situazioni. Vedendo le immagini della caduta, per lui si sospetta una frattura alla clavicola. Bisogner\u00e0 ora capire se sar\u00e0 possibile per lui recuperare in vista della <strong>Vuelta a Espa\u00f1a 2026<\/strong> tra un mese, forse l\u2019ultimo grande obiettivo possibile in questo finale di stagione dopo il forfait in questo Tour.<\/p>\n<p><strong>AGGIORNAMENTO 21:00\u00a0<\/strong>La Red Bull \u2013 BORA \u2013 hansgrohe ha rilasciato il bollettino medico confermando che si tratta <a href=\"https:\/\/cyclingpro.net\/spaziociclismo\/tour-2026\/tour-de-france-2026-frattura-della-clavicola-per-florian-lipowitz-dopo-la-caduta-nella-crono\/\" rel=\"nofollow noopener\" target=\"_blank\">di frattura della clavicola destra<\/a>.<\/p>\n<blockquote class=\"twitter-tweet\" data-media-max-width=\"560\">\n<p dir=\"ltr\" lang=\"es\">La fea ca\u00edda de Florian Lipowitz durante la crono que le obliga a abandonar el Tour de Francia.<\/p>\n<p><a href=\"https:\/\/t.co\/bHnZq0wFEh\" rel=\"nofollow\">pic.twitter.com\/bHnZq0wFEh<\/a><\/p>\n<p>\u2014 Los Toti\u00f1os Cycling (@totijordi79) <a href=\"https:\/\/x.com\/totijordi79\/status\/2079599688513208613?ref_src=twsrc%5Etfw\" rel=\"nofollow\">July 21, 2026<\/a><\/p>\n<\/blockquote>\n<p>\t\t<script async src=\"https:\/\/platform.twitter.com\/widgets.js\" charset=\"utf-8\"><\/script><\/p>\n","protected":false},"excerpt":{"rendered":"Il\u00a0Tour de France 2026\u00a0perde\u00a0Florian Lipowitz, un altro protagonista atteso di quest\u2019edizione della corsa. Il corridore della\u00a0Red Bull \u2013&hellip;\n","protected":false},"author":3,"featured_media":596788,"comment_status":"","ping_status":"","sticky":false,"template":"","format":"standard","meta":{"footnotes":"","_share_on_mastodon":"0"},"categories":[1456],"tags":[1824,1825,1526,1537,90,89,35056,245,244,26869],"class_list":["post-596787","post","type-post","status-publish","format-standard","has-post-thumbnail","category-ciclismo","tag-ciclismo","tag-cycling","tag-florian-lipowitz","tag-it","tag-italia","tag-italy","tag-red-bull-bora-hansgrohe-2026","tag-sport","tag-sports","tag-tour-de-france-2026"],"share_on_mastodon":{"url":"https:\/\/pubeurope.com\/@it\/116963095287153191","error":""},"_links":{"self":[{"href":"https:\/\/www.europesays.com\/it\/wp-json\/wp\/v2\/posts\/596787","targetHints":{"allow":["GET"]}}],"collection":[{"href":"https:\/\/www.europesays.com\/it\/wp-json\/wp\/v2\/posts"}],"about":[{"href":"https:\/\/www.europesays.com\/it\/wp-json\/wp\/v2\/types\/post"}],"author":[{"embeddable":true,"href":"https:\/\/www.europesays.com\/it\/wp-json\/wp\/v2\/users\/3"}],"replies":[{"embeddable":true,"href":"https:\/\/www.europesays.com\/it\/wp-json\/wp\/v2\/comments?post=596787"}],"version-history":[{"count":0,"href":"https:\/\/www.europesays.com\/it\/wp-json\/wp\/v2\/posts\/596787\/revisions"}],"wp:featuredmedia":[{"embeddable":true,"href":"https:\/\/www.europesays.com\/it\/wp-json\/wp\/v2\/media\/596788"}],"wp:attachment":[{"href":"https:\/\/www.europesays.com\/it\/wp-json\/wp\/v2\/media?parent=596787"}],"wp:term":[{"taxonomy":"category","embeddable":true,"href":"https:\/\/www.europesays.com\/it\/wp-json\/wp\/v2\/categories?post=596787"},{"taxonomy":"post_tag","embeddable":true,"href":"https:\/\/www.europesays.com\/it\/wp-json\/wp\/v2\/tags?post=596787"}],"curies":[{"name":"wp","href":"https:\/\/api.w.org\/{rel}","templated":true}]}}