{"id":596866,"date":"2026-07-22T11:18:15","date_gmt":"2026-07-22T11:18:15","guid":{"rendered":"https:\/\/www.europesays.com\/it\/596866\/"},"modified":"2026-07-22T11:18:15","modified_gmt":"2026-07-22T11:18:15","slug":"kate-middleton-george-compie-13-anni-e-il-suo-regalo-vale-65mila-sterline","status":"publish","type":"post","link":"https:\/\/www.europesays.com\/it\/596866\/","title":{"rendered":"Kate Middleton, George compie 13 anni e il suo regalo vale 65mila sterline"},"content":{"rendered":"<p><strong>George<\/strong>, il primogenito di Kate Middleton e William, compie 13 anni. \u00c8 nato infatti il 22 luglio 2013. Il futuro Re britannico non \u00e8 pi\u00f9 un royal baby ma un adolescente che si appresta a iniziare la scuola secondaria.<\/p>\n<p>Kate Middleton, la nuova foto di George per i suoi 13 anni<\/p>\n<p>Anche quest\u2019anno Kate Middleton e William hanno rispettato la tradizione e hanno condiviso sul loro profilo Instagram ufficiale <strong>un nuovo ritratto di George<\/strong> per celebrare il suo compleanno.<\/p>\n<blockquote class=\"instagram-media\" data-instgrm-captioned=\"\" data-instgrm-permalink=\"https:\/\/www.instagram.com\/p\/DbFqxo7tVA5\/?utm_source=ig_embed&amp;utm_campaign=loading\" data-instgrm-version=\"14\" style=\" background:#FFF; border:0; border-radius:3px; box-shadow:0 0 1px 0 rgba(0,0,0,0.5),0 1px 10px 0 rgba(0,0,0,0.15); margin: 1px; max-width:100%; min-width:326px; padding:0; width:99.375%; width:-webkit-calc(100% - 2px); width:calc(100% - 2px);\"\/>\n<p>George compie 13 anni e non \u00e8 pi\u00f9 un bambino. Cos\u00ec anche la foto del suo compleanno \u00e8 decisamente diversa rispetto alle precedenti. Il figlio maggiore di William e Kate indossa <strong>un completo scuro con camicia bianca<\/strong>. Niente cravatta, perch\u00e9 il momento non \u00e8 cos\u00ec formale. Ma ormai sono lontani i calzoncini e i sorrisi sdentati.<\/p>\n<p><strong>Il messaggio<\/strong> che accompagna lo scatto \u00e8 essenziale e non firmato dai genitori: \u201cBuon tredicesimo compleanno, George! \ud83c\udf89\u201d. Dunque \u00e8 il Palazzo che lo manda perch\u00e9 si tratta di una foto ufficiale che andr\u00e0 negli archivi della Famiglia Reale.<\/p>\n<p>Kate Middleton, i primi 13 anni di suo figlio George<\/p>\n<p><a href=\"https:\/\/dilei.it\/star-e-vip\/kate-middleton\/\" rel=\"nofollow noopener\" target=\"_blank\">Kate Middleton<\/a> \u00e8 una mamma orgogliosa. L\u2019abbiamo vista a Wimbledon sia con <strong>George<\/strong> che con Charlotte. Suo figlio maggiore ormai<strong> \u00e8 quasi alto come lei<\/strong> e a settembre si prepara a lasciare i genitori per frequentare l\u2019Eton College.<\/p>\n<p><a href=\"https:\/\/dilei.it\/reali\/kate-middleton-ultime-notizie-21-luglio-2026\/2534585\/\" rel=\"nofollow noopener\" target=\"_blank\">Un cambiamento epocale<\/a> che per\u00f2 George sta vivendo <strong>con entusiasmo<\/strong>. Pare infatti che sia molto contento della scuola che i suoi genitori hanno scelto per lui e che non sia <strong>per niente spaventato<\/strong> all\u2019idea di andare in collegio, anche perch\u00e9 ha gi\u00e0 fatto qualche esperienza alla Lambrook School che ha frequentato fino allo scorso giugno.<\/p>\n<p>Il suo tredicesimo compleanno segna quindi un passaggio importante ma <strong>non sono in programma eventi pubblici<\/strong> per celebrarlo. Anche in questo caso William e Kate hanno pensato a una festa privata. Di solito le ricorrenze di famiglia si svolgono ad <strong>Anmer Hall<\/strong>, nella loro casa di campagna nel Norfolk. Ma \u00e8 probabile che i Principi del Galles siano in vacanza all\u2019estero coi loro tre figli.<\/p>\n<p>Non si sa infatti nulla di preciso di come stiano trascorrendo questi giorni estivi. Anche se abitualmente <a href=\"https:\/\/dilei.it\/reali\/kate-middleton-ultime-notizie-18-luglio-2026\/2524984\/\" rel=\"nofollow noopener\" target=\"_blank\">passano un periodo al mare<\/a>, di solito in qualche meta esotica che pu\u00f2 andare dai Caraibi alla Grecia.<\/p>\n<p>Quindi difficilmente mamma Kate pu\u00f2 preparare con le sue mani <strong>torta e dolcetti.<\/strong> Ma non manca il nuovo ritratto ufficiale che segna la giornata particolare di George, come abbiamo visto. E poi <strong>gli auguri condivisi sui social<\/strong> dal resto della famiglia, in particolare da nonno Carlo e da Camilla. E anche i nonni Middleton si faranno sentire nel corso della giornata.<\/p>\n<p>Quasi certamente, William e Kate hanno organizzato <strong>una sorpresa speciale<\/strong> per il figlio che diventa grande. Ormai i giochi all\u2019aria aperta sono un po\u2019 sorpassati, dato che copie 13 anni, ma sicuramente Charlotte e Louis hanno trovato il modo di coinvolgerlo in qualche attivit\u00e0 divertente.<\/p>\n<p>Kate Middleton e William, il regalo da 65mila sterline per George<\/p>\n<p>Sul fronte dei regali, \u00e8 noto che <strong>Re Carlo non bada a spese per i nipoti.<\/strong> Mentre William e Kate potrebbero concedere a George un telefonino visto che si appresta a lasciare la famiglia.<\/p>\n<p>Il Principe e la Principessa gli hanno comunque gi\u00e0 un regalo molto importante, iscrivendolo all\u2019Eton College. Infatti l\u2019istituto prestigioso costa<strong> 65mila sterline l\u2019anno, circa 76.206 euro.<\/strong> D\u2019altro canto, qui ricever\u00e0 un\u2019educazione di tutto rispetto, studiando con gli insegnanti migliori. Inoltre, il collegio \u00e8 dotato di nuovissimi impianti sportivi che comprendono un campo da golf, un tiro a segno e una piscina olimpionica.<\/p>\n<p>\t\t\t\tScopri i personaggi in trend, le storie del momento e molto altro.<br \/>Dove? Sul <a href=\"https:\/\/whatsapp.com\/channel\/0029Vb68mVyHVvTWezDm7d0R\" target=\"_blank\" rel=\"noopener nofollow\">canale WhatsApp di DiLei!<\/a><\/p>\n<p>\t\t\t<a class=\"buttonCall\" href=\"https:\/\/whatsapp.com\/channel\/0029Vb68mVyHVvTWezDm7d0R\" target=\"_blank\" rel=\"noopener nofollow\" title=\"Seguici su WhatsApp\"><br \/>\n\t\t\t\tSeguici su WhatsApp<br \/>\n\t\t\t<\/a><\/p>\n<p>\t<script async src=\"\/\/www.instagram.com\/embed.js\"><\/script><\/p>\n","protected":false},"excerpt":{"rendered":"George, il primogenito di Kate Middleton e William, compie 13 anni. \u00c8 nato infatti il 22 luglio 2013.&hellip;\n","protected":false},"author":3,"featured_media":596867,"comment_status":"","ping_status":"","sticky":false,"template":"","format":"standard","meta":{"footnotes":"","_share_on_mastodon":"0"},"categories":[174],"tags":[1449,203,204,1537,90,89,1450,1447],"class_list":["post-596866","post","type-post","status-publish","format-standard","has-post-thumbnail","category-intrattenimento","tag-compleanni","tag-entertainment","tag-intrattenimento","tag-it","tag-italia","tag-italy","tag-kate-middleton","tag-reali"],"share_on_mastodon":{"url":"https:\/\/pubeurope.com\/@it\/116963358007032762","error":""},"_links":{"self":[{"href":"https:\/\/www.europesays.com\/it\/wp-json\/wp\/v2\/posts\/596866","targetHints":{"allow":["GET"]}}],"collection":[{"href":"https:\/\/www.europesays.com\/it\/wp-json\/wp\/v2\/posts"}],"about":[{"href":"https:\/\/www.europesays.com\/it\/wp-json\/wp\/v2\/types\/post"}],"author":[{"embeddable":true,"href":"https:\/\/www.europesays.com\/it\/wp-json\/wp\/v2\/users\/3"}],"replies":[{"embeddable":true,"href":"https:\/\/www.europesays.com\/it\/wp-json\/wp\/v2\/comments?post=596866"}],"version-history":[{"count":0,"href":"https:\/\/www.europesays.com\/it\/wp-json\/wp\/v2\/posts\/596866\/revisions"}],"wp:featuredmedia":[{"embeddable":true,"href":"https:\/\/www.europesays.com\/it\/wp-json\/wp\/v2\/media\/596867"}],"wp:attachment":[{"href":"https:\/\/www.europesays.com\/it\/wp-json\/wp\/v2\/media?parent=596866"}],"wp:term":[{"taxonomy":"category","embeddable":true,"href":"https:\/\/www.europesays.com\/it\/wp-json\/wp\/v2\/categories?post=596866"},{"taxonomy":"post_tag","embeddable":true,"href":"https:\/\/www.europesays.com\/it\/wp-json\/wp\/v2\/tags?post=596866"}],"curies":[{"name":"wp","href":"https:\/\/api.w.org\/{rel}","templated":true}]}}