{"id":596879,"date":"2026-07-22T11:30:13","date_gmt":"2026-07-22T11:30:13","guid":{"rendered":"https:\/\/www.europesays.com\/it\/596879\/"},"modified":"2026-07-22T11:30:13","modified_gmt":"2026-07-22T11:30:13","slug":"lex-capitano-del-benetton-insieme-al-centro-degli-all-blacks-i-nuovi-volti-dello-zimbabwe-per-la-rwc-2027","status":"publish","type":"post","link":"https:\/\/www.europesays.com\/it\/596879\/","title":{"rendered":"L&#8217;ex capitano del Benetton insieme al centro degli All Blacks: i nuovi volti dello Zimbabwe per la RWC 2027"},"content":{"rendered":"<p>Un ritorno tra i \u201cgrandi\u201d non dei migliori. Sparito per anni dalla scena internazionale, dopo aver conquistato il pass per la Rugby World Cup 2027 lo Zimbabwe \u00e8 tornato a disputare match importanti in occasione della Nations Cup. Una prima parte di competizione che si \u00e8 chiusa in maniera amara, con due punti conquistati e l\u2019ultimo posto del girone, <a href=\"https:\/\/www.onrugby.it\/2026\/07\/21\/nations-cup-prima-vittoria-per-hong-kong-pioggia-di-mete-in-samoa-romania-i-risultati-e-la-classifica-dopo-la-terza-giornata\/\" target=\"_blank\" rel=\"noopener nofollow\">complice anche la sorprendente vittoria di Hong Kong a Montevideo<\/a>.<\/p>\n<p>Fatto sta che la nazionale africana, un po\u2019 come sta gi\u00e0 capitando ad altre nazioni del Tier 2, si sta guardando attorno per aumentare la qualit\u00e0 a disposizione di coach Piet Benade e oltre a chiamare giocatori mai convocati, potrebbe sfruttare le regole di World Rugby sul cambio di nazionale.<\/p>\n<p>In parte ci \u00e8 gi\u00e0 riuscita con il seconda linea degli Stormers Gary Porter, che ha esordito in queste prime uscite. Oltre a lui potrebbero aggiungersi altri nomi e uno dei primi ad entrare a far parte della rosa delle Sables dovrebbe essere una vecchia conoscenza del rugby italiano: l\u2019ex capitano del Benetton, Eli Snyman. Seconda linea nato ad Harare, Snyman non ha mai giocato per lo Zimbabwe, ma lo stesso Benade ha dichiarato che potrebbe essere inserito nei convocati delle gare di novembre. E con lui, in seconda linea, dovrebbero aggiungersi anche Dale Lemon e Dan Cooke, che militano in Champ Rugby, il primo ad Hartpury e l\u2019altro nel Chinnor.<\/p>\n<p>Per alzare ulteriormente la qualit\u00e0 per\u00f2, Benade e la Federazione vorrebbero convincere Darrien Landsberg, seconda linea recentemente passato dai Lions agli Sharks. Landsberg, nato in Zimbabwe e cresciuto in Sudafrica, vorrebbe per\u00f2 tenere aperta la porta in caso di un\u2019eventuale chiamata degli Springboks.<\/p>\n<p>L\u2019ex capitano del Benetton insieme al centro degli All Blacks: i nuovi volti dello Zimbabwe per la RWC 2027<\/p>\n<p>Un discorso simile a quello di Shingi Manyarara, terza linea classe 2004 del Racing, che vorrebbe per\u00f2 rappresentare la Francia in futuro, anche se in questo caso si parlerebbe di un discorso post Coppa del Mondo, visto che il giocatore milita a Parigi dal 2023. Chi invece potrebbe rafforzare la terza linea \u00e8 Dave Ewers, nato ad Harare nel 1990, storico volto degli Exeter Chiefs, che aveva annunciato il ritiro dal rugby professionistico, ma che sarebbe pronto a tornare ad allenarsi in Scozia per poter essere convocato dal paese natio.<\/p>\n<p>Sempre guardando tra gli avanti uno dei corteggiati \u00e8 Lovejoy Chawatama, pilone che da anni milita in PREM. Il giocatore dei Bristol Bears, che compir\u00e0 34 anni ad agosto, dovesse per\u00f2 debuttare per le Sables rischierebbe di perdere lo status di giocatore EQP (English-qualified) di cui gode e questo potrebbe complicare la sua permanenza in Inghilterra. Per rafforzare la prima linea un altro nome potrebbe essere quello di Vernon Matongo, pilone di 24 anni che si sta facendo notare con la maglia degli Stormers.<\/p>\n<p><strong>Leggi anche:<\/strong> <a href=\"https:\/\/www.onrugby.it\/2026\/07\/08\/samoa-guarda-alla-rwc-2027-tre-grandi-nomi-internazionali-nel-mirino\/\" target=\"_blank\" rel=\"noopener nofollow\">Samoa guarda alla RWC 2027: tre grandi nomi internazionali nel mirino<\/a><\/p>\n<p>Il grande sogno per\u00f2 porterebbe all\u2019All Black numero 1184. Si tratta di Braydon Ennor, ala-centro dei Crusaders, che ha collezionato 9 caps con la nazionale neozelandese. Il classe 1997, complici anche alcuni infortuni, ha disputato la sua ultima gara ad agosto 2023. Al momento \u00e8 finito fuori dai radar della nazionale e non \u00e8 escluso che lo Zimbabwe possa tentare di convincerlo a rappresentare il paese africano, di cui \u00e8 originaria la madre, alla prossima Coppa del Mondo, come sottolineato anche dal portale T2Rugby.<\/p>\n<p><strong>Andrea Gariboldi<\/strong><\/p>\n<p>OnRugby.it \u00a9 Riproduzione riservata<\/p>\n","protected":false},"excerpt":{"rendered":"Un ritorno tra i \u201cgrandi\u201d non dei migliori. Sparito per anni dalla scena internazionale, dopo aver conquistato il&hellip;\n","protected":false},"author":3,"featured_media":596880,"comment_status":"","ping_status":"","sticky":false,"template":"","format":"standard","meta":{"footnotes":"","_share_on_mastodon":"0"},"categories":[1458],"tags":[1537,90,89,1840,245,244,4279],"class_list":["post-596879","post","type-post","status-publish","format-standard","has-post-thumbnail","category-rugby","tag-it","tag-italia","tag-italy","tag-rugby","tag-sport","tag-sports","tag-zimbabwe"],"share_on_mastodon":{"url":"https:\/\/pubeurope.com\/@it\/116963405111604626","error":""},"_links":{"self":[{"href":"https:\/\/www.europesays.com\/it\/wp-json\/wp\/v2\/posts\/596879","targetHints":{"allow":["GET"]}}],"collection":[{"href":"https:\/\/www.europesays.com\/it\/wp-json\/wp\/v2\/posts"}],"about":[{"href":"https:\/\/www.europesays.com\/it\/wp-json\/wp\/v2\/types\/post"}],"author":[{"embeddable":true,"href":"https:\/\/www.europesays.com\/it\/wp-json\/wp\/v2\/users\/3"}],"replies":[{"embeddable":true,"href":"https:\/\/www.europesays.com\/it\/wp-json\/wp\/v2\/comments?post=596879"}],"version-history":[{"count":0,"href":"https:\/\/www.europesays.com\/it\/wp-json\/wp\/v2\/posts\/596879\/revisions"}],"wp:featuredmedia":[{"embeddable":true,"href":"https:\/\/www.europesays.com\/it\/wp-json\/wp\/v2\/media\/596880"}],"wp:attachment":[{"href":"https:\/\/www.europesays.com\/it\/wp-json\/wp\/v2\/media?parent=596879"}],"wp:term":[{"taxonomy":"category","embeddable":true,"href":"https:\/\/www.europesays.com\/it\/wp-json\/wp\/v2\/categories?post=596879"},{"taxonomy":"post_tag","embeddable":true,"href":"https:\/\/www.europesays.com\/it\/wp-json\/wp\/v2\/tags?post=596879"}],"curies":[{"name":"wp","href":"https:\/\/api.w.org\/{rel}","templated":true}]}}