{"id":596942,"date":"2026-07-22T12:14:14","date_gmt":"2026-07-22T12:14:14","guid":{"rendered":"https:\/\/www.europesays.com\/it\/596942\/"},"modified":"2026-07-22T12:14:14","modified_gmt":"2026-07-22T12:14:14","slug":"oggi-e-il-22-luglio-sapete-perche-via-xxii-luglio-si-chiama-cosi","status":"publish","type":"post","link":"https:\/\/www.europesays.com\/it\/596942\/","title":{"rendered":"Oggi \u00e8 il 22 luglio: sapete perch\u00e9 via XXII Luglio si chiama cos\u00ec?"},"content":{"rendered":"<p style=\"text-align: justify;\">Il 22 luglio a cui \u00e8 dedicata una delle vie principali della citt\u00e0, \u00e8 una ricorrenza poco nota che ci riporta al Risorgimento. Il XXII luglio a cui si fa riferimento\u00a0 \u00e8 quello del 1854, giorno in cui proprio a Parma ci fu un\u2019insurrezione mazziniana contro il dominio austriaco. La rivolta fin\u00ec male, nel sangue.<\/p>\n<p style=\"text-align: justify;\">I cospiratori si ritrovavano in due bar, il Ravazzoni di via S.Quintino (l\u2019ex via XXII Luglio) e il Bersellini, all\u2019angolo tra strada Benedetta (quella che poi sarebbe diventata via Saffi) e borgo Stallatici (via Dalmazia). Proprio qui inizi\u00f2 la rivolta. Nell\u2019altro ritrovo, il Ravazzoni, venne sparato un colpo di cannone da una batteria addirittura posta nell\u2019attuale piazza Garibaldi.<\/p>\n<p style=\"text-align: justify;\">L\u2019intitolazione di via XXII Luglio avvenne nel 1882, unendo le due strade San Quintino e San Cristoforo.\u00a0<\/p>\n<p role=\"heading\" aria-level=\"2\" class=\"text \">\u00a9 Riproduzione riservata<\/p>\n","protected":false},"excerpt":{"rendered":"Il 22 luglio a cui \u00e8 dedicata una delle vie principali della citt\u00e0, \u00e8 una ricorrenza poco nota&hellip;\n","protected":false},"author":3,"featured_media":596943,"comment_status":"","ping_status":"","sticky":false,"template":"","format":"standard","meta":{"footnotes":"","_share_on_mastodon":"0"},"categories":[172],"tags":[178,177,1537,90,89,23813,44712,329062],"class_list":["post-596942","post","type-post","status-publish","format-standard","has-post-thumbnail","category-affari","tag-affari","tag-business","tag-it","tag-italia","tag-italy","tag-mazzini","tag-risorgimento","tag-via-xxii-luglio"],"share_on_mastodon":{"url":"https:\/\/pubeurope.com\/@it\/116963579841747320","error":""},"_links":{"self":[{"href":"https:\/\/www.europesays.com\/it\/wp-json\/wp\/v2\/posts\/596942","targetHints":{"allow":["GET"]}}],"collection":[{"href":"https:\/\/www.europesays.com\/it\/wp-json\/wp\/v2\/posts"}],"about":[{"href":"https:\/\/www.europesays.com\/it\/wp-json\/wp\/v2\/types\/post"}],"author":[{"embeddable":true,"href":"https:\/\/www.europesays.com\/it\/wp-json\/wp\/v2\/users\/3"}],"replies":[{"embeddable":true,"href":"https:\/\/www.europesays.com\/it\/wp-json\/wp\/v2\/comments?post=596942"}],"version-history":[{"count":0,"href":"https:\/\/www.europesays.com\/it\/wp-json\/wp\/v2\/posts\/596942\/revisions"}],"wp:featuredmedia":[{"embeddable":true,"href":"https:\/\/www.europesays.com\/it\/wp-json\/wp\/v2\/media\/596943"}],"wp:attachment":[{"href":"https:\/\/www.europesays.com\/it\/wp-json\/wp\/v2\/media?parent=596942"}],"wp:term":[{"taxonomy":"category","embeddable":true,"href":"https:\/\/www.europesays.com\/it\/wp-json\/wp\/v2\/categories?post=596942"},{"taxonomy":"post_tag","embeddable":true,"href":"https:\/\/www.europesays.com\/it\/wp-json\/wp\/v2\/tags?post=596942"}],"curies":[{"name":"wp","href":"https:\/\/api.w.org\/{rel}","templated":true}]}}