{"id":597034,"date":"2026-07-22T13:30:17","date_gmt":"2026-07-22T13:30:17","guid":{"rendered":"https:\/\/www.europesays.com\/it\/597034\/"},"modified":"2026-07-22T13:30:17","modified_gmt":"2026-07-22T13:30:17","slug":"raf-in-concerto-il-15-agosto-a-foggia-2","status":"publish","type":"post","link":"https:\/\/www.europesays.com\/it\/597034\/","title":{"rendered":"Raf in concerto il 15 agosto a Foggia"},"content":{"rendered":"<p>Non \u00e8 pi\u00f9 top secret il nome dell\u2019artista che si esibir\u00e0 in piazza Cavour in occasione della festa patronale del 15 agosto a Foggia. Nel cartellone anche quest&#8217;anno anche la data di Ferragosto \u00e8 contrassegnata dal tradizionale concerto alle 21 davanti al pronao della Villa comunale. Come anticipato su queste colonne, toccher\u00e0 a Raf.\u00a0<\/p>\n<p>Fino a poche ore fa, mercoled\u00ec 22 luglio, non era stata ancora impegnata la spesa relativa allo spettacolo. Nel 2025, la determina di affidamento all\u2019agenzia GR Show srl di Antonio Vannella del concerto di Serena Brancale era stata firmata il primo luglio. Il concerto era costato 93.500 euro, esclusi Siae, piano di Safety e Security e fuochi pirotecnici (6.710 euro).<\/p>\n<p>Dopo la tappa del tour Anema e core dell\u2019artista ancora sulla cresta dell\u2019onda con i suoi tormentoni, quest\u2019anno toccher\u00e0 al cantautore tra i pi\u00f9 amati, antesignano del pop melodico, con 40 anni di carriera alle spalle e pi\u00f9 di 20 milioni di dischi venduti in tutto il mondo.<\/p>\n<p>Raffaele Riefoli, in arte Raf, nel ventaglio delle proposte, era stata la prima scelta. Il suo nome circolava in maniera sempre pi\u00f9 insistente da alcuni giorni. Si pu\u00f2 dire sia nato in provincia di Foggia, perch\u00e9 all\u2019epoca, nel 1959, Margherita di Savoia non era ancora passata alla provincia di Barletta-Andria-Trani.<\/p>\n<p>Il 16 luglio scorso, proprio dalla Puglia, da Capurso, in provincia di Bari, \u00e8 partito il suo \u2018Infinito Estate tour\u2019. Celebra uno dei brani pi\u00f9 iconici della sua carriera che quest\u2019anno compie 25 anni. \u2018Infinito\u2019 \u00e8 un autentico evergreen, ma sono tanti i successi che hanno dominato le classifiche: Self Control, Il battito animale, Sei la pi\u00f9 bella del mondo, Ti pretendo, Cosa rester\u00e0 degli anni \u201980.<\/p>\n<p>Brani senza tempo che riempiranno la scaletta del 15 agosto in piazza Cavour.<\/p>\n<p>\u00a0<\/p>\n","protected":false},"excerpt":{"rendered":"Non \u00e8 pi\u00f9 top secret il nome dell\u2019artista che si esibir\u00e0 in piazza Cavour in occasione della festa&hellip;\n","protected":false},"author":3,"featured_media":596964,"comment_status":"","ping_status":"","sticky":false,"template":"","format":"standard","meta":{"footnotes":"","_share_on_mastodon":"0"},"categories":[1443],"tags":[329065,203,204,1537,90,89,1538,1539,90540],"class_list":["post-597034","post","type-post","status-publish","format-standard","has-post-thumbnail","category-musica","tag-concerto-ferragosto","tag-entertainment","tag-intrattenimento","tag-it","tag-italia","tag-italy","tag-music","tag-musica","tag-raf"],"share_on_mastodon":{"url":"https:\/\/pubeurope.com\/@it\/116963876948234207","error":""},"_links":{"self":[{"href":"https:\/\/www.europesays.com\/it\/wp-json\/wp\/v2\/posts\/597034","targetHints":{"allow":["GET"]}}],"collection":[{"href":"https:\/\/www.europesays.com\/it\/wp-json\/wp\/v2\/posts"}],"about":[{"href":"https:\/\/www.europesays.com\/it\/wp-json\/wp\/v2\/types\/post"}],"author":[{"embeddable":true,"href":"https:\/\/www.europesays.com\/it\/wp-json\/wp\/v2\/users\/3"}],"replies":[{"embeddable":true,"href":"https:\/\/www.europesays.com\/it\/wp-json\/wp\/v2\/comments?post=597034"}],"version-history":[{"count":0,"href":"https:\/\/www.europesays.com\/it\/wp-json\/wp\/v2\/posts\/597034\/revisions"}],"wp:featuredmedia":[{"embeddable":true,"href":"https:\/\/www.europesays.com\/it\/wp-json\/wp\/v2\/media\/596964"}],"wp:attachment":[{"href":"https:\/\/www.europesays.com\/it\/wp-json\/wp\/v2\/media?parent=597034"}],"wp:term":[{"taxonomy":"category","embeddable":true,"href":"https:\/\/www.europesays.com\/it\/wp-json\/wp\/v2\/categories?post=597034"},{"taxonomy":"post_tag","embeddable":true,"href":"https:\/\/www.europesays.com\/it\/wp-json\/wp\/v2\/tags?post=597034"}],"curies":[{"name":"wp","href":"https:\/\/api.w.org\/{rel}","templated":true}]}}