{"id":597049,"date":"2026-07-22T13:38:16","date_gmt":"2026-07-22T13:38:16","guid":{"rendered":"https:\/\/www.europesays.com\/it\/597049\/"},"modified":"2026-07-22T13:38:16","modified_gmt":"2026-07-22T13:38:16","slug":"trovata-morta-vicino-impalcatura-a-tor-bella-monaca-tra-le-ipotesi-anche-lomicidio","status":"publish","type":"post","link":"https:\/\/www.europesays.com\/it\/597049\/","title":{"rendered":"Trovata morta vicino impalcatura a Tor Bella Monaca, tra le ipotesi anche l&#8217;omicidio"},"content":{"rendered":"<p>Perch\u00e9 era l\u00ec e, soprattutto, con lei c&#8217;era qualcuno? \u00c8 su queste due domande che la procura di Roma sta coordinando l&#8217;indagine sulla morte della donna precipitata da una impalcatura lo scorso <a href=\"https:\/\/www.romatoday.it\/cronaca\/morta-via-archeologia-oggi-13-luglio-2026.html\" target=\"_blank\" rel=\"nofollow noopener\">13 luglio<\/a> in via dell&#8217;Archeologia 52, a Roma, nel quartiere di Tor Bella Monaca.<\/p>\n<p>Quello che sembrava in prima battute un gesto estremo, nel corso dei giorni ha fatto sorgere dei dubbi agli investigatori. Al momento il fascicolo in mano al pm Francesco Saverio Musolino si muove contro ignoti. Secondo quanto appreso la ragazza, D.R. di 30 anni, era arrivata l\u00ec a Tor Bella Monaca da un paio di giorni. Aveva dormito in un appartamento in quel palazzo, tant&#8217;\u00e8 che gli agenti hanno trovato il suo cellulare in un appartamento. In quella casa ci sarebbe dovuto essere anche un suo conoscente, un giovane nordafricano. Ma di lui non si hanno notizie. Non \u00e8 chiaro in quali rapporti fossero i due.<\/p>\n<p>La polizia, secondo quanto appreso, sta cercando di ricostruire gli ultimi istanti della giovane e, tra gli scenari al vaglio, ci sarebbe anche quello di una caduta dal terrazzo mentre tentava di fuggire da qualcuno. Non viene esclusa, per\u00f2, neppure la possibilit\u00e0 che la ragazza sia stata spinta. La ragazza, secondo quanto appreso, faceva uso di stupefacenti. La famiglia, che non ha mai creduto all&#8217;ipotesi del gesto estremo, vuole la verit\u00e0. Dopo pi\u00f9 di una settimana dal ritrovamento del corpo, non \u00e8 esclusa la tesi omicidiaria o del decesso come conseguenza di altro reato. La procura vuole vederci chiaro.<\/p>\n","protected":false},"excerpt":{"rendered":"Perch\u00e9 era l\u00ec e, soprattutto, con lei c&#8217;era qualcuno? \u00c8 su queste due domande che la procura di&hellip;\n","protected":false},"author":3,"featured_media":597050,"comment_status":"","ping_status":"","sticky":false,"template":"","format":"standard","meta":{"footnotes":"","_share_on_mastodon":"0"},"categories":[79],"tags":[14,93,94,1537,90,89,7,15,2639,11,84,91,12,85,92],"class_list":["post-597049","post","type-post","status-publish","format-standard","has-post-thumbnail","category-italia","tag-cronaca","tag-cronaca-italiana","tag-cronacaitaliana","tag-it","tag-italia","tag-italy","tag-news","tag-notizie","tag-omicidi","tag-ultime-notizie","tag-ultime-notizie-e-news-di-oggi","tag-ultime-notizie-italia","tag-ultimenotizie","tag-ultimenotizieenewsdioggi","tag-ultimenotizieitalia"],"share_on_mastodon":{"url":"https:\/\/pubeurope.com\/@it\/116963908440836324","error":""},"_links":{"self":[{"href":"https:\/\/www.europesays.com\/it\/wp-json\/wp\/v2\/posts\/597049","targetHints":{"allow":["GET"]}}],"collection":[{"href":"https:\/\/www.europesays.com\/it\/wp-json\/wp\/v2\/posts"}],"about":[{"href":"https:\/\/www.europesays.com\/it\/wp-json\/wp\/v2\/types\/post"}],"author":[{"embeddable":true,"href":"https:\/\/www.europesays.com\/it\/wp-json\/wp\/v2\/users\/3"}],"replies":[{"embeddable":true,"href":"https:\/\/www.europesays.com\/it\/wp-json\/wp\/v2\/comments?post=597049"}],"version-history":[{"count":0,"href":"https:\/\/www.europesays.com\/it\/wp-json\/wp\/v2\/posts\/597049\/revisions"}],"wp:featuredmedia":[{"embeddable":true,"href":"https:\/\/www.europesays.com\/it\/wp-json\/wp\/v2\/media\/597050"}],"wp:attachment":[{"href":"https:\/\/www.europesays.com\/it\/wp-json\/wp\/v2\/media?parent=597049"}],"wp:term":[{"taxonomy":"category","embeddable":true,"href":"https:\/\/www.europesays.com\/it\/wp-json\/wp\/v2\/categories?post=597049"},{"taxonomy":"post_tag","embeddable":true,"href":"https:\/\/www.europesays.com\/it\/wp-json\/wp\/v2\/tags?post=597049"}],"curies":[{"name":"wp","href":"https:\/\/api.w.org\/{rel}","templated":true}]}}