{"id":597226,"date":"2026-07-22T16:08:21","date_gmt":"2026-07-22T16:08:21","guid":{"rendered":"https:\/\/www.europesays.com\/it\/597226\/"},"modified":"2026-07-22T16:08:21","modified_gmt":"2026-07-22T16:08:21","slug":"gabbriette-e-i-tre-abiti-per-le-nozze-con-matty-healy-come-sposarsi-in-bianco-in-nero-e-con-i-pinocchietti","status":"publish","type":"post","link":"https:\/\/www.europesays.com\/it\/597226\/","title":{"rendered":"Gabbriette e i tre abiti per le nozze con Matty Healy. Come sposarsi in bianco, in nero e\u2026 con i pinocchietti?"},"content":{"rendered":"<p>E <strong>prima ancora del bianco, c\u2019era il nero<\/strong>. Per il pre-wedding &#8211; cio\u00e8 la cena di prova, forse? &#8211; , Mati\u00e8res F\u00e9cales \u00e8 <strong>partito da un abito vintage<\/strong> che Gabbriette aveva gi\u00e0 nel guardaroba, trasformandolo con morbido tulle bianco lavorato con la tecnica d\u00e9chir\u00e9, lasciato fuoriuscire dall\u2019orlo e dalla schiena tagliata.<\/p>\n<p><img decoding=\"async\" alt=\"Gabbriette durante un fitting per uno dei look firmati Mati\u00e8res Fcales del suo matrimonio.\" loading=\"lazy\" class=\"ResponsiveImageContainer-dkeESL cQPiWi responsive-image__image\"   src=\"https:\/\/www.europesays.com\/it\/wp-content\/uploads\/2026\/07\/MF%20X%20GABBRIETTE%20CUSTOM%20WEDDING%20LOOK_5.jpeg\"\/><\/p>\n<p>Gabbriette durante un fitting per uno dei look firmati Mati\u00e8res F\u00e9cales del suo matrimonio.<\/p>\n<p><strong>\u00abPer me il bridal pu\u00f2 essere qualsiasi cosa\u00bb<\/strong>, ha spiegato la modella. \u00abHo sempre amato i vestiti neri e mi \u00e8 sembrato naturale prendere un abito che adoravo da tempo, trasformarlo e dargli una nuova vita. <strong>E quindi, \u00e8 nero.\u00bb<\/strong><\/p>\n<p><img decoding=\"async\" alt=\"Lo sketch di uno dei vestiti da sposa di Gabbriette firmato Mati\u00e8res Fcales.\" loading=\"lazy\" class=\"ResponsiveImageContainer-dkeESL cQPiWi responsive-image__image\"   src=\"https:\/\/www.europesays.com\/it\/wp-content\/uploads\/2026\/07\/MF%20X%20GABBRIETTE%20CUSTOM%20WEDDING%20LOOK_7.jpeg\"\/><\/p>\n<p>Lo sketch di uno dei vestiti da sposa di Gabbriette firmato Mati\u00e8res F\u00e9cales.<\/p>\n","protected":false},"excerpt":{"rendered":"E prima ancora del bianco, c\u2019era il nero. Per il pre-wedding &#8211; cio\u00e8 la cena di prova, forse?&hellip;\n","protected":false},"author":3,"featured_media":597227,"comment_status":"","ping_status":"","sticky":false,"template":"","format":"standard","meta":{"footnotes":"","_share_on_mastodon":"0"},"categories":[1451],"tags":[1621,1620,203,204,1537,90,89,8866,36364],"class_list":["post-597226","post","type-post","status-publish","format-standard","has-post-thumbnail","category-celebrita","tag-celebrita","tag-celebrities","tag-entertainment","tag-intrattenimento","tag-it","tag-italia","tag-italy","tag-matrimonio","tag-sposa"],"share_on_mastodon":{"url":"https:\/\/pubeurope.com\/@it\/116964498842610504","error":""},"_links":{"self":[{"href":"https:\/\/www.europesays.com\/it\/wp-json\/wp\/v2\/posts\/597226","targetHints":{"allow":["GET"]}}],"collection":[{"href":"https:\/\/www.europesays.com\/it\/wp-json\/wp\/v2\/posts"}],"about":[{"href":"https:\/\/www.europesays.com\/it\/wp-json\/wp\/v2\/types\/post"}],"author":[{"embeddable":true,"href":"https:\/\/www.europesays.com\/it\/wp-json\/wp\/v2\/users\/3"}],"replies":[{"embeddable":true,"href":"https:\/\/www.europesays.com\/it\/wp-json\/wp\/v2\/comments?post=597226"}],"version-history":[{"count":0,"href":"https:\/\/www.europesays.com\/it\/wp-json\/wp\/v2\/posts\/597226\/revisions"}],"wp:featuredmedia":[{"embeddable":true,"href":"https:\/\/www.europesays.com\/it\/wp-json\/wp\/v2\/media\/597227"}],"wp:attachment":[{"href":"https:\/\/www.europesays.com\/it\/wp-json\/wp\/v2\/media?parent=597226"}],"wp:term":[{"taxonomy":"category","embeddable":true,"href":"https:\/\/www.europesays.com\/it\/wp-json\/wp\/v2\/categories?post=597226"},{"taxonomy":"post_tag","embeddable":true,"href":"https:\/\/www.europesays.com\/it\/wp-json\/wp\/v2\/tags?post=597226"}],"curies":[{"name":"wp","href":"https:\/\/api.w.org\/{rel}","templated":true}]}}