{"id":597317,"date":"2026-07-22T17:15:18","date_gmt":"2026-07-22T17:15:18","guid":{"rendered":"https:\/\/www.europesays.com\/it\/597317\/"},"modified":"2026-07-22T17:15:18","modified_gmt":"2026-07-22T17:15:18","slug":"mario-roggero-resta-in-carcere-no-del-tribunale-allistanza-di-differimento-della-pena","status":"publish","type":"post","link":"https:\/\/www.europesays.com\/it\/597317\/","title":{"rendered":"Mario Roggero resta in carcere, no del tribunale all\u2019istanza di differimento della pena"},"content":{"rendered":"<p>L&#8217;Ufficio di Sorveglianza di Torino ha respinto l&#8217;istanza di differimento della pena per Mario Roggero, detenuto a Bollate (Milano) dopo la condanna definitiva a 14 anni e 9 mesi per avere ucciso due rapinatori e averne ferito un terzo nel 2021 nel Cuneese. Il magistrato di sorveglianza, Elena Massucco, rileva che &#8220;non si ravvisa, n\u00e9 sono state indicate dalle difesa, le circostanza di necessit\u00e0 e di urgenza indispensabili per provvedere cautelativamente, in questa sede&#8221;. Gli atti vanno ora al Tribunale di Sorveglianza e alla Procura generale della Corte d&#8217;Appello di Torino e all&#8217;Ufficio di Sorveglianza di Milano.<\/p>\n<p>\t\t \tLe ragioni del no del Tribunale<\/p>\n<p>Secondo il magistrato di sorveglianza il Tribunale di Sorveglianza, a cui demanda &#8220;ogni valutazione&#8221;, &#8220;potr\u00e0 assumere una ponderata decisione con completa istruzione di elementi istruttori, tra i quali anche la motivazione della sentenza della Corte di Cassazione, che si \u00e8 pronunciata sul ricorso avanzato dal Roggero&#8221;. L&#8217;istanza era stata presentata dal difensore Stefano Marcolini, che chiedeva il differimento della pena in attesa della decisione sulla domanda di grazia avanzata al presidente della Repubblica, Sergio Mattarella, dalla moglie di Mario Roggero, Mariangela Sandrone. L&#8217;atto richiama la domanda di grazia, in cui si fa presente che la sentenza &#8220;rappresenta per mio marito Mario una sorta di ergastolo&#8221; e &#8220;che tale pronuncia, se eseguita rappresenterebbe per me, per le nostre quattro figlie e per la famiglia tutta una ulteriore condanna a non poter pi\u00f9 vedere Mario in libert\u00e0, per non parlare dei danni economici all&#8217;attivit\u00e0 della nostra gioielleria&#8221;.\u00a0 Il magistrato di sorveglianza precisa: &#8220;La giurisprudenza della Corte di Cassazione ritiene che il differimento dell&#8217;esecuzione della pena in caso di presentazione della grazia sia applicabile solo nei casi in cui l&#8217;esecuzione della pena non sia ancora iniziata e non quando l&#8217;esecuzione della pena sia gi\u00e0 in corso, come nella presente ipotesi&#8221;. Viene inoltre evidenziato che il &#8220;differimento, per quanto fattispecie del tutto autonoma rispetto alla concessione della grazia da parte dell&#8217;autorit\u00e0 deputata, risulta funzionalmente destinata ad impedire, in caso di pene detentive brevi, la vanificazione di un eventuale provvedimento clemenziale, che potrebbe intervenire tardivamente&#8221;.<\/p>\n<p>L\u2019istanza di differimento della pena<\/p>\n<p>Secondo quanto appreso, dopo aver saputo della trasmissione degli atti da Torino a Milano, luned\u00ec sera il legale di Roggero aveva inviato una Pec ai magistrati milanesi reiterando l&#8217;istanza di differimento della pena. Ieri l&#8217;Ufficio di sorveglianza milanese aveva poi restituito gli atti a Torino, ritenendo che la competenza resti nel capoluogo piemontese poich\u00e9 l&#8217;istanza era stata presentata quando il 72enne era ancora in stato di libert\u00e0.<\/p>\n<p>Analista difesa: &#8220;Il differimento non \u00e8 un colpo di spugna&#8221;<\/p>\n<p>&#8220;Il signor Roggero non ha mai chiesto l&#8217;estinzione della pena o un colpo di spugna, bens\u00ec un differimento temporaneo dell&#8217;esecuzione della pena&#8221;, aveva spiegato il professor Sergio Novani, analista processuale nel collegio di difesa del gioielliere. La richiesta presentata dalla difesa, ha sottolineato Novani, \u00e8 stata avanzata &#8220;in pendenza della domanda di grazia. Purtroppo, &#8211; osserva &#8211; il dibattito che si \u00e8 generato su questo caso rischia di far passare uno strumento tecnico finalizzato al solo differimento per un&#8217;istanza congegnata per un&#8217;estinzione definitiva della condanna&#8221;. Si alimenta cos\u00ec &#8220;una confusione strumentale con l&#8217;evidente obiettivo, per alcuni, di orientare l&#8217;opinione pubblica e spingere verso un rigetto dell&#8217;istanza&#8221;. &#8220;La legge non funziona a colpi di slogan &#8211; aggiunge Novani -. I reali presupposti per concedere il differimento sono chiari: la seriet\u00e0 della domanda di grazia pendente davanti al capo dello Stato, l&#8217;assenza di un concreto pericolo di reiterazione del reato e un dovere di umanit\u00e0 verso un uomo ultrasettantenne, per evitare che l&#8217;espiazione inizi proprio mentre si valuta l&#8217;atto di clemenza. Insomma, nessuno domanda corsie preferenziali, ma il rispetto del codice&#8221;.<\/p>\n<p>\t\t\t<a class=\"c-inline-card j-inline-card c-inline-card--with-image\" href=\"https:\/\/tg24.sky.it\/cronaca\/2026\/07\/21\/caso-roggero-istanza-differimento-pena\" rel=\"follow nofollow noopener\" data-intcmp=\"skytg24_articolo_approfondimenti_inline\" target=\"_blank\"><\/p>\n<p>\t\t\t         <img decoding=\"async\" crossorigin=\"anonymous\" alt=\"\" src=\"https:\/\/www.europesays.com\/it\/wp-content\/uploads\/2026\/07\/09BB52FE836340835DBDB0D6A1B21D04.jpeg\"  loading=\"lazy\"  bad-src=\"https:\/\/www.europesays.com\/it\/wp-content\/uploads\/2026\/07\/09BB52FE836340835DBDB0D6A1B21D04.jpeg\"\/><\/p>\n<p>\n\t\t\t         Leggi anche<br \/>\n\t\t\t         Roggero, istanza rinvio pena anche a Milano. Anm: Insulti contro toghe\n\t\t\t      <\/p>\n<p>\t\t\t<\/a><\/p>\n<p>\t\t \tAnm: &#8220;Attaccati per aver applicato la legge&#8221;<\/p>\n<p>Minacce, insulti e messaggi d&#8217;odio in un clima in cui si \u00e8 &#8220;attaccati per il solo fatto di aver applicato la legge dello Stato sull&#8217;omicidio e sulla legittima difesa&#8221;: l&#8217;Associazione nazionale dei magistrati ha lanciato l&#8217;ennesimo allarme per le continue intimidazioni a seguito delle polemiche per la vicenda della condanna a oltre 14 anni di carcere di Mario Roggero.<\/p>\n<p>Meloni: &#8220;C&#8217;\u00e8 una questione di proporzionalit\u00e0 delle pene&#8221;<\/p>\n<p>Intanto sul caso \u00e8 intervenuta anche la presidente del Consiglio Giorgia Meloni, che <a data-intcmp-qp=\"skytg24_foglia articolo_interlink_text\" rel=\"nofollow noopener\" href=\"https:\/\/www.ilgiornale.it\/news\/politica\/ora-tolleranza-zero-chi-sfascia-tutto-voglio-governi-stabili-2696525.html\" target=\"_blank\">in un&#8217;intervista a Il Giornale<\/a> ha osservato: &#8220;\u00c8 evidente a tutti, tranne che alla sinistra, che c&#8217;\u00e8 una questione di proporzionalit\u00e0 delle pene che vengono comminate. Non si possono dare otto anni a un pedofilo o meno di dieci anni in casi di stupri di gruppo e poi condannare un comune cittadino di 72 anni a passare il resto dei propri giorni in carcere perch\u00e9 ha reagito a una banda di rapinatori che avevano assaltato il suo negozio, minacciando di morte lui e la sua famiglia&#8221;. &#8220;Come si pu\u00f2 chiedere a un comune cittadino di avere, in un contesto di alto pericolo, stress e picchi emotivi, il sangue freddo necessario per capire quando \u00e8 venuto meno il pericolo, o che la minaccia \u00e8 cessata? &#8211; ha aggiunto la premier &#8211; Sono situazioni difficili da gestire anche per i professionisti addestrati a questo, figuriamoci per un normale cittadino. Non si pu\u00f2 non tenere minimamente conto di questo&#8221;. E per il vicepremier Matteo Salvini, <a data-intcmp=\"skytg24_foglia articolo_interlink_text\" href=\"https:\/\/tg24.sky.it\/politica\/2026\/07\/22\/matteo-salvini-intervista\" target=\"_self\" rel=\"nofollow noopener\">intervistato a Start su Sky TG24<\/a>, Roggero\u00a0&#8220;non merita 14 anni di galera&#8221;.<\/p>\n<p>\t\t\t<a class=\"c-inline-card j-inline-card c-inline-card--with-image\" href=\"https:\/\/tg24.sky.it\/cronaca\/2026\/07\/21\/mario-roggero-gioielleria-riaperta-grinzane-cavour\" rel=\"follow nofollow noopener\" data-intcmp=\"skytg24_articolo_approfondimenti_inline\" target=\"_blank\"><\/p>\n<p>\t\t\t         <img decoding=\"async\" crossorigin=\"anonymous\" alt=\"\" src=\"https:\/\/www.europesays.com\/it\/wp-content\/uploads\/2026\/07\/cartello_roggero_grinzane_cartello_ansa.JPG\"  loading=\"lazy\"  bad-src=\"https:\/\/www.europesays.com\/it\/wp-content\/uploads\/2026\/07\/cartello_roggero_grinzane_cartello_ansa.JPG\"\/><\/p>\n<p>\n\t\t\t         Leggi anche<br \/>\n\t\t\t         Roggero, riapre la gioielleria. La moglie: &#8220;Assurdo il carcere&#8221;\n\t\t\t      <\/p>\n<p>\t\t\t<\/a><\/p>\n<p>\t\t \tSchlein e Conte: &#8220;Non \u00e8 legittima difesa&#8221;<\/p>\n<p>&#8220;Quando una persona sta scappando non \u00e8 legittima difesa. Ma in questa vicenda c&#8217;\u00e8 anche il tentativo di farci parlare di altro, non delle bollette e della benzina&#8221;, ha detto invece la segretaria del Pd, Elly Schlein, a In Onda. Sulla stessa linea anche il leader del M5S Giuseppe Conte: &#8220;Nel caso Roggero non parliamo assolutamente di legittima difesa &#8211; ha sottolineato a Sky TG24 &#8211; parliamo di una rappresaglia, una vendetta al di fuori di qualsiasi contesto di legittima difesa&#8221;.<\/p>\n<p>Procuratore Viola: \u201cAbbassare toni ed evitare eccessi\u201d<\/p>\n<p>&#8220;Io credo che bisogna abbassare i toni, da parte di tutti e lasciare alla magistratura il modo e il tempo di fare il suo lavoro\u201d, ha detto il procuratore capo di Milano Marcello Viola commentando gli attacchi social ai magistrati che hanno condannato il gioielliere Mario Roggero e le tensioni politiche\u00a0 sul tema della legittima difesa. Secondo Viola, il punto \u00e8 anche quello di &#8220;provare a valutare\u00a0 dopo avere letto bene le motivazioni dei provvedimenti. Ma\u00a0 soprattutto bisogna tornare a rasserenare il clima, tornare ad\u00a0 un rapporto istituzionale che consenta anche di evitare eccessi\u00a0 come quelli che si sono visti in questi giorni&#8221;.<\/p>\n<p>\t\t\t<a class=\"c-inline-card j-inline-card c-inline-card--with-image\" href=\"https:\/\/tg24.sky.it\/politica\/video\/2026\/07\/21\/conte-roggero-fece-rappresaglia-fakir-morto-sotto-controllo-agenti-1113403\" rel=\"follow nofollow noopener\" data-intcmp=\"skytg24_articolo_approfondimenti_inline\" target=\"_blank\"><\/p>\n<p>\t\t\t         <img decoding=\"async\" crossorigin=\"anonymous\" alt=\"\" src=\"https:\/\/www.europesays.com\/it\/wp-content\/uploads\/2026\/07\/1113403_1784655303014_thumb_494.0000001_1784656357900.jpg\"  loading=\"lazy\"  bad-src=\"https:\/\/www.europesays.com\/it\/wp-content\/uploads\/2026\/07\/1113403_1784655303014_thumb_494.0000001_1784656357900.jpg\"\/><\/p>\n<p>\n\t\t\t         Vedi anche<br \/>\n\t\t\t         Conte: Roggero fece rappresaglia, Fakir morto sotto controllo agenti\n\t\t\t      <\/p>\n<p>\t\t\t<\/a><\/p>\n","protected":false},"excerpt":{"rendered":"L&#8217;Ufficio di Sorveglianza di Torino ha respinto l&#8217;istanza di differimento della pena per Mario Roggero, detenuto a Bollate&hellip;\n","protected":false},"author":3,"featured_media":597318,"comment_status":"","ping_status":"","sticky":false,"template":"","format":"standard","meta":{"footnotes":"","_share_on_mastodon":"0"},"categories":[6],"tags":[14,369,8764,126,7807,8,1537,90,89,114658,144047,7,15,82,9,83,10,13,11,80,84,12,81,85],"class_list":["post-597317","post","type-post","status-publish","format-standard","has-post-thumbnail","category-ultime-notizie","tag-cronaca","tag-digitall","tag-elly-schlein","tag-giorgia-meloni","tag-giuseppe-conte","tag-headlines","tag-it","tag-italia","tag-italy","tag-legittima-difesa","tag-mario-roggero","tag-news","tag-notizie","tag-notizie-di-cronaca","tag-notizie-principali","tag-notiziedicronaca","tag-notizieprincipali","tag-titoli","tag-ultime-notizie","tag-ultime-notizie-di-cronaca","tag-ultime-notizie-e-news-di-oggi","tag-ultimenotizie","tag-ultimenotiziedicronaca","tag-ultimenotizieenewsdioggi"],"share_on_mastodon":{"url":"https:\/\/pubeurope.com\/@it\/116964762474401429","error":""},"_links":{"self":[{"href":"https:\/\/www.europesays.com\/it\/wp-json\/wp\/v2\/posts\/597317","targetHints":{"allow":["GET"]}}],"collection":[{"href":"https:\/\/www.europesays.com\/it\/wp-json\/wp\/v2\/posts"}],"about":[{"href":"https:\/\/www.europesays.com\/it\/wp-json\/wp\/v2\/types\/post"}],"author":[{"embeddable":true,"href":"https:\/\/www.europesays.com\/it\/wp-json\/wp\/v2\/users\/3"}],"replies":[{"embeddable":true,"href":"https:\/\/www.europesays.com\/it\/wp-json\/wp\/v2\/comments?post=597317"}],"version-history":[{"count":0,"href":"https:\/\/www.europesays.com\/it\/wp-json\/wp\/v2\/posts\/597317\/revisions"}],"wp:featuredmedia":[{"embeddable":true,"href":"https:\/\/www.europesays.com\/it\/wp-json\/wp\/v2\/media\/597318"}],"wp:attachment":[{"href":"https:\/\/www.europesays.com\/it\/wp-json\/wp\/v2\/media?parent=597317"}],"wp:term":[{"taxonomy":"category","embeddable":true,"href":"https:\/\/www.europesays.com\/it\/wp-json\/wp\/v2\/categories?post=597317"},{"taxonomy":"post_tag","embeddable":true,"href":"https:\/\/www.europesays.com\/it\/wp-json\/wp\/v2\/tags?post=597317"}],"curies":[{"name":"wp","href":"https:\/\/api.w.org\/{rel}","templated":true}]}}