{"id":597384,"date":"2026-07-22T18:08:15","date_gmt":"2026-07-22T18:08:15","guid":{"rendered":"https:\/\/www.europesays.com\/it\/597384\/"},"modified":"2026-07-22T18:08:15","modified_gmt":"2026-07-22T18:08:15","slug":"strage-di-via-emilia-centro-deceduta-in-terapia-intensiva-la-55enne-travolta-dallauto","status":"publish","type":"post","link":"https:\/\/www.europesays.com\/it\/597384\/","title":{"rendered":"Strage di via Emilia Centro, deceduta in Terapia Intensiva la 55enne travolta dall&#8217;auto"},"content":{"rendered":"<p>\u00c8 un giorno di profondo lutto per la citt\u00e0 di Modena. La 55enne Monica Esposito, rimasta gravemente ferita durante il drammatico <a href=\"https:\/\/www.modenatoday.it\/cronaca\/strage-via-emilia-modena-16-maggio-2026.html\" target=\"_blank\" rel=\"nofollow noopener\">attentato<\/a> consumatosi lo scorso 16 maggio 2026 nel cuore del centro storico \u00e8 purtroppo deceduta nella mattinata di oggi. La donna, residente a Nonantola, era stata investita tra i primi lungo il delirante tragitto dell&#8217;auto di El Koudri e le sue condizioni cliniche erano apparse gravissime fin dai primi istanti successivi all&#8217;arrivo dei soccorsi.<\/p>\n<p>In un primo momento, la paziente era stata ricoverata in condizioni critiche nel reparto di Terapia Intensiva dell&#8217;Ospedale Maggiore dell&#8217;Azienda Usl di Bologna per ricevere le cure specialistiche del caso. Nelle scorse settimane era poi stato disposto il suo trasferimento nel modenese, presso la Terapia Intensiva dell&#8217;Ospedale Civile di Baggiovara, appartenente all&#8217;Azienda Ospedaliero-Universitaria di Modena.\u00a0<\/p>\n<p>Nonostante l&#8217;\u00e9quipe medica abbia tentato tutti gli approcci medico-chirurgici possibili per riuscire a salvarle la vita, la 55enne non ha mai ripreso conoscenza, restando sospesa in un sonno profondo fino a stamattina, quando il suo quadro clinico \u00e8 irrimediabilmente e fatalmente peggiorato.<\/p>\n<p>In queste ore di immenso dolore, la famiglia ha scelto di compiere un estremo atto di altruismo, dando parere favorevole alla donazione degli organi nel pieno e rigoroso rispetto della volont\u00e0 che era stata espressa in passato dalla donna stessa. A seguito del tragico epilogo, le Direzioni, i medici e tutto il personale infermieristico dell&#8217;Azienda Ospedaliero-Universitaria, dell&#8217;Azienda Usl di Modena e dell&#8217;Azienda Usl di Bologna hanno diffuso una nota congiunta per esprimere il loro pi\u00f9 sentito e sincero cordoglio, stringendosi attorno ai familiari della vittima.<\/p>\n<p>Il commento del sindaco<\/p>\n<p>\u201cUna notizia tragica che accogliamo con enorme tristezza &#8211; ha commentato Massimo Mezzetti &#8211; Le mie condoglianze pi\u00f9 sincere vanno al marito, rimasto anch&#8217;esso ferito lo scorso 16 maggio, alle figlie e al figlio, ai fratelli e sorelle e a tutti i familiari. In questo momento di dolore dobbiamo mettere da parte tutte le polemiche e deve prevalere il senso di umana vicinanza\u201d.<\/p>\n<p>\u201cQuesto lutto rafforza la richiesta di una piena giustizia verso chi si \u00e8 reso responsabile di questo terribile attentato. Continueremo a fare tutto quello che possiamo per stare accanto alle persone ferite e confermiamo il nostro impegno per rappresentare, nel processo che verr\u00e0, una comunit\u00e0 ferita perch\u00e8 Modena non pu\u00f2 e non deve dimenticare quanto accaduto\u201d &#8211; ha aggiunto il sindaco &#8211; Ci stringiamo alla comunit\u00e0 di Nonantola e alla Sindaca Baccolini, anch&#8217;essa colpita da questa notizia. Nel giorno delle esequie, i nostri Comuni proclameranno il lutto cittadino&#8221;.<\/p>\n","protected":false},"excerpt":{"rendered":"\u00c8 un giorno di profondo lutto per la citt\u00e0 di Modena. La 55enne Monica Esposito, rimasta gravemente ferita&hellip;\n","protected":false},"author":3,"featured_media":597385,"comment_status":"","ping_status":"","sticky":false,"template":"","format":"standard","meta":{"footnotes":"","_share_on_mastodon":"0"},"categories":[79],"tags":[14,93,94,1537,90,89,7,15,11990,11,84,91,12,85,92],"class_list":["post-597384","post","type-post","status-publish","format-standard","has-post-thumbnail","category-italia","tag-cronaca","tag-cronaca-italiana","tag-cronacaitaliana","tag-it","tag-italia","tag-italy","tag-news","tag-notizie","tag-strage","tag-ultime-notizie","tag-ultime-notizie-e-news-di-oggi","tag-ultime-notizie-italia","tag-ultimenotizie","tag-ultimenotizieenewsdioggi","tag-ultimenotizieitalia"],"share_on_mastodon":{"url":"https:\/\/pubeurope.com\/@it\/116964970115915598","error":""},"_links":{"self":[{"href":"https:\/\/www.europesays.com\/it\/wp-json\/wp\/v2\/posts\/597384","targetHints":{"allow":["GET"]}}],"collection":[{"href":"https:\/\/www.europesays.com\/it\/wp-json\/wp\/v2\/posts"}],"about":[{"href":"https:\/\/www.europesays.com\/it\/wp-json\/wp\/v2\/types\/post"}],"author":[{"embeddable":true,"href":"https:\/\/www.europesays.com\/it\/wp-json\/wp\/v2\/users\/3"}],"replies":[{"embeddable":true,"href":"https:\/\/www.europesays.com\/it\/wp-json\/wp\/v2\/comments?post=597384"}],"version-history":[{"count":0,"href":"https:\/\/www.europesays.com\/it\/wp-json\/wp\/v2\/posts\/597384\/revisions"}],"wp:featuredmedia":[{"embeddable":true,"href":"https:\/\/www.europesays.com\/it\/wp-json\/wp\/v2\/media\/597385"}],"wp:attachment":[{"href":"https:\/\/www.europesays.com\/it\/wp-json\/wp\/v2\/media?parent=597384"}],"wp:term":[{"taxonomy":"category","embeddable":true,"href":"https:\/\/www.europesays.com\/it\/wp-json\/wp\/v2\/categories?post=597384"},{"taxonomy":"post_tag","embeddable":true,"href":"https:\/\/www.europesays.com\/it\/wp-json\/wp\/v2\/tags?post=597384"}],"curies":[{"name":"wp","href":"https:\/\/api.w.org\/{rel}","templated":true}]}}