{"id":597437,"date":"2026-07-22T18:53:18","date_gmt":"2026-07-22T18:53:18","guid":{"rendered":"https:\/\/www.europesays.com\/it\/597437\/"},"modified":"2026-07-22T18:53:18","modified_gmt":"2026-07-22T18:53:18","slug":"laria-che-tira-chirico-azzera-boldrini-bologna-da-lepore-chiamata-alle-armi-e-strumentalizzazione-il-tempo","status":"publish","type":"post","link":"https:\/\/www.europesays.com\/it\/597437\/","title":{"rendered":"L&#8217;Aria che Tira, Chirico azzera Boldrini: &#8220;Bologna? Da Lepore chiamata alle armi e strumentalizzazione&#8221; \u2013 Il Tempo"},"content":{"rendered":"<p>            <img decoding=\"async\" src=\"https:\/\/www.europesays.com\/it\/wp-content\/uploads\/2026\/07\/171926276-4963a78c-4731-4935-818b-68e6c135e7fd.jpg\" class=\"lazy\" alt=\"\"\/><\/p>\n<p>        Foto: La7<\/p>\n<p>&#13;<\/p>\n<p>\t\t\t\t\t\t\t<a href=\"\" class=\"author\">Rosa Scognamiglio<\/a><\/p>\n<p>\t\t\t\t\t\t\t22 luglio 2026<\/p>\n<p>\u201cSe ogni volta vediamo gli antagonisti che si infiltrano nelle manifestazioni della sinistra, allora la sinistra dovrebbe porsi il problema, perch\u00e9 con le manifestazioni della destra non succede\u201d. Con queste parole la giornalista Annalisa Chirico ha replicato alle dichiarazioni dell\u2019onorevole Laura Boldrini sugli scontri avvenuti a Bologna durante la manifestazione organizzata dopo la morte di Abderrahim Fakir, il 42enne di origini marocchine deceduto durante un intervento della polizia nel quartiere Pilastro, una vicenda sulla quale sta indagando la Procura. Ospite de L\u2019Aria che Tira, il programma condotto da David Parenzo su La7, Boldrini ha difeso la posizione del sindaco di Bologna Matteo Lepore, che aveva promosso un\u2019iniziativa pubblica per chiedere verit\u00e0 e giustizia per la vittima. \u201cLa manifestazione \u00e8 stata fatta per placare gli animi e ribadire che la magistratura sta indagando e noi rispettiamo il lavoro della magistratura, ma quella comunit\u00e0 non doveva sentirsi sola. &#8211; ha spiegato &#8211; Non \u00e8 che per paura dei violenti non si pu\u00f2 fare pi\u00f9 niente, bisogna stare zitti, occhi bassi e nelle case rintanati. Questo \u00e8 un modello che non ci piace perch\u00e9 non \u00e8 un modello democratico e noi non ci adegueremo mai alla violenza\u201d.<\/p>\n<p>\u00a0<\/p>\n<p>\t\t\t\t\t\t\t<a href=\"https:\/\/www.iltempo.it\/iltempotv\/2026\/07\/22\/video\/daniele-capezzone-matteo-lepore-bologna-scontri-agenti-guerra-apocalisse-manifestazione-48638252\/\" rel=\"nofollow noopener\" target=\"_blank\"><\/p>\n<p>\t\t\t\t\t\t\t\t\t<img decoding=\"async\" src=\"https:\/\/www.europesays.com\/it\/wp-content\/uploads\/2026\/07\/160318453-1fe70689-a18e-496e-922a-a5b545651ca8.jpeg\" class=\"lazy\" alt=\"Lepore non ci prenda in giro sull'apocalisse scatenato a Bologna | GUARDA\"\/><\/p>\n<p>\t\t\t\t\t\t\t<\/a><\/p>\n<p class=\"overtitle\">Video su questo argomento<\/p>\n<p>Daniele Capezzone<\/p>\n<\/p>\n<p>\u00a0<\/p>\n<p><strong>\u201cDa destra un attacco strumentale a Lepore\u201d<\/strong><\/p>\n<p>Gli scontri si sono verificati al termine del presidio, che si era svolto in larga parte in modo pacifico in piazza del Nettuno. Successivamente, una parte del corteo si \u00e8 spostata verso le aree della Prefettura e della Questura, dove la situazione \u00e8 rapidamente degenerata. Secondo quanto ricostruito, alcuni manifestanti hanno lanciato bombe carta e altri oggetti contro la polizia, provocando il ferimento di oltre 50 agenti. Gli episodi hanno alimentato lo scontro politico. Alcuni esponenti del centrodestra hanno accusato Lepore di aver contribuito a creare un clima di tensione, contestando la scelta di convocare la manifestazione in una fase ancora delicata dell\u2019indagine sulla morte di Fakir. Boldrini ha respinto le critiche, definendole un attacco politico al primo cittadino: \u201c\u00c8 strumentale l\u2019attacco che la destra sta facendo al sindaco Lepore, che ha fatto una cosa giusta e democratica: ha chiamato la piazza per chiedere verit\u00e0 e giustizia, per manifestare solidariet\u00e0 a una famiglia e una comunit\u00e0 colpiti che avevano e hanno paura. &#8211; ha osservato &#8211; I violenti non hanno nulla a che vedere col sindaco Lepore che infatti hanno contestato il primo cittadino\u201d. Per Boldrini \u201canche senza la chiamata alla piazza, quei violenti ci sarebbero stati comunque e avrebbero compiuto la stessa devastazione&#8221;. \u201cQuindi la risposta democratica non pu\u00f2 essere considerata un errore da parte della destra. &#8211; ha concluso &#8211; Perch\u00e9 la risposta democratica \u00e8 quella di alimentare la partecipazione delle persone, della comunit\u00e0 in un momento difficile. Bologna ha risposto, sono i violenti che andrebbero attenzionati\u201d.<\/p>\n<p>\u00a0<\/p>\n<p>\t\t\t\t\t\t\t\t<a href=\"https:\/\/www.iltempo.it\/attualita\/2026\/07\/22\/news\/bologna-manifestazione-fakir-matteo-lepore-comunicata-o-no-forze-dellordine-questura-48633295\/\" rel=\"nofollow noopener\" target=\"_blank\"><\/p>\n<p>\t\t\t\t\t\t\t\t\t\t<img decoding=\"async\" src=\"https:\/\/img.iltempo.it\/images\/2026\/07\/22\/100546531-d248b1ec-77f8-468d-a30f-1bca0a748fe5.jpg\" class=\"lazy\" alt=\"Ma la manifestazione di Lepore era stata comunicata a  a Questura e Prefettura?\" bad-src=\"https:\/\/www.europesays.com\/it\/wp-content\/uploads\/2025\/07\/placeholder_iltempo.png\"\/><\/p>\n<p>\t\t\t\t\t\t\t\t<\/a><\/p>\n<p>\u00a0<\/p>\n<p><strong>La replica di Annalisa Chirico<\/strong><\/p>\n<p>In risposta alle parole dell\u2019onorevole, Annalisa Chirico ha ribadito che la vicenda della morte di Fakir deve essere lasciata al lavoro degli inquirenti, sollevando qualche perplessit\u00e0 sulla decisione di convocare una manifestazione pubblica in una fase di forte tensione emotiva. \u201cIo credo che il sindaco Lepore abbia tentato malamente di strumentalizzare questo caso perch\u00e9 nelle ore calde, con un morto, in una situazione evidentemente di emotivit\u00e0, ha convocato la piazza. &#8211; ha sottolineato &#8211; Questo \u00e8 stato un errore marchiano perch\u00e9 era molto prevedibile che questa convocazione sarebbe suonata come una chiamata alle armi. Di nuovo emerge il pregiudizio contro le nostre istituzioni\u201d. La giornalista ha poi concluso: \u201cDiamo alla magistratura il tempo di fare le indagini\u201d.<\/p>\n<p>\u00a0<\/p>\n","protected":false},"excerpt":{"rendered":"Foto: La7 &#13; Rosa Scognamiglio 22 luglio 2026 \u201cSe ogni volta vediamo gli antagonisti che si infiltrano nelle&hellip;\n","protected":false},"author":3,"featured_media":597438,"comment_status":"","ping_status":"","sticky":false,"template":"","format":"standard","meta":{"footnotes":"","_share_on_mastodon":"0"},"categories":[1444],"tags":[203,204,1537,90,89,15749,253],"class_list":["post-597437","post","type-post","status-publish","format-standard","has-post-thumbnail","category-tv","tag-entertainment","tag-intrattenimento","tag-it","tag-italia","tag-italy","tag-l","tag-tv"],"share_on_mastodon":{"url":"https:\/\/pubeurope.com\/@it\/116965147968891142","error":""},"_links":{"self":[{"href":"https:\/\/www.europesays.com\/it\/wp-json\/wp\/v2\/posts\/597437","targetHints":{"allow":["GET"]}}],"collection":[{"href":"https:\/\/www.europesays.com\/it\/wp-json\/wp\/v2\/posts"}],"about":[{"href":"https:\/\/www.europesays.com\/it\/wp-json\/wp\/v2\/types\/post"}],"author":[{"embeddable":true,"href":"https:\/\/www.europesays.com\/it\/wp-json\/wp\/v2\/users\/3"}],"replies":[{"embeddable":true,"href":"https:\/\/www.europesays.com\/it\/wp-json\/wp\/v2\/comments?post=597437"}],"version-history":[{"count":0,"href":"https:\/\/www.europesays.com\/it\/wp-json\/wp\/v2\/posts\/597437\/revisions"}],"wp:featuredmedia":[{"embeddable":true,"href":"https:\/\/www.europesays.com\/it\/wp-json\/wp\/v2\/media\/597438"}],"wp:attachment":[{"href":"https:\/\/www.europesays.com\/it\/wp-json\/wp\/v2\/media?parent=597437"}],"wp:term":[{"taxonomy":"category","embeddable":true,"href":"https:\/\/www.europesays.com\/it\/wp-json\/wp\/v2\/categories?post=597437"},{"taxonomy":"post_tag","embeddable":true,"href":"https:\/\/www.europesays.com\/it\/wp-json\/wp\/v2\/tags?post=597437"}],"curies":[{"name":"wp","href":"https:\/\/api.w.org\/{rel}","templated":true}]}}