{"id":597530,"date":"2026-07-22T20:11:23","date_gmt":"2026-07-22T20:11:23","guid":{"rendered":"https:\/\/www.europesays.com\/it\/597530\/"},"modified":"2026-07-22T20:11:23","modified_gmt":"2026-07-22T20:11:23","slug":"il-vescovado-minori-90-anni-per-italo-durso-gli-auguri-in-versi-degli-amici","status":"publish","type":"post","link":"https:\/\/www.europesays.com\/it\/597530\/","title":{"rendered":"Il Vescovado &#8211; Minori, 90 anni per Italo D&#8217;Urso: gli auguri in versi degli amici"},"content":{"rendered":"<p><img decoding=\"async\" class=\"full\" src=\"https:\/\/www.europesays.com\/it\/wp-content\/uploads\/2026\/07\/minori-90-anni-per-italo-d-urso-gli-auguri-in-ve-375137.webp\" alt=\"\"\/><\/p>\n<p><strong>Minori<\/strong> si stringe attorno a <strong>Italo D&#8217;Urso<\/strong>, che oggi festeggia un compleanno speciale: novant&#8217;anni portati, come recita la poesia a lui dedicata, &#8220;<strong>senza tempo<\/strong>&#8220;. A rendere omaggio al traguardo raggiunto sono stati i vicini di casa, che hanno voluto regalargli parole scritte di proprio pugno, capaci di restituire l&#8217;immagine di un uomo che il tempo sembra non aver scalfito: gentile, galante, con quel garbo d&#8217;altri tempi che ancora oggi lo contraddistingue nei saluti e negli incontri quotidiani per le strade della <strong>Citt\u00e0 del Gusto<\/strong>.<\/p>\n<p>La poesia, letta e firmata dagli stessi vicini, ripercorre con affetto e leggerezza i tratti pi\u00f9 cari del carattere di Italo: la socievolezza che non \u00e8 mai venuta meno, il passo ancora deciso nonostante i novant&#8217;anni sulle spalle, un&#8217;esperienza di vita profonda e vera, maturata in novanta primavere vissute con quella che i suoi cari definiscono &#8220;luce intera&#8221;. Non manca, nei versi, un invito affettuoso a concedersi finalmente un po&#8217; di riposo, dopo un cammino lungo e generoso: perch\u00e9, come recita la poesia, &#8220;<strong>chi ha dato tanto merita un po&#8217; di vento<\/strong>&#8220;.<\/p>\n<p>A suggellare il componimento, una citazione di <strong>Madre Teresa di Calcutta<\/strong> scelta apposta per Italo, quasi un testamento di saggezza da custodire: &#8220;La vita \u00e8 bellezza, ammirala. La vita \u00e8 un&#8217;opportunit\u00e0, coglila.&#8221; Parole che sembrano riassumere lo spirito con cui il festeggiato ha attraversato le proprie novant&#8217;anni.<\/p>\n<p>Ecco il testo integrale della poesia dedicata a Italo D&#8217;Urso:<\/p>\n<p>A Italo, 90 anni senza tempo<\/p>\n<p>Novant&#8217;anni portati bene, passo ancora deciso,<br \/>Italo, il tuo saluto \u00e8 sempre franco e preciso.<br \/>Sei gentile, galante, con garbo d&#8217;altri tempi,<br \/>socievole d&#8217;istinto, resti quello che sempre sei.<\/p>\n<p>Gli anni scorrono, ma tu non ti sei mai cambiato:<br \/>pochi capelli in testa, ma il cuore ben pettinato.<br \/>Solo esperienza che si vede, profonda e vera,<br \/>novanta primavere vissute con luce intera.<\/p>\n<p>Ora rallenta un po&#8217; il tuo passo,<br \/>concediti pi\u00f9 tempo, prenditi pi\u00f9 spazio.<br \/>Riposo meritato, dopo tanto cammino:<br \/>chi ha dato tanto merita un po&#8217; di vento.<\/p>\n<p>E sulla Vita ti lascio Madre Teresa di Calcutta:<br \/>&#8220;La vita \u00e8 bellezza, ammirala.<br \/>La vita \u00e8 un&#8217;opportunit\u00e0, coglila.&#8221;<\/p>\n<p>Auguroni di cuore, Italo!<br \/>Con affetto, i vicini<\/p>\n<p>Anche la redazione de Il Vescovado si unisce con affetto ai tanti auguri per il signor Italo D&#8217;Urso: buon compleanno!<\/p>\n<p><b>Se sei arrivato fino a qui<\/b>, significa che apprezzi il nostro impegno nel fornire notizie libere e accessibili a tutti.<\/p>\n<p>Per garantire un ambiente sicuro per i nostri lettori, abbiamo rimosso tutta la pubblicit\u00e0 invasiva, i cookie e i tracciamenti di terze parti.<\/p>\n<p>Tuttavia, per continuare a offrirti un&#8217;informazione di qualit\u00e0, il tuo aiuto \u00e8 fondamentale. Anche un piccolo contributo pu\u00f2 fare la differenza.<\/p>\n<p>Sostieni <b>Il Vescovado!<\/b><\/p>\n<p>Scegli il tuo contributo con <img loading=\"lazy\" decoding=\"async\" src=\"https:\/\/www.europesays.com\/it\/wp-content\/uploads\/2025\/07\/logo-paypal.webp.webp\" width=\"128\" height=\"33\" alt=\"\"\/><\/p>\n","protected":false},"excerpt":{"rendered":"Minori si stringe attorno a Italo D&#8217;Urso, che oggi festeggia un compleanno speciale: novant&#8217;anni portati, come recita la&hellip;\n","protected":false},"author":3,"featured_media":597531,"comment_status":"","ping_status":"","sticky":false,"template":"","format":"standard","meta":{"footnotes":"","_share_on_mastodon":"0"},"categories":[1451],"tags":[22444,22453,22456,8818,1621,1620,11693,200855,22454,6288,22457,203,626,22458,7889,204,1537,90,89,22451,22445,13750,15,477,22447,22450,22443,22452,22448,22446,22442,22455,13552,22441],"class_list":["post-597530","post","type-post","status-publish","format-standard","has-post-thumbnail","category-celebrita","tag-amalfi-news","tag-atrani","tag-attualit","tag-campania","tag-celebrita","tag-celebrities","tag-comunicazione","tag-costa-d39amalfi","tag-costa-di-amalfi","tag-costiera-amalfitana","tag-curiosit","tag-entertainment","tag-eventi","tag-il-vescovado","tag-informazione","tag-intrattenimento","tag-it","tag-italia","tag-italy","tag-maiori","tag-maiori-news","tag-minori","tag-notizie","tag-politica","tag-portale-online-della-costa-di-amalfi","tag-positano","tag-positano-news","tag-praiano","tag-provincia-di-salerno","tag-quotidiano-on-line","tag-ravello-news","tag-ricorrenze","tag-scala","tag-vescovado"],"share_on_mastodon":{"url":"","error":"Validation failed: Text character limit of 500 exceeded"},"_links":{"self":[{"href":"https:\/\/www.europesays.com\/it\/wp-json\/wp\/v2\/posts\/597530","targetHints":{"allow":["GET"]}}],"collection":[{"href":"https:\/\/www.europesays.com\/it\/wp-json\/wp\/v2\/posts"}],"about":[{"href":"https:\/\/www.europesays.com\/it\/wp-json\/wp\/v2\/types\/post"}],"author":[{"embeddable":true,"href":"https:\/\/www.europesays.com\/it\/wp-json\/wp\/v2\/users\/3"}],"replies":[{"embeddable":true,"href":"https:\/\/www.europesays.com\/it\/wp-json\/wp\/v2\/comments?post=597530"}],"version-history":[{"count":0,"href":"https:\/\/www.europesays.com\/it\/wp-json\/wp\/v2\/posts\/597530\/revisions"}],"wp:featuredmedia":[{"embeddable":true,"href":"https:\/\/www.europesays.com\/it\/wp-json\/wp\/v2\/media\/597531"}],"wp:attachment":[{"href":"https:\/\/www.europesays.com\/it\/wp-json\/wp\/v2\/media?parent=597530"}],"wp:term":[{"taxonomy":"category","embeddable":true,"href":"https:\/\/www.europesays.com\/it\/wp-json\/wp\/v2\/categories?post=597530"},{"taxonomy":"post_tag","embeddable":true,"href":"https:\/\/www.europesays.com\/it\/wp-json\/wp\/v2\/tags?post=597530"}],"curies":[{"name":"wp","href":"https:\/\/api.w.org\/{rel}","templated":true}]}}