{"id":597544,"date":"2026-07-22T20:20:18","date_gmt":"2026-07-22T20:20:18","guid":{"rendered":"https:\/\/www.europesays.com\/it\/597544\/"},"modified":"2026-07-22T20:20:18","modified_gmt":"2026-07-22T20:20:18","slug":"samsung-riscrive-gli-smartphone-pieghevoli-arrivano-z-fold8-z-fold8-ultra-e-z-flip8","status":"publish","type":"post","link":"https:\/\/www.europesays.com\/it\/597544\/","title":{"rendered":"Samsung riscrive gli smartphone pieghevoli: arrivano Z Fold8, Z Fold8 Ultra e Z Flip8"},"content":{"rendered":"<p class=\"chapter-paragraph\"><b>Samsung<\/b> ha scelto Londra <a href=\"https:\/\/www.corriere.it\/tecnologia\/cards\/samsung-il-22-luglio-arrivano-i-nuovi-z-fold-pieghevoli-c-e-anche-la-versione-larga-e-il-flip-che-fine-fa-tutte-le-voci\/occhiali-intelligenti-e-android-xr-la-vera-novita-dellevento.shtml\" rel=\"nofollow noopener\" target=\"_blank\">come cornice del <b>Galaxy Unpacked<\/b> estivo<\/a>. Un evento che ha permesso all&#8217;azienda sudcoreana di lanciare non un solo smartphone pieghevole di punta accompagnato dal solito smartwatch di aggiornamento, bens\u00ec di ridisegnare l&#8217;intera gamma in un colpo solo. Cinque prodotti, cinque pubblici diversi, e una strategia che punta a coprire ogni fascia di utenza senza lasciare spazi vuoti ai concorrenti. Da un lato la famiglia Galaxy Z si allarga a tre modelli distinti (<b>Fold8<\/b>, <b>Fold8 Ultra <\/b>e <b>Flip8<\/b>), ciascuno costruito attorno a un&#8217;idea di utente specifica. Dall&#8217;altro la serie Watch si consolida su due proposte, <b>Galaxy Watch Ultra 2<\/b> e <b>Galaxy Watch 9<\/b>, che raccontano bene quanto Samsung stia investendo sul monitoraggio della salute come terreno di battaglia principale contro Apple.<br \/>Il filo che lega tutto \u00e8 l&#8217;intelligenza artificiale. <b><a href=\"https:\/\/www.corriere.it\/tecnologia\/26_maggio_19\/i-nuovi-modelli-gemini-3-5-flash-e-omni-come-cambia-la-ricerca-gli-occhiali-smart-cosa-e-stato-presentato-a-google-i-o-2026-f53f651e-4624-451e-bb0b-2309be21axlk.shtml\" rel=\"nofollow noopener\" target=\"_blank\">Gemini Intelligence<\/a><\/b> entra nei pieghevoli con automazioni che toccano oltre quaranta applicazioni, mentre sugli smartwatch il <b>sensore BioActive <\/b>alimenta funzioni cliniche vere, alcune con tanto di <b>autorizzazione FDA<\/b>. Resta da capire quanto di questo si tradurr\u00e0 in un&#8217;esperienza percepibile nella vita reale e quanto rester\u00e0, come spesso accade, demo da presentazione.<br \/>Sul fronte pieghevoli, la novit\u00e0 pi\u00f9 interessante \u00e8 la segmentazione: per la prima volta Samsung non propone un solo Fold ma due, con l&#8217;Ultra che assorbe le ambizioni professionali e il Fold8 \u00abbase\u00bb\u00a0che punta a un pubblico pi\u00f9 ampio grazie a un formato tutto nuovo. Il Flip8, dal suo canto, resta il pieghevole pi\u00f9 orientato al lifestyle e ai social, con la FlexWindow che diventa sempre pi\u00f9 il vero centro dell&#8217;esperienza quotidiana.<\/p>\n","protected":false},"excerpt":{"rendered":"Samsung ha scelto Londra come cornice del Galaxy Unpacked estivo. Un evento che ha permesso all&#8217;azienda sudcoreana di&hellip;\n","protected":false},"author":3,"featured_media":597545,"comment_status":"","ping_status":"","sticky":false,"template":"","format":"standard","meta":{"footnotes":"","_share_on_mastodon":"0"},"categories":[173],"tags":[2537,329334,329335,1537,90,89,143401,195,198,199,197,200,201,194,196],"class_list":["post-597544","post","type-post","status-publish","format-standard","has-post-thumbnail","category-scienza-e-tecnologia","tag-altra","tag-altra-smartwatch","tag-altra-smartwatch-orientati","tag-it","tag-italia","tag-italy","tag-pieghevoli","tag-science","tag-science-and-technology","tag-scienceandtechnology","tag-scienza","tag-scienza-e-tecnologia","tag-scienzaetecnologia","tag-technology","tag-tecnologia"],"share_on_mastodon":{"url":"https:\/\/pubeurope.com\/@it\/116965489227126438","error":""},"_links":{"self":[{"href":"https:\/\/www.europesays.com\/it\/wp-json\/wp\/v2\/posts\/597544","targetHints":{"allow":["GET"]}}],"collection":[{"href":"https:\/\/www.europesays.com\/it\/wp-json\/wp\/v2\/posts"}],"about":[{"href":"https:\/\/www.europesays.com\/it\/wp-json\/wp\/v2\/types\/post"}],"author":[{"embeddable":true,"href":"https:\/\/www.europesays.com\/it\/wp-json\/wp\/v2\/users\/3"}],"replies":[{"embeddable":true,"href":"https:\/\/www.europesays.com\/it\/wp-json\/wp\/v2\/comments?post=597544"}],"version-history":[{"count":0,"href":"https:\/\/www.europesays.com\/it\/wp-json\/wp\/v2\/posts\/597544\/revisions"}],"wp:featuredmedia":[{"embeddable":true,"href":"https:\/\/www.europesays.com\/it\/wp-json\/wp\/v2\/media\/597545"}],"wp:attachment":[{"href":"https:\/\/www.europesays.com\/it\/wp-json\/wp\/v2\/media?parent=597544"}],"wp:term":[{"taxonomy":"category","embeddable":true,"href":"https:\/\/www.europesays.com\/it\/wp-json\/wp\/v2\/categories?post=597544"},{"taxonomy":"post_tag","embeddable":true,"href":"https:\/\/www.europesays.com\/it\/wp-json\/wp\/v2\/tags?post=597544"}],"curies":[{"name":"wp","href":"https:\/\/api.w.org\/{rel}","templated":true}]}}