{"id":597886,"date":"2026-07-23T01:44:18","date_gmt":"2026-07-23T01:44:18","guid":{"rendered":"https:\/\/www.europesays.com\/it\/597886\/"},"modified":"2026-07-23T01:44:18","modified_gmt":"2026-07-23T01:44:18","slug":"samsung-riscrive-gli-smartphone-pieghevoli-arrivano-z-fold8-z-fold8-ultra-e-z-flip8-2","status":"publish","type":"post","link":"https:\/\/www.europesays.com\/it\/597886\/","title":{"rendered":"Samsung riscrive gli smartphone pieghevoli: arrivano Z Fold8, Z Fold8 Ultra e Z Flip8"},"content":{"rendered":"<p class=\"chapter-paragraph\">Con <b>Galaxy Z Fold8<\/b>, Samsung introduce un prodotto pensato da zero attorno a un&#8217;idea diversa di utilizzo. L&#8217;obiettivo dichiarato \u00e8 la fruizione dei contenuti (video, giochi, letture lunghe) pi\u00f9 che la produttivit\u00e0 spinta che caratterizza da sempre la linea Fold. Lo si capisce dal peso: 201 grammi, il pi\u00f9 basso mai raggiunto da un Fold Samsung, ottenuto senza sacrificare la <b>batteria da 4.800 mAh<\/b>, che resta generosa per un dispositivo pieghevole di questa categoria.<br \/>Le proporzioni del display raccontano la stessa filosofia. Da chiuso, lo schermo esterno in <b>formato 10:16<\/b> gestisce bene le interazioni rapide della giornata, dai messaggi ai social. Da aperto, il pannello principale passa a <b>un rapporto 4:35<\/b> pensato apposta per film e videogiochi, mentre ruotando il dispositivo lo stesso schermo si presta meglio alla lettura di articoli ed e-book. \u00c8 un approccio interessante perch\u00e9 prova a risolvere un problema reale dei pieghevoli finora ignorato: l&#8217;assenza di un formato davvero adatto a ogni tipo di contenuto, non solo alle app.<br \/>La <b>tecnologia Flex Titanium<\/b>, comune a tutta la nuova serie, introduce una struttura del display basata su una lega di titanio abbinata a una piastra migliorata, con l&#8217;obiettivo dichiarato di ridurre la visibilit\u00e0 della piega centrale, storicamente uno dei limiti pi\u00f9 criticati dei pieghevoli Samsung. Il comparto fotografico resta pi\u00f9 contenuto rispetto al modello Ultra, con una doppia fotocamera da 50 megapixel su grandangolare e ultra-grandangolare, ma introduce funzioni pensate per i social come la Doppia registrazione, che cattura entrambi i lati della scena contemporaneamente, e My FanCam, che segue automaticamente il soggetto inquadrato adattando il formato per la pubblicazione immediata. In Italia <b>Galaxy Z Fold8<\/b> sar\u00e0 acquistabile a partire da 2.099 euro per la versione da 12GB di RAM e 256GB di archiviazione, con il taglio da 512GB proposto a 2.299 euro e la versione top da 16GB e 1TB a 2.699 euro.<\/p>\n","protected":false},"excerpt":{"rendered":"Con Galaxy Z Fold8, Samsung introduce un prodotto pensato da zero attorno a un&#8217;idea diversa di utilizzo. L&#8217;obiettivo&hellip;\n","protected":false},"author":3,"featured_media":597545,"comment_status":"","ping_status":"","sticky":false,"template":"","format":"standard","meta":{"footnotes":"","_share_on_mastodon":"0"},"categories":[173],"tags":[2537,329334,329335,1537,90,89,143401,195,198,199,197,200,201,194,196],"class_list":["post-597886","post","type-post","status-publish","format-standard","has-post-thumbnail","category-scienza-e-tecnologia","tag-altra","tag-altra-smartwatch","tag-altra-smartwatch-orientati","tag-it","tag-italia","tag-italy","tag-pieghevoli","tag-science","tag-science-and-technology","tag-scienceandtechnology","tag-scienza","tag-scienza-e-tecnologia","tag-scienzaetecnologia","tag-technology","tag-tecnologia"],"share_on_mastodon":{"url":"https:\/\/pubeurope.com\/@it\/116966763189299424","error":""},"_links":{"self":[{"href":"https:\/\/www.europesays.com\/it\/wp-json\/wp\/v2\/posts\/597886","targetHints":{"allow":["GET"]}}],"collection":[{"href":"https:\/\/www.europesays.com\/it\/wp-json\/wp\/v2\/posts"}],"about":[{"href":"https:\/\/www.europesays.com\/it\/wp-json\/wp\/v2\/types\/post"}],"author":[{"embeddable":true,"href":"https:\/\/www.europesays.com\/it\/wp-json\/wp\/v2\/users\/3"}],"replies":[{"embeddable":true,"href":"https:\/\/www.europesays.com\/it\/wp-json\/wp\/v2\/comments?post=597886"}],"version-history":[{"count":0,"href":"https:\/\/www.europesays.com\/it\/wp-json\/wp\/v2\/posts\/597886\/revisions"}],"wp:featuredmedia":[{"embeddable":true,"href":"https:\/\/www.europesays.com\/it\/wp-json\/wp\/v2\/media\/597545"}],"wp:attachment":[{"href":"https:\/\/www.europesays.com\/it\/wp-json\/wp\/v2\/media?parent=597886"}],"wp:term":[{"taxonomy":"category","embeddable":true,"href":"https:\/\/www.europesays.com\/it\/wp-json\/wp\/v2\/categories?post=597886"},{"taxonomy":"post_tag","embeddable":true,"href":"https:\/\/www.europesays.com\/it\/wp-json\/wp\/v2\/tags?post=597886"}],"curies":[{"name":"wp","href":"https:\/\/api.w.org\/{rel}","templated":true}]}}