{"id":598449,"date":"2026-07-23T11:07:16","date_gmt":"2026-07-23T11:07:16","guid":{"rendered":"https:\/\/www.europesays.com\/it\/598449\/"},"modified":"2026-07-23T11:07:16","modified_gmt":"2026-07-23T11:07:16","slug":"robbie-williams-a-porto-cervo-per-levento-esclusivo-dellanno-del-big-art-festival","status":"publish","type":"post","link":"https:\/\/www.europesays.com\/it\/598449\/","title":{"rendered":"Robbie Williams a Porto Cervo per l\u2019evento esclusivo dell\u2019anno del Big Art Festival"},"content":{"rendered":"<p>Il <strong>9 agosto 2026<\/strong>, nel leggendario <strong>Romazzino, a Belmond Hotel <\/strong>affacciato sulle acque cristalline della Costa Smeralda, a <strong>Porto Cervo<\/strong>, il Big Art Festival accoglier\u00e0 la celebre icona musicale globale <a data-intcmp=\"skytg24_foglia articolo_interlink_text\" href=\"https:\/\/tg24.sky.it\/spettacolo\/2026\/05\/05\/robbie-williams-dente\" target=\"_self\" rel=\"nofollow noopener\">Robbie Williams<\/a>, che <strong>si esibir\u00e0 dal vivo<\/strong> in uno degli <strong>eventi privati pi\u00f9 esclusivi d\u2019Europa<\/strong>. L\u2019artista vanta una carriera di oltre 30 anni, con pi\u00f9 di 85 milioni di album venduti in tutto il mondo e un catalogo straordinario di successi internazionali. Grazie al suo carisma, al suo umorismo, alla sua straordinaria presenza scenica e alla sua connessione unica con il pubblico, trasformer\u00e0 anche questa performance in uno spettacolo indimenticabile. Sar\u00e0 un\u2019opportunit\u00e0 rara di vivere un artista globale nell\u2019atmosfera intima di un gala privato su invito, in un concerto che si fonder\u00e0 inoltre anche alla musica, alla gastronomia, alla moda e al design.<\/p>\n<p>\t\t \tIL COCKTAIL, LA CENA DI GALA, LA SFILATA DI CHOPARD E I CONCERTI<\/p>\n<p>Negli ultimi cinque anni, il Big Art Festival \u00e8 diventato una delle piattaforme culturali di lusso pi\u00f9 esclusive al mondo. Riunisce infatti artisti di fama internazionale, imprenditori visionari, collezionisti, family office, leader culturali e ospiti illustri attraverso una combinazione unica di <strong>musica<\/strong>, <strong>arte<\/strong>, <strong>gastronomia<\/strong>, <strong>moda<\/strong> e <strong>ospitalit\u00e0<\/strong> eccezionale. L\u2019edizione 2026 sar\u00e0 non solo una serata di gala, ma anche un\u2019esperienza di lusso immersiva. Gli ospiti percorreranno un viaggio emozionale, dall\u2019elegante <strong>cocktail al tramonto<\/strong> con vista sul Mediterraneo (dove la luce dorata della Costa Smeralda trasformer\u00e0 il Romazzino in uno scenario indimenticabile), alla <strong>cena di gala<\/strong> durante la quale <strong>Chopard<\/strong>, la leggendaria maison di gioielli e orologi che ha da sempre simboleggiato l\u2019estetica raffinata, il glamour del red carpet e l\u2019art de vivre internazionale, presenter\u00e0 una <strong>sfilata<\/strong> che abbiner\u00e0 le sue creazioni di Alta Gioielleria alle silhouette di Caroline\u2019s Couture, celebrando cos\u00ec l\u2019eleganza senza tempo e l\u2019arte dei suoi artigiani. Non mancher\u00e0, naturalmente, la musica in formato \u201cnarrazione artistica continua\u201d. Innanzitutto, il sassofonista di fama internazionale <strong>Max Merseny<\/strong>, dalle esibizioni diventate sinonimo dei principali eventi di lusso nel mondo, creer\u00e0 l\u2019atmosfera con il suo suono peculiare. Seguiranno poi la performance speciale dei carismatici <strong>Esteriore Brothers<\/strong>, l\u2019acclamato ensemble italiano che fonde le melodie classiche italiane con un\u2019energia contemporanea e un\u2019affascinante presenza scenica, e l&#8217;esibizione di\u00a0<strong>DJ Katty Leen<\/strong>, che proporr\u00e0 un sofisticato set in grado di diffondere una raffinata armonia notturna sotto il cielo mediterraneo. Infine, arriver\u00e0 l\u2019attesissima performance di <strong>Robbie Williams<\/strong>. Guider\u00e0 la serata l&#8217;anchorwoman <strong>Eleonora Incardona<\/strong>, in veste di presentatrice.<\/p>\n<p>\t\t\t<a class=\"c-inline-card j-inline-card c-inline-card--with-image\" href=\"https:\/\/tg24.sky.it\/spettacolo\/video\/2026\/07\/16\/mondiali-2026-laura-pausini-canta-desire-con-robbie-williams-e-nicole-scherzinger-alla-cerimonia-di-chiusura-1112265\" rel=\"follow nofollow noopener\" data-intcmp=\"skytg24_articolo_approfondimenti_inline\" target=\"_blank\"><\/p>\n<p>\t\t\t         <img decoding=\"async\" crossorigin=\"anonymous\" alt=\"\" src=\"https:\/\/www.europesays.com\/it\/wp-content\/uploads\/2026\/07\/1112265_1784195105007_thumb_494.0000001_1784195188975.jpg\"  loading=\"lazy\"  bad-src=\"https:\/\/www.europesays.com\/it\/wp-content\/uploads\/2026\/07\/1112265_1784195105007_thumb_494.0000001_1784195188975.jpg\"\/><\/p>\n<p>\n\t\t\t         Approfondimento<br \/>\n\t\t\t         Mondiali 2026, Laura Pausini canta &#8220;Desire&#8221; con Robbie Williams e Nicole Scherzinger alla cerimonia di chiusura\n\t\t\t      <\/p>\n<p>\t\t\t<\/a><\/p>\n<p>\t\t \tIL BIG ART FESTIVAL<\/p>\n<p>&#8220;Per noi, Porto Cervo \u00e8 uno dei veri gioielli della stagione. Il Romazzino \u00e8 diventato molto pi\u00f9 di una semplice sede per il Festival Big Art: \u00e8 un luogo dove la bellezza della Costa Smeralda, l&#8217;eccezionale calibro dei nostri ospiti e la nostra visione del lusso contemporaneo si uniscono naturalmente. Il secondo anno di questa collaborazione rappresenta qualcosa di particolarmente significativo per noi: una storia di fiducia, gusto impeccabile e una visione condivisa\u201d, ha dichiarato <strong>Maxim Berin<\/strong>, CEO di Berin Iglesias Art (societ\u00e0 internazionale di gestione eventi con olte 20 anni di esperienza e rinomata per aver stabilito parametri di eccellenza nell&#8217;industria degli eventi globali, dalle grandi cene di gala, ai concerti su larga scala, fino alle iniziative di beneficenza e agli eventi privati e aziendali) e fondatore del Big Art Festival. \u201cRobbie Williams a Porto Cervo \u00e8 molto pi\u00f9 di un concerto. Stiamo creando un&#8217;esperienza immersiva di classe mondiale in cui ogni elemento, dall&#8217;arrivo alla cena, alla moda, musica e gastronomia, diventa parte di un&#8217;unica storia emozionale. Oggi, l&#8217;opportunit\u00e0 di vivere un artista del calibro di Robbie Williams in un ambiente cos\u00ec intimo \u00e8 eccezionalmente rara. La nostra ambizione \u00e8 sempre stata quella di creare momenti che rimangano con i nostri ospiti molto tempo dopo la fine della serata\u201d. L&#8217;edizione di Porto Cervo prosegue infatti la filosofia internazionale del Big Art Festival: creare non solo eventi, ma veri e propri momenti culturali dove musica, arte, moda, gastronomia e ospitalit\u00e0 diventano un\u2019unica esperienza estetica. La serata sar\u00e0 impreziosita anche dal supporto di altri prestigiosi partner, che includono la casa vinicola La Scolca, D.Rock Champagne, Tony Sasa con la sua collezione di prestigiosi vini rossi toscani e Adoria Caviar by Gourmet Corner Porto Cervo, le cui raffinate offerte culinarie contribuiscono all&#8217;identit\u00e0 gastronomica dell&#8217;evento. Ulteriore partner sar\u00e0 Denza, parte del gruppo Byd, il marchio automobilistico premium che ridefinisce la mobilit\u00e0 intelligente di lusso e che combina tecnologia avanzata, design elegante e comfort eccezionale. Durante l&#8217;edizione di Porto Cervo, Denza presenter\u00e0 la sua visione del lusso contemporaneo, integrandosi perfettamente con la filosofia del festival di celebrare l&#8217;eccellenza, il design e le esperienze indimenticabili. Intanto, il 2026 segna una pietra miliare importante per Big Art Festival, che celebra il suo quinto anniversario con un programma internazionale che abbraccia St. Moritz, Courchevel, Hong Kong (in collaborazione con Tatler Asia durante Art Basel Hong Kong), Samarcanda, New York e Monaco prima di culminare proprio a Porto Cervo, il top della stagione estiva europea.<\/p>\n<p>\u00a0<\/p>\n<p>\t\t\t<a class=\"c-inline-card j-inline-card c-inline-card--with-image\" href=\"https:\/\/tg24.sky.it\/spettacolo\/musica\/2026\/07\/01\/robbie-williams-angels-siviglia-video\" rel=\"follow nofollow noopener\" data-intcmp=\"skytg24_articolo_approfondimenti_inline\" target=\"_blank\"><\/p>\n<p>\t\t\t         <img decoding=\"async\" crossorigin=\"anonymous\" alt=\"\" src=\"https:\/\/www.europesays.com\/it\/wp-content\/uploads\/2026\/07\/1784804836_349_robbie.jpg\"  loading=\"lazy\"  bad-src=\"https:\/\/www.europesays.com\/it\/wp-content\/uploads\/2026\/07\/1784804836_349_robbie.jpg\"\/><\/p>\n<p>\n\t\t\t         Approfondimento<br \/>\n\t\t\t         Robbie Williams, a Siviglia canta Angels con un musicista di strada\n\t\t\t      <\/p>\n<p>\t\t\t<\/a><\/p>\n","protected":false},"excerpt":{"rendered":"Il 9 agosto 2026, nel leggendario Romazzino, a Belmond Hotel affacciato sulle acque cristalline della Costa Smeralda, a&hellip;\n","protected":false},"author":3,"featured_media":598450,"comment_status":"","ping_status":"","sticky":false,"template":"","format":"standard","meta":{"footnotes":"","_share_on_mastodon":"0"},"categories":[1443],"tags":[2943,203,204,1537,90,89,1538,1539,31372,3954],"class_list":["post-598449","post","type-post","status-publish","format-standard","has-post-thumbnail","category-musica","tag-concerti","tag-entertainment","tag-intrattenimento","tag-it","tag-italia","tag-italy","tag-music","tag-musica","tag-robbie-williams","tag-sardegna"],"share_on_mastodon":{"url":"https:\/\/pubeurope.com\/@it\/116968977812765353","error":""},"_links":{"self":[{"href":"https:\/\/www.europesays.com\/it\/wp-json\/wp\/v2\/posts\/598449","targetHints":{"allow":["GET"]}}],"collection":[{"href":"https:\/\/www.europesays.com\/it\/wp-json\/wp\/v2\/posts"}],"about":[{"href":"https:\/\/www.europesays.com\/it\/wp-json\/wp\/v2\/types\/post"}],"author":[{"embeddable":true,"href":"https:\/\/www.europesays.com\/it\/wp-json\/wp\/v2\/users\/3"}],"replies":[{"embeddable":true,"href":"https:\/\/www.europesays.com\/it\/wp-json\/wp\/v2\/comments?post=598449"}],"version-history":[{"count":0,"href":"https:\/\/www.europesays.com\/it\/wp-json\/wp\/v2\/posts\/598449\/revisions"}],"wp:featuredmedia":[{"embeddable":true,"href":"https:\/\/www.europesays.com\/it\/wp-json\/wp\/v2\/media\/598450"}],"wp:attachment":[{"href":"https:\/\/www.europesays.com\/it\/wp-json\/wp\/v2\/media?parent=598449"}],"wp:term":[{"taxonomy":"category","embeddable":true,"href":"https:\/\/www.europesays.com\/it\/wp-json\/wp\/v2\/categories?post=598449"},{"taxonomy":"post_tag","embeddable":true,"href":"https:\/\/www.europesays.com\/it\/wp-json\/wp\/v2\/tags?post=598449"}],"curies":[{"name":"wp","href":"https:\/\/api.w.org\/{rel}","templated":true}]}}