{"id":59848,"date":"2025-08-21T08:21:09","date_gmt":"2025-08-21T08:21:09","guid":{"rendered":"https:\/\/www.europesays.com\/it\/59848\/"},"modified":"2025-08-21T08:21:09","modified_gmt":"2025-08-21T08:21:09","slug":"atalanta-e-caso-lookman-il-commento-di-licari-sulla-gazzetta","status":"publish","type":"post","link":"https:\/\/www.europesays.com\/it\/59848\/","title":{"rendered":"Atalanta e caso Lookman, il commento di Licari sulla Gazzetta"},"content":{"rendered":"<p>                        A Bergamo hanno agito in silenzio ma fermamente, dimostrando che    i contratti possono essere ancora rispettati<\/p>\n<p class=\"has-first-letter\">Dir\u00e0 poi la classifica  chi ha fatto veramente l\u2019affare, ma  oggi \u00e8 l\u2019Atalanta ad aver conquistato tre  punti in un campionato spesso sottovalutato, se non vilipeso: quello del rispetto dei contratti. Lungi da noi rimpiangere lo scenario dei calciatori propriet\u00e0 dei club come fossero oggetti: dal 1981 addio cartellino e solo accordi a scadenza. Giusto. Per\u00f2  \u00e8 arrivata la Bosman a far saltare  tutti i giochi.\u00a0<\/p>\n","protected":false},"excerpt":{"rendered":"A Bergamo hanno agito in silenzio ma fermamente, dimostrando che i contratti possono essere ancora rispettati Dir\u00e0 poi&hellip;\n","protected":false},"author":3,"featured_media":59849,"comment_status":"","ping_status":"","sticky":false,"template":"","format":"standard","meta":{"footnotes":"","_share_on_mastodon":"0"},"categories":[176],"tags":[48100,48101,48102,1471,48103,48104,2983,48105,48106,1005,48107,48108,735,48109,48110,7169,48111,48112,3534,48113,6315,569,562,23153,48098,1952,554,9943,6693,11373,25,350,1537,90,89,565,574,14344,3522,4734,18518,48099,1438,12349,835,245,244,1857,997],"class_list":["post-59848","post","type-post","status-publish","format-standard","has-post-thumbnail","category-sport","tag-accontentato","tag-accontentato-club","tag-accontentato-club-cedere","tag-accordi","tag-accordi-scadenza","tag-accordi-scadenza-giusto","tag-addio","tag-addio-cartellino","tag-addio-cartellino-accordi","tag-aereo","tag-aereo-contratto","tag-aereo-contratto-rispettato","tag-affare","tag-affare-atalanta","tag-affare-atalanta-conquistato","tag-agente","tag-agente-pallone","tag-agente-pallone-oro","tag-agenti","tag-agenti-bergamo","tag-arrivata","tag-atalanta","tag-attaccante","tag-bravi","tag-buchi","tag-calciatori","tag-club","tag-contratti","tag-contratto","tag-creata","tag-discorso","tag-inter","tag-it","tag-italia","tag-italy","tag-juve","tag-lookman","tag-neanche","tag-possono","tag-prezzo","tag-saltare","tag-sbattere","tag-scadenza","tag-sicuro","tag-silenzio","tag-sport","tag-sports","tag-squadra","tag-ue"],"share_on_mastodon":{"url":"","error":""},"_links":{"self":[{"href":"https:\/\/www.europesays.com\/it\/wp-json\/wp\/v2\/posts\/59848","targetHints":{"allow":["GET"]}}],"collection":[{"href":"https:\/\/www.europesays.com\/it\/wp-json\/wp\/v2\/posts"}],"about":[{"href":"https:\/\/www.europesays.com\/it\/wp-json\/wp\/v2\/types\/post"}],"author":[{"embeddable":true,"href":"https:\/\/www.europesays.com\/it\/wp-json\/wp\/v2\/users\/3"}],"replies":[{"embeddable":true,"href":"https:\/\/www.europesays.com\/it\/wp-json\/wp\/v2\/comments?post=59848"}],"version-history":[{"count":0,"href":"https:\/\/www.europesays.com\/it\/wp-json\/wp\/v2\/posts\/59848\/revisions"}],"wp:featuredmedia":[{"embeddable":true,"href":"https:\/\/www.europesays.com\/it\/wp-json\/wp\/v2\/media\/59849"}],"wp:attachment":[{"href":"https:\/\/www.europesays.com\/it\/wp-json\/wp\/v2\/media?parent=59848"}],"wp:term":[{"taxonomy":"category","embeddable":true,"href":"https:\/\/www.europesays.com\/it\/wp-json\/wp\/v2\/categories?post=59848"},{"taxonomy":"post_tag","embeddable":true,"href":"https:\/\/www.europesays.com\/it\/wp-json\/wp\/v2\/tags?post=59848"}],"curies":[{"name":"wp","href":"https:\/\/api.w.org\/{rel}","templated":true}]}}