{"id":598824,"date":"2026-07-23T16:08:15","date_gmt":"2026-07-23T16:08:15","guid":{"rendered":"https:\/\/www.europesays.com\/it\/598824\/"},"modified":"2026-07-23T16:08:15","modified_gmt":"2026-07-23T16:08:15","slug":"legionella-38-casi-dallinizio-dellanno-fondamentale-la-pulizia-dei-rubinetti-il-decalogo-per-evitare-il-batterio","status":"publish","type":"post","link":"https:\/\/www.europesays.com\/it\/598824\/","title":{"rendered":"Legionella, 38 casi dall\u2019inizio dell\u2019anno: \u00abFondamentale la pulizia dei rubinetti\u00bb. Il decalogo per evitare il batterio"},"content":{"rendered":"<p><strong><a href=\"https:\/\/www.ilgazzettino.it\/t\/padova\" rel=\"nofollow noopener\" target=\"_blank\">PADOVA<\/a><\/strong>\u00a0&#8211; Sono 38 i casi di legionellosi registrati tra Padova e provincia dal primo gennaio a oggi. Un numero che riporta l\u2019attenzione su una malattia che, pur essendo legata spesso a situazioni circoscritte, resta sotto osservazione da parte delle autorit\u00e0 sanitarie.\u00a0Nella maggior parte dei casi le infezioni sono state ricondotte ad ambienti privati e residenziali ma la prevenzione resta fondamentale, anche nelle strutture ricettive, negli stabilimenti termali e nelle strutture socio-sanitarie, come le Rsa.\u00a0<\/p>\n<p>    &#13;<\/p>\n<p>APPROFONDIMENTI<\/p>\n<p>&#13;<br \/>\n        &#13;<\/p>\n<p><strong>LE PRECAUZIONI<\/strong><\/p>\n<p>A richiamare l\u2019attenzione sul tema \u00e8 il Servizio di Igiene e Sanit\u00e0 Pubblica (Sisp) dell\u2019Ulss 6 Euganea, che invita Comuni, gestori di strutture e cittadini a mantenere alta la guardia e ad applicare correttamente tutte le misure previste per limitare la proliferazione del batterio. La <strong><a href=\"https:\/\/www.ilgazzettino.it\/t\/legionella\" rel=\"nofollow noopener\" target=\"_blank\">legionella<\/a><\/strong>, infatti, pu\u00f2 svilupparsi negli impianti idrici dove si creano condizioni favorevoli, in particolare in presenza di ristagni d\u2019acqua, temperature non adeguate o scarsa manutenzione delle reti.<\/p>\n<p>Per questo l\u2019Azienda sanitaria ricorda alcune semplici ma importanti precauzioni da adottare anche nelle abitazioni. Tra le principali indicazioni c\u2019\u00e8 il controllo della temperatura dell\u2019acqua: il boiler deve essere mantenuto tra i 55 e i 60 gradi, mentre l\u2019acqua calda deve raggiungere i rubinetti ad almeno 50 gradi.\u00a0<br \/>Dopo periodi di inutilizzo, come nel caso di abitazioni rimaste chiuse per diversi giorni, \u00e8 consigliato far scorrere per alcuni minuti sia l\u2019acqua calda sia quella fredda da tutti i rubinetti e dalle docce.\u00a0<\/p>\n<p>Particolare attenzione va riservata, anche, alla pulizia dei terminali degli impianti. I filtri dei rubinetti e i soffioni delle docce devono essere smontati e puliti periodicamente, eliminando calcare e incrostazioni che possono favorire l\u2019accumulo del batterio. \u00c8 inoltre importante evitare la presenza di tratti inutilizzati o \u201crami morti\u201d nelle reti idriche dove l\u2019acqua pu\u00f2 ristagnare. Non meno rilevante la manutenzione degli impianti: i serbatoi di accumulo devono essere controllati e igienizzati regolarmente, cos\u00ec come i filtri dei condizionatori e le Unit\u00e0 di trattamento aria (Uta), soprattutto nelle strutture dove gli impianti sono utilizzati da molte persone.\u00a0<\/p>\n<p><strong>LA MALATTIA<\/strong><br \/>La legionella (Legionella pneumophila) \u00e8 un batterio presente nell\u2019ambiente, in particolare nelle acque, nei sistemi di aerazione e nei terreni umidi. \u00c8 responsabile della legionellosi, un\u2019infezione dell\u2019apparato respiratorio che pu\u00f2 manifestarsi con sintomi simili a quelli influenzali, ma che nei casi pi\u00f9 gravi pu\u00f2 evolvere in una forma di polmonite anche severa. Il contagio avviene attraverso l\u2019inalazione di piccolissime goccioline d\u2019acqua contaminate disperse nell\u2019aria, ad esempio durante l\u2019utilizzo della doccia o attraverso impianti non adeguatamente mantenuti. Non avviene, invece, attraverso il consumo di acqua n\u00e9 per contatto diretto tra persone. La legionellosi, infatti, non si trasmette da individuo a individuo.\u00a0L\u2019Ulss 6 Euganea ribadisce quindi che la prevenzione passa soprattutto dalla corretta gestione degli impianti e da comportamenti quotidiani semplici, capaci di ridurre il rischio e impedire la diffusione del batterio. Inoltre invita Comuni e gestori delle strutture a rispettare scrupolosamente la normativa vigente.\u00a0<\/p>\n","protected":false},"excerpt":{"rendered":"PADOVA\u00a0&#8211; Sono 38 i casi di legionellosi registrati tra Padova e provincia dal primo gennaio a oggi. Un&hellip;\n","protected":false},"author":3,"featured_media":598825,"comment_status":"","ping_status":"","sticky":false,"template":"","format":"standard","meta":{"footnotes":"","_share_on_mastodon":"0"},"categories":[175],"tags":[239,1537,90,89,130728,9839,240],"class_list":["post-598824","post","type-post","status-publish","format-standard","has-post-thumbnail","category-salute","tag-health","tag-it","tag-italia","tag-italy","tag-legionella","tag-padova","tag-salute"],"share_on_mastodon":{"url":"https:\/\/pubeurope.com\/@it\/116970160481005683","error":""},"_links":{"self":[{"href":"https:\/\/www.europesays.com\/it\/wp-json\/wp\/v2\/posts\/598824","targetHints":{"allow":["GET"]}}],"collection":[{"href":"https:\/\/www.europesays.com\/it\/wp-json\/wp\/v2\/posts"}],"about":[{"href":"https:\/\/www.europesays.com\/it\/wp-json\/wp\/v2\/types\/post"}],"author":[{"embeddable":true,"href":"https:\/\/www.europesays.com\/it\/wp-json\/wp\/v2\/users\/3"}],"replies":[{"embeddable":true,"href":"https:\/\/www.europesays.com\/it\/wp-json\/wp\/v2\/comments?post=598824"}],"version-history":[{"count":0,"href":"https:\/\/www.europesays.com\/it\/wp-json\/wp\/v2\/posts\/598824\/revisions"}],"wp:featuredmedia":[{"embeddable":true,"href":"https:\/\/www.europesays.com\/it\/wp-json\/wp\/v2\/media\/598825"}],"wp:attachment":[{"href":"https:\/\/www.europesays.com\/it\/wp-json\/wp\/v2\/media?parent=598824"}],"wp:term":[{"taxonomy":"category","embeddable":true,"href":"https:\/\/www.europesays.com\/it\/wp-json\/wp\/v2\/categories?post=598824"},{"taxonomy":"post_tag","embeddable":true,"href":"https:\/\/www.europesays.com\/it\/wp-json\/wp\/v2\/tags?post=598824"}],"curies":[{"name":"wp","href":"https:\/\/api.w.org\/{rel}","templated":true}]}}