{"id":599505,"date":"2026-07-24T02:45:21","date_gmt":"2026-07-24T02:45:21","guid":{"rendered":"https:\/\/www.europesays.com\/it\/599505\/"},"modified":"2026-07-24T02:45:21","modified_gmt":"2026-07-24T02:45:21","slug":"la-storia-di-silvia-orazio-la-dottoressa-che-nel-giorno-di-riposo-salva-una-ciclista-di-16-anni-era-a-terra-non-rispondeva-ho-fatto-quello-che-ogni-medico-farebbe","status":"publish","type":"post","link":"https:\/\/www.europesays.com\/it\/599505\/","title":{"rendered":"La storia di Silvia Orazio, la dottoressa che, nel giorno di riposo, salva una ciclista di 16 anni: \u00abEra a terra, non rispondeva. Ho fatto quello che ogni medico farebbe\u00bb"},"content":{"rendered":"<p><strong>Silvia Orazio, ci racconta cosa \u00e8 successo domenica?<\/strong><br \/>\u00abIo e mio marito abitiamo sul Montello, una collina dove spesso la domenica si fanno gare ciclistiche. Eravamo a casa, avevamo appena finito di lavare il cane, avevamo le finestre aperte e abbiamo sentito il suono di una sirena. All&#8217;inizio non ci \u00e8 sembrato strano: poi per\u00f2 abbiamo avvertito concitazione, abbiamo sentito la parola elisoccorso. E l\u00ec \u00e8 scattato un clic. Mi sono detta: vado a vedere\u00bb..<\/p>\n<p><strong>Cosa ha trovato?<\/strong><br \/>\u00abElena era a terra, non cosciente, respirava male. La situazione era pi\u00f9 seria di quanto potessi immaginare. Ho chiesto che chiamassero mio marito. C&#8217;erano dei soccorritori che sono stati bravissimi a fare quello che andava fatto compatibilmente con le loro capacit\u00e0 e competenze. Elena aveva la pressione molto bassa, Emanuele \u00e8 infermiere. Insieme abbiamo iniziato le procedure di emergenza\u00bb.<\/p>\n<p><strong>Era preoccupata?<\/strong><br \/>\u00abNo. Sapevo che i miei colleghi stavano arrivando. Il campo dove l&#8217;elicottero \u00e8 atterrato era vicinissimo. Per\u00f2 noi abbiamo guadagnato circa venticinque minuti. Elena aveva una saturazione bassa, non stava respirando bene. L&#8217;ho supportandola ventilandola con l&#8217;ossigeno, mio marito ha reperito un accesso venoso e abbiamo iniziato a infondere liquidi per aumentare la pressione quando l&#8217;elisoccorso \u00e8 arrivato aveva buoni parametri respiratori e una buona pressione che ci ha permesso di fare i farmaci per sedarla e mettere il tubo. Ovviamente c&#8217;\u00e8 stata la loro sorpresa. Mi hanno chiesto: ma cosa fai qui? Ci vivo, ho risposto\u00bb.<\/p>\n<p><strong>Siete diventati gli eroi del giorno.<\/strong><br \/>\u00abLa cosa che mi preme dire \u00e8 proprio questa: c&#8217;\u00e8 stato un affetto incredibile intorno a noi ma vorrei che passasse il concetto che non sono stata io a salvare Elena, ma \u00e8 stato il sistema 118 e l&#8217;ha salvata anche chi ha chiamato, fare una chiamata corretta al 118 significa perdere meno tempo e fare in modo che vengano inviati i supporti giusti. Se c&#8217;\u00e8 un merito, questo \u00e8 condiviso\u00bb.<\/p>\n<p><strong>Ha sempre voluto fare questo nella vita?<\/strong><br \/>\u00abSi. Non mi vedevo chiusa in una sala operatoria. Ho cominciato a fare il 118 al terzo anno di universit\u00e0. Quest&#8217;anno sono 15 anni che sono all&#8217;Usl, da 5 anni sono la Responsabile della centrale operativa del 118 di Treviso. Credo che il mio sia un bellissimo lavoro. Lavorare nell&#8217;emergenza \u00e8 stabilire un contatto unico non solo con i pazienti ma anche con le loro famiglie. Sapere che con il tuo aiuto hai rimandato a casa, un padre, un marito, una figlia, non ha prezzo\u00bb<\/p>\n","protected":false},"excerpt":{"rendered":"Silvia Orazio, ci racconta cosa \u00e8 successo domenica?\u00abIo e mio marito abitiamo sul Montello, una collina dove spesso&hellip;\n","protected":false},"author":3,"featured_media":599506,"comment_status":"","ping_status":"","sticky":false,"template":"","format":"standard","meta":{"footnotes":"","_share_on_mastodon":"0"},"categories":[1456],"tags":[1824,1825,1537,90,89,7,245,244,2685,6123,6124],"class_list":["post-599505","post","type-post","status-publish","format-standard","has-post-thumbnail","category-ciclismo","tag-ciclismo","tag-cycling","tag-it","tag-italia","tag-italy","tag-news","tag-sport","tag-sports","tag-storie","tag-textabovecenterfullbleed","tag-web"],"share_on_mastodon":{"url":"https:\/\/pubeurope.com\/@it\/116972665099907958","error":""},"_links":{"self":[{"href":"https:\/\/www.europesays.com\/it\/wp-json\/wp\/v2\/posts\/599505","targetHints":{"allow":["GET"]}}],"collection":[{"href":"https:\/\/www.europesays.com\/it\/wp-json\/wp\/v2\/posts"}],"about":[{"href":"https:\/\/www.europesays.com\/it\/wp-json\/wp\/v2\/types\/post"}],"author":[{"embeddable":true,"href":"https:\/\/www.europesays.com\/it\/wp-json\/wp\/v2\/users\/3"}],"replies":[{"embeddable":true,"href":"https:\/\/www.europesays.com\/it\/wp-json\/wp\/v2\/comments?post=599505"}],"version-history":[{"count":0,"href":"https:\/\/www.europesays.com\/it\/wp-json\/wp\/v2\/posts\/599505\/revisions"}],"wp:featuredmedia":[{"embeddable":true,"href":"https:\/\/www.europesays.com\/it\/wp-json\/wp\/v2\/media\/599506"}],"wp:attachment":[{"href":"https:\/\/www.europesays.com\/it\/wp-json\/wp\/v2\/media?parent=599505"}],"wp:term":[{"taxonomy":"category","embeddable":true,"href":"https:\/\/www.europesays.com\/it\/wp-json\/wp\/v2\/categories?post=599505"},{"taxonomy":"post_tag","embeddable":true,"href":"https:\/\/www.europesays.com\/it\/wp-json\/wp\/v2\/tags?post=599505"}],"curies":[{"name":"wp","href":"https:\/\/api.w.org\/{rel}","templated":true}]}}