{"id":599521,"date":"2026-07-24T02:58:20","date_gmt":"2026-07-24T02:58:20","guid":{"rendered":"https:\/\/www.europesays.com\/it\/599521\/"},"modified":"2026-07-24T02:58:20","modified_gmt":"2026-07-24T02:58:20","slug":"putiferio-per-il-concerto-di-bad-bunny-politrauma-per-noemi-fedez-ricoverato-harry-styles-cancella-concerto-per-malattia-e-tutta-la-musica-della-settimana","status":"publish","type":"post","link":"https:\/\/www.europesays.com\/it\/599521\/","title":{"rendered":"Putiferio per il concerto di Bad Bunny, politrauma per Noemi, Fedez ricoverato, Harry Styles cancella concerto per &#8220;malattia&#8221; e tutta la musica della settimana"},"content":{"rendered":"<p>&#13;<br \/>\n      &#13;<br \/>\n&#13;<br \/>\n       &#13;<br \/>\n      &#13;<br \/>\n      &#13;<br \/>\n        &#13;<br \/>\n        &#13;<br \/>\n&#13;<br \/>\n&#13;<br \/>\n&#13;<br \/>\nCondividi  &#13;<br \/>\n    &#13;<br \/>\n  &#13;<br \/>\n        &#13;<br \/>\n              &#13;<br \/>\n      &#13;<br \/>\n      &#13;<br \/>\n&#13;<br \/>\n      &#13;<br \/>\n      &#13;<br \/>\n       &#13;<br \/>\n       &#13;<\/p>\n<p>Care lettrici e cari lettori, torna l&#8217;appuntamento settimanale con la rubrica Tutta un&#8217;altra musica. Ogni gioved\u00ec, qui su Vision \u2013 il magazine di spettacolo di Today.it \u2013 potrete recuperare notizie e curiosit\u00e0 che magari avete perso durante la settimana. Non solo. Rimarrete inoltre aggiornati sulle classifiche, con uno sguardo anche al futuro.\u00a0<\/p>\n<p>Questa settimana i contenuti musicali si intrecciano alle tematiche di salute. Il motivo? Ben 3 cantanti, per un motivo o l&#8217;altro, hanno destato pi\u00f9 di qualche preoccupazione riguarda alle loro condizioni fisiche. Non solo brutte notizie, ad ogni modo. Spazio, come sempre, anche a qualche curiosit\u00e0. Scopriamo insieme tutto quello che c&#8217;\u00e8 da sapere.<\/p>\n<p><a href=\"#putiferio\">Putiferio Bad Bunny<\/a><\/p>\n<p><a href=\"#Noemi\">Come sta Noemi<\/a><\/p>\n<p><a href=\"#Fedez\">Il ricovero di Fedez<\/a><\/p>\n<p><a href=\"#harry\">Harry Styles si ferma per malattia<\/a><\/p>\n<p><a href=\"#ultimo\">Il concerto di Ultimo al cinema<\/a><\/p>\n<p><a href=\"#allevi\">L\u2019intervista a Giovanni Allevi<\/a><\/p>\n<p><a href=\"#halftime\">Che brutto l&#8217;halftime dei Mondiali<\/a><\/p>\n<p><a href=\"#Amici\">Le novit\u00e0 di Amici di Maria De Filippi<\/a><\/p>\n<p><a href=\"#brani\">I brani (e gli album) pi\u00f9 venduti<\/a><\/p>\n<p><a href=\"#note\">Note a margine<\/a><\/p>\n<p><a id=\"putiferio\"\/>Putiferio Bad Bunny (e ora scattano i rimborsi)<\/p>\n<p>L\u2019attesa per la grande star di Porto Rico era tanta. Due date a Milano \u2013 eventi unici e irripetibili \u2013 e oltre 150.000 biglietti venduti. Ma il maltempo ha rovinato la festa. Se la prima data \u00e8 andata in porto tranquillamente, per la seconda invece i fan sono rimasti a dir poco delusi. Una grandine inaspettata (talmente forte che qualcuno \u00e8 rimasto persino <a href=\"https:\/\/www.today.it\/vision\/musica\/bad-bunny-polemiche-concerto.html\" target=\"_blank\" rel=\"nofollow noopener\">ferito<\/a>) ma soprattutto molte polemiche per una location \u2013 Ippodormo la Maura \u2013 ritenuta da molti non idonea a ospitare eventi di questa portata.\u00a0<\/p>\n<p>Live Nation (societ\u00e0 che si occupa dell\u2019organizzazione dell\u2019evento) si \u00e8 difesa sostenendo tutto il contrario. \u201cLa gestione di un&#8217;emergenza come questa \u00e8 il risultato di mesi di pianificazione, procedure condivise e di un coordinamento costante tra tutti gli operatori coinvolti\u201d, le parole di Roberto De Luca, presidente di Live Nation. Sull\u2019argomento \u00e8 tornato anche lo stesso <a href=\"https:\/\/www.today.it\/vision\/musica\/fenomenologia-bad-bunny-segreti-successo.html\" target=\"_blank\" rel=\"nofollow noopener\">Bad Bunny<\/a>. Da Bruxelles (altra data del suo tour mondiale), ha assicurato che torner\u00e0 a Milano. Ma quando?\u00a0<\/p>\n<p>Intanto scattano i rimborsi dei biglietti. Tutti i possessori di biglietto riceveranno il rimborso del prezzo del biglietto e del 15% del diritto di prevendita. Il rimborso sar\u00e0 effettuato automaticamente sullo stesso metodo di pagamento utilizzato per l&#8217;acquisto. Le procedure di rimborso saranno avviate il 24 luglio.<\/p>\n<p><a id=\"Noemi\"\/>Come sta Noemi<\/p>\n<p>Paura per Noemi. La cantante romana \u2013 Veronica Scopelliti il vero nome \u2013 \u00e8 stata suo malgrado protagonista di una rovinosa caduta durante un concerto che si \u00e8 tenuto a San Salvo Marina (Abruzzo) lo scorso 19 luglio. L\u2019episodio ha comprensibilmente gettato nell\u2019apprensione pi\u00f9 totale i tanti fan presenti.\u00a0<\/p>\n<p>Portata in ospedale, oggi \u2013 come si dice in questi casi \u2013 \u201cfortunatamente pu\u00f2 raccontarlo\u201d. I medici che l\u2019hanno seguita hanno spiegato che sarebbe potuta andare molto peggio. Enzo Di Prinzio, primario del Reparto di Ortopedia e Traumatologia della struttura abruzzese, ha confermato l\u2019assenza di complicazioni neurologiche o lesioni interne gravi e poi ha detto quanto segue.<\/p>\n<p>\u201c\u00c8 stata dimessa, sta bene. \u00c8 stata molto fortunata perch\u00e9 poteva riportare<a href=\"https:\/\/www.today.it\/vision\/musica\/noemi-caduta-primario-ospedale.html\" target=\"_blank\" rel=\"nofollow noopener\"> lesioni molto pi\u00f9 gravi<\/a>. Abbiamo eseguito una Tac total body, chiesto una consulenza neurologica per il trauma cranico, suturato la ferita sulla fronte. I fan possono tirare un sospiro di sollievo perch\u00e9 dai controlli non \u00e8 emerso nulla di grave\u201d. La diagnosi? Politrauma, ovvero un trauma cranico, al bacino e al polso destro. Inevitabilmente ferma il tour, che torner\u00e0 dal 16 agosto con la nuova data a Bisacquino (Palermo).<\/p>\n<p><a id=\"Fedez\"\/>Il ricovero di Fedez<\/p>\n<p>Non una settimana fortunata per i cantanti. Anche Fedez, infatti, sta combattendo con alcuni problemi di salute. Il rapper milanese, 36 anni, luned\u00ec sera \u00e8 stato portato con l\u2019autombulanza in ospedale \u2013 al Fatebenefratelli di Milano \u2013 a seguito di alcuni intensi dolori all\u2019addome. Forse \u2013 al momento si tratta di ipotesi &#8211; per un sanguinamento dovuto alla riapertura di una vecchia ulcera, complicanza probabilmente legata all&#8217;assunzione di farmaci antinfiammatori.\u00a0<\/p>\n<p>Ancora, dunque, la diagnosi non \u00e8 chiara e il cantante attualmente non si \u00e8 espresso in merito. Tuttavia, ci sono delle ulteriori notizie, per lo pi\u00f9 diffuse dall\u2019agenzia di stampa Adnkronos. Innanzitutto si \u00e8 parlato del trasferimento di Fedez dal gi\u00e0 citato ospedale all\u2019Istituto Clinico Humanitas Research Hospital di Rozzano. E poi, soprattutto, di un suo miglioramento. Sembra, infatti, che <a href=\"https:\/\/www.today.it\/gossip\/vip\/come-sta-fedez-ricoverato-dimissioni.html\" target=\"_blank\" rel=\"nofollow noopener\">il sanguinamento dell\u2019ulcera<\/a> sia terminato e che \u2013 qualora le condizioni rimanessero stabili \u2013 le dimissioni del rapper (divenuto pap\u00e0 per la terza volta da pochissimo) potrebbero essere vicine.\u00a0<\/p>\n<p><a id=\"harry\"\/>Harry Styles si ferma per \u201cmalattia\u201d<\/p>\n<p>Problemi anche per Harry Styles, il cantautore brittanico (ex One Direction) da 64,2 milioni di ascoltatori mensili su Spotify. Il suo concerto in programma marted\u00ec 21 luglio allo stadio MorumBIS di San Paolo, in Brasile (sta girando con un tour mondiale), \u00e8 stato annullato all&#8217;improvviso a causa di una non specificata \u201cmalattia\u201d. La data di venerd\u00ec 24 luglio si terr\u00e0 invece come previsto. Cos\u2019\u00e8 accaduto, dunque? Al momento non risultano commenti al riguardo da parte dell\u2019artista.<\/p>\n<p><a id=\"ultimo\"\/>Il concerto di Ultimo al cinema<\/p>\n<p>Il grandissimo concerto di Ultimo (quello in cui 250.000 persone si sono radunate a Tor Vergata, Roma) arriva al cinema. Niente da fare (almeno per il momento) per la Rai che \u2013 a quanto risulta a noi di Today.it &#8211; era interessata ad acquistarlo per trasmetterlo sui propri canali. E invece il concerto diventa un vero e proprio lungometraggio, ma per il grande schermo.<\/p>\n<p>Diretto da Giorgio Testi, prodotto da Ultimo Records, in collaborazione con Vivo Concerti e con la produzione esecutiva di Maestro, sar\u00e0 nei <a href=\"https:\/\/www.today.it\/vision\/musica\/concerto-ultimo-cinema-quando.html\" target=\"_blank\" rel=\"nofollow noopener\">cinema <\/a>distribuito da Nexo Studios dal 22 al 30 settembre per raccontare la notte in cui Ultimo ha scritto una pagina di storia della musica italiana.<\/p>\n<p><a id=\"allevi\"\/>Giovanni Allevi: \u201cLa societ\u00e0 ci vuole performanti, io suggerisco di tornare al silenzio\u201d<\/p>\n<p>Ai <a href=\"https:\/\/www.today.it\/vision\/musica\/giovanni-allevi-societa-performanti-inadeguati.html\" target=\"_blank\" rel=\"nofollow noopener\">microfoni di Today.it<\/a>, in occasione del Giffoni Film Festival, il pianista e compositore Giovanni Allevi ha affermato con grande sincerit\u00e0: \u201cGuardarsi dentro \u00e8 difficilissimo, riconoscere le nostre ombre e abbracciarle. Questo \u00e8 un processo interiore molto complicato che non viene agevolato dalla nostra societ\u00e0 che ci vuole sempre performanti\u201d. \u201cIo suggerisco di liberarci dai continui stimoli e tornare al silenzio\u201d, ha inoltre aggiunto Allevi invitando a una interessante riflessione che ci riguarda tutti.<\/p>\n<p><a id=\"halftime\"\/>Che brutto l&#8217;halftime dei mondiali<\/p>\n<p>C&#8217;era grande attesa per l&#8217;halftime della finale dei mondiali di calcio. <a href=\"https:\/\/www.today.it\/opinioni\/commento-halftime-finale-mondiali-2026-show-deludente.html\" target=\"_blank\" rel=\"nofollow noopener\">Il risultato? Deludente<\/a>. Un&#8217;accozzaglia di artisti &#8211; grandi nomi, questo va detto &#8211; uno slegato all&#8217;altro. Poche idee e confuse. Per un evento del genere, onestamente, ci saremmo aspettati qualcosa di pi\u00f9. Il finale con la scritta \u201cLOVE\u201d? Ridicolo, se si pensa al ruolo degli Stati Uniti nell&#8217;attuale panorama di guerra. L&#8217;unico a salvarsi \u00e8 stato Justin Bieber (e <a href=\"https:\/\/www.today.it\/vision\/musica\/laura-pausini-finale-mondiali-2026.html\" target=\"_blank\" rel=\"nofollow noopener\">la nostra Laura Pausini<\/a>, nella cerimonia d&#8217;apertura).\u00a0<\/p>\n<p><a id=\"Amici\"\/>Le novit\u00e0 di Amici di Maria De Filippi<\/p>\n<p>Lo aveva anticipato Chi Magazine, ora arriva una conferma anche da parte di Gabriele Parpiglia (ma non ci sono commenti dalla produzione). Il giornalista, nella sua ultima newsletter, scrive: \u201cLa scuola passer\u00e0 da essere la scuola dei \u2018talent\u2019 a quella dei \u2018talenti\u2019. Talenti che racconteranno la loro crescita mostrando ci\u00f2 che accade intorno alla vita di un cantante: come si crea la produzione di un disco, esterne, concerti, eventi, dialoghi con i propri manager. [\u2026] Trova conferma anche il rumors dell\u2019ingresso delle attivit\u00e0 sportive, tra le quali la boxe. Potrebbe quindi avere un ruolo nella scuola anche Alessio Sakara, gi\u00e0 volto di \u2018TSQV\u2019? Secondo le nostre info, s\u00ec\u201d. Un&#8217;indiscrezione che, se confermata, sarebbe clamorosa. Una sorta di ritorno alle origini, quando oltre al canto e al ballo, c&#8217;era anche la recitazione.<\/p>\n<p><a id=\"brani\"\/>I brani (e gli album) pi\u00f9 venduti\u00a0<\/p>\n<p>Uno sguardo ai dati. Come sono andati singoli e album durante la settimana che va dal 10 al 16 luglio? Ecco le classifiche, stando ai dati ufficiali della FIMI (federazione industria musica italiana).<\/p>\n<p>I singoli pi\u00f9 venduti<\/p>\n<ol>\n<li data-list-item-id=\"e2edebd8f59ab31442925b1a19e1e78b1\">&#8220;La testa gira&#8221; \u2013 Fred De Palma, Anitta &amp; Emis Killa (=)<\/li>\n<li data-list-item-id=\"e25b0e472dc00b24e286d2441c0e00f8f\">&#8220;Ossessione&#8221; \u2013 Samurai Jay &amp; Vito Salamanca (=)<\/li>\n<li data-list-item-id=\"e19d194d6ec77ccc8d9509da807d78aab\">&#8220;Canzone d&#8217;amore&#8221; \u2013 Geolier (=)<\/li>\n<li data-list-item-id=\"ed7f9b797c4037563a22e943e3a9b10dd\">&#8220;White Girl Wasted&#8221; \u2013 Anna (+7)<\/li>\n<li data-list-item-id=\"e94b29fd2a9e449ccfd6eab98abe6af48\">&#8220;Al mio paese&#8221; \u2013 Serena Brancale, Levante &amp; Delia (=)<\/li>\n<li data-list-item-id=\"eddbe2365279ef2b07fc274afaa3b905e\">&#8220;Dai dai&#8221; \u2013 Shakira &amp; Burna Boy (+2)<\/li>\n<li data-list-item-id=\"e5546a84fdf2ce8a1ad436fff69b9b1b3\">&#8220;Da Dio&#8221; \u2013 Bresh (=)<\/li>\n<li data-list-item-id=\"e4efc6517f5538bd4ed87dd1f7ffe6384\">&#8220;Bad bad bad&#8221; \u2013 Shiva &amp; Geolier (-2)<\/li>\n<li data-list-item-id=\"e31a77ef56a0c16d771b34502993cebba\">&#8220;Romantica&#8221; \u2013 Ultimo (-5)<\/li>\n<li data-list-item-id=\"e29541a07b061e74a912da6e495e266f7\">\u00a0&#8220;Scusa sorry lo siento&#8221; (o Sorry scusa lo siento) \u2013 Pinguini Tattici Nucleari (-1)<\/li>\n<\/ol>\n<p>Gli album pi\u00f9 venduti<\/p>\n<ol>\n<li data-list-item-id=\"e6074d7ec3d4ea9c77d47add203749a5e\">&#8220;Million Dollar Babe&#8221; \u2013 Anna (novit\u00e0)<\/li>\n<li data-list-item-id=\"e900a2ab346103ca56389e9ad562d45d0\">&#8220;Foreign Tongues&#8221; \u2013 The Rolling Stones (novit\u00e0)<\/li>\n<li data-list-item-id=\"e458d55d85c7ae78fefd447a7820c6ad1\">&#8220;Il giorno che aspettavo &#8211; La favola per sempre edition&#8221; \u2013 Ultimo (-1)<\/li>\n<li data-list-item-id=\"ed64fe2bb23a5458536a381d329265315\">&#8220;Tutto \u00e8 possibile&#8221; \u2013 Geolier (-1)<\/li>\n<li data-list-item-id=\"e0a9ce21d95419d60edba67694659b8cf\">&#8220;Tutta vita (sempre)&#8221; \u2013 Olly (-1)<\/li>\n<li data-list-item-id=\"e8ff051a842f57a9a8f12b30f9830482b\">&#8220;Mediterraneo&#8221; \u2013 Bresh (-1)<\/li>\n<li data-list-item-id=\"e0def223ed81b5b4046b0a3db5866b7d2\">&#8220;Vangelo&#8221; \u2013 Shiva (-1)<\/li>\n<li data-list-item-id=\"ea66eb93e0125e23bb5dd2a036f7797ee\">&#8220;Deb\u00ed tirar m\u00e1s fotos&#8221; \u2013 Bad Bunny (-1)<\/li>\n<li data-list-item-id=\"e114a89df624500dfb0ec762fe77dc54b\">&#8220;Confession II&#8221; \u2013 Madonna (-8)<\/li>\n<li data-list-item-id=\"ecd95efcd4bb04d368276138bb61be5e6\">&#8220;Dio lo sa&#8221; \u2013 Geolier (-2)<\/li>\n<\/ol>\n<p><a id=\"note\"\/>Note a margine<\/p>\n<p>Dovete conoscere Anna. Amatissima, ascoltatissima, su Spotify conta 5.1 milioni di ascoltatori mensili. Le<a href=\"https:\/\/www.today.it\/vision\/musica\/anna-pepe-successo-editoriale.html\" target=\"_blank\" rel=\"nofollow noopener\"> canzoni di Anna <\/a>spesso sono hit, ma soprattutto sono tra le preferite dei giovanissimi. La sua musica &#8211; che pu\u00f2 comprensibilmente non piacere &#8211; \u00e8 uno spaccato che, specialmente per chi ha figli o nipoti, non pu\u00f2 essere ignorato.\u00a0<\/p>\n<p>3 canzoni d&#8217;ascoltare sotto all&#8217;ombrellone (o dove volete). Settimane vuote dal punto di vista discografico. Niente di nuovo, in programma, neanche per la prossima settimana. O meglio, sono previste delle uscite ma nulla di apparentemente degno di nota. Non resta che ri-ascoltare vecchi brani. Ve ne consiglio 3, di generi diversi: En el Muelle de san Blas di Man\u00e0, La mia anima di Serena Brancale e Sensazione Stupenda di Tommaso Paradiso.<\/p>\n<p>Il nuovo album di J-Ax. I fan dell&#8217;artista milanese dovranno attendere ancora un po&#8217; per ascoltare i suoi nuovi inediti. L&#8217;album Vita morte miracoli uscir\u00e0 il prossimo 4 settembre. Pare che ci sar\u00e0 molto country (ma non solo).\u00a0<\/p>\n<p><a href=\"https:\/\/www.today.it\/vision\/musica\/concerti-enormi-ultimo-editoriale.html\" target=\"_blank\" rel=\"nofollow noopener\">I concerti giganti stanno uccidendo tutto il resto\u00a0<\/a>       &#13;<br \/>\n        &#13;<br \/>\n&#13;<br \/>\n&#13;<br \/>\n  &#13;<br \/>\n  &#13;<br \/>\n&#13;<br \/>\n&#13;<br \/>\n  &#13;<br \/>\n&#13;<br \/>\n&#13;<br \/>\n               &#13;<br \/>\n      &#13;<br \/>\n\t\t\t\t&#13;<br \/>\n&#13;<br \/>\n      &#13;<br \/>\n   &#13;<br \/>\n&#13;<br \/>\n      &#13;<br \/>\n                  &#13;<br \/>\n      &#13;<br \/>\n&#13;<\/p>\n","protected":false},"excerpt":{"rendered":"&#13; &#13; &#13; &#13; &#13; &#13; &#13; &#13; &#13; &#13; &#13; Condividi &#13; &#13; &#13; &#13; &#13; &#13;&hellip;\n","protected":false},"author":3,"featured_media":599522,"comment_status":"","ping_status":"","sticky":false,"template":"","format":"standard","meta":{"footnotes":"","_share_on_mastodon":"0"},"categories":[174],"tags":[143935,689,330420,330424,326651,203,466,330422,204,1537,90,89,330421,8501,330423,688,330419],"class_list":["post-599521","post","type-post","status-publish","format-standard","has-post-thumbnail","category-intrattenimento","tag-bad-bunny","tag-blog","tag-caduta-noemi","tag-concerti-italia","tag-concerto-bad-bunny","tag-entertainment","tag-fedez","tag-gossip-musicale","tag-intrattenimento","tag-it","tag-italia","tag-italy","tag-musica-della-settimana","tag-noemi","tag-notizie-musica","tag-opinioni","tag-ricovero-fedez"],"share_on_mastodon":{"url":"https:\/\/pubeurope.com\/@it\/116972716488019960","error":""},"_links":{"self":[{"href":"https:\/\/www.europesays.com\/it\/wp-json\/wp\/v2\/posts\/599521","targetHints":{"allow":["GET"]}}],"collection":[{"href":"https:\/\/www.europesays.com\/it\/wp-json\/wp\/v2\/posts"}],"about":[{"href":"https:\/\/www.europesays.com\/it\/wp-json\/wp\/v2\/types\/post"}],"author":[{"embeddable":true,"href":"https:\/\/www.europesays.com\/it\/wp-json\/wp\/v2\/users\/3"}],"replies":[{"embeddable":true,"href":"https:\/\/www.europesays.com\/it\/wp-json\/wp\/v2\/comments?post=599521"}],"version-history":[{"count":0,"href":"https:\/\/www.europesays.com\/it\/wp-json\/wp\/v2\/posts\/599521\/revisions"}],"wp:featuredmedia":[{"embeddable":true,"href":"https:\/\/www.europesays.com\/it\/wp-json\/wp\/v2\/media\/599522"}],"wp:attachment":[{"href":"https:\/\/www.europesays.com\/it\/wp-json\/wp\/v2\/media?parent=599521"}],"wp:term":[{"taxonomy":"category","embeddable":true,"href":"https:\/\/www.europesays.com\/it\/wp-json\/wp\/v2\/categories?post=599521"},{"taxonomy":"post_tag","embeddable":true,"href":"https:\/\/www.europesays.com\/it\/wp-json\/wp\/v2\/tags?post=599521"}],"curies":[{"name":"wp","href":"https:\/\/api.w.org\/{rel}","templated":true}]}}