{"id":599608,"date":"2026-07-24T04:38:23","date_gmt":"2026-07-24T04:38:23","guid":{"rendered":"https:\/\/www.europesays.com\/it\/599608\/"},"modified":"2026-07-24T04:38:23","modified_gmt":"2026-07-24T04:38:23","slug":"bad-bunny-chi-e-la-ragazza-entrata-nella-casita-a-milano","status":"publish","type":"post","link":"https:\/\/www.europesays.com\/it\/599608\/","title":{"rendered":"Bad Bunny: chi \u00e8 la ragazza entrata nella Casita a Milano"},"content":{"rendered":"<p data-journey-content=\"true\" data-node-id=\"5\" class=\"css-1ood0zq emevuu60\">Pochi luoghi questa estate sono stati ambiti come la <a href=\"https:\/\/www.cosmopolitan.com\/it\/lifestyle\/musica\/a71829637\/ospiti-bad-bunny-concerto-milano-casita-17-18-luglio-sfera-ebbasta-anuel-aa\/\" target=\"_blank\" data-vars-ga-outbound-link=\"https:\/\/www.cosmopolitan.com\/it\/lifestyle\/musica\/a71829637\/ospiti-bad-bunny-concerto-milano-casita-17-18-luglio-sfera-ebbasta-anuel-aa\/\" data-vars-ga-ux-element=\"Hyperlink\" data-vars-ga-call-to-action=\"Casita\" data-node-id=\"5.1\" class=\"body-link css-ohbdae emevuu60\" rel=\"nofollow noopener\">Casita<\/a> di <a href=\"https:\/\/www.cosmopolitan.com\/it\/lifestyle\/musica\/a73169250\/concerto-bad-bunny-milano-pioggia-baddie\/\" target=\"_blank\" data-vars-ga-outbound-link=\"https:\/\/www.cosmopolitan.com\/it\/lifestyle\/musica\/a73169250\/concerto-bad-bunny-milano-pioggia-baddie\/\" data-vars-ga-ux-element=\"Hyperlink\" data-vars-ga-call-to-action=\"Bad Bunny\" data-node-id=\"5.3\" class=\"body-link css-ohbdae emevuu60\" rel=\"nofollow noopener\">Bad Bunny<\/a>, il palco parallelo che l&#8217;artista portoricano ha utilizzato in occasione della sua ultima serie di concerti, il <a href=\"https:\/\/www.cosmopolitan.com\/it\/lifestyle\/musica\/a71941227\/bad-bunny-concerto-milano-ippodromo-snai-info-orari-ingressi-biglietti-scaletta\/\" target=\"_blank\" data-vars-ga-outbound-link=\"https:\/\/www.cosmopolitan.com\/it\/lifestyle\/musica\/a71941227\/bad-bunny-concerto-milano-ippodromo-snai-info-orari-ingressi-biglietti-scaletta\/\" data-vars-ga-ux-element=\"Hyperlink\" data-vars-ga-call-to-action=\"Deb\u00ed tirar m\u00e1s fotos World Tour\" data-node-id=\"5.5\" class=\"body-link css-ohbdae emevuu60\" rel=\"nofollow noopener\">Deb\u00ed tirar m\u00e1s fotos World Tour<\/a>. Tra i fortunatissimi che hanno avuto il privilegio di entrare nella struttura c&#8217;\u00e8 stata anche una ragazza italiana, invitata dall&#8217;artista stesso durante il suo recente concerto all&#8217;<strong data-node-id=\"5.8\">Ippodromo SNAI La Maura<\/strong>. Ma come ha fatto? <\/p>\n<p>Chi \u00e8 Elena di Martino, la ragazza che \u00e8 entrata nella Casita di Bad Bunny a Milano<\/p>\n<p data-journey-content=\"true\" data-node-id=\"17\" class=\"css-1ood0zq emevuu60\"><a href=\"https:\/\/www.cosmopolitan.com\/it\/abbonamenti\/a71280236\/come-aggiungere-cosmopolitan-fonti-preferite-google\/\" target=\"_blank\" data-vars-ga-outbound-link=\"https:\/\/www.cosmopolitan.com\/it\/abbonamenti\/a71280236\/come-aggiungere-cosmopolitan-fonti-preferite-google\/\" data-vars-ga-call-to-action=\"AGGIUNGI COSMOPOLITAN ALLE RICERCHE DI GOOGLE\" rel=\"nofollow noopener\" data-vars-ga-ux-element=\"Hyperlink\" data-node-id=\"17.0\" class=\"body-btn-link css-u3wd2y emevuu60\">AGGIUNGI COSMOPOLITAN ALLE RICERCHE DI GOOGLE<\/a><\/p>\n<p data-journey-content=\"true\" data-node-id=\"21\" class=\"css-1ood0zq emevuu60\">La scena \u00e8 ovviamente diventata virale su <a href=\"https:\/\/www.cosmopolitan.com\/it\/star\/gossip-news\/a71455992\/giulia-honegger-su-tiktok-video-fidanzata-fedez\/\" target=\"_blank\" data-vars-ga-outbound-link=\"https:\/\/www.cosmopolitan.com\/it\/star\/gossip-news\/a71455992\/giulia-honegger-su-tiktok-video-fidanzata-fedez\/\" data-vars-ga-ux-element=\"Hyperlink\" data-vars-ga-call-to-action=\"TikTok\" data-node-id=\"21.1\" class=\"body-link css-ohbdae emevuu60\" rel=\"nofollow noopener\">TikTok<\/a>: a met\u00e0 live <strong data-node-id=\"21.3\">Bad Bunny<\/strong> si \u00e8 avvicinato alle transenne del posto unico e ha scelto una persona che aveva in mano un cartello molto speciale. Questa fan fortunatissima si chiama <strong data-node-id=\"21.5\">Elena di Martino<\/strong>, una giovane di 24 anni di origine sarda che attualmente lavora a Parigi, in ambito marketing, e che il 17 luglio scorso si trovava nelle primissime file del concerto all&#8217;<strong data-node-id=\"21.7\">Ippodromo SNAI La Maura<\/strong>.<\/p>\n<p data-journey-content=\"true\" data-node-id=\"26\" class=\"css-1ood0zq emevuu60\">Della sua straordinaria esperienza <strong data-node-id=\"26.1\">Elena<\/strong> ha parlato prima con il Corriere della Sera e poi con <strong data-node-id=\"26.5\">Waaad<\/strong> a Say Waaad?, una delle trasmissioni di punta di <strong data-node-id=\"26.9\">Radio Deejay<\/strong>. Al quotidiano, la ragazza ha raccontato: \u00abLa sua musica ha accompagnato da sempre la mia vita\u00bb e ha poi aggiunto: \u00abHo aspettato questo giorno per pi\u00f9 di un anno. Pensavo di sapere gi\u00e0 come mi sarei sentita. Ma la realt\u00e0 ha superato qualsiasi aspettativa\u00bb.<\/p>\n<p data-journey-content=\"true\" data-node-id=\"31\" class=\"css-1ood0zq emevuu60\"><strong data-node-id=\"31.0\">Elena<\/strong> non si \u00e8 limitata a vivere l&#8217;incontro con il suo artista preferito. Microfono alla mano, ha pronunciato senza esitazioni la frase che ormai \u00e8 diventata una sorta di rito tra i fan, \u00ab<strong data-node-id=\"31.2\">Acho pr en otra cosa<\/strong>\u00bb, citando l&#8217;intro di &#8220;<strong data-node-id=\"31.4.0\">VOY LLEVARTE PA PR<\/strong>&#8221; mandando il pubblico in visibilio. <\/p>\n<p>Ecco come ha fatto Elena a essere scelta da Bad Bunny<\/p>\n<p data-journey-content=\"true\" data-node-id=\"36\" class=\"css-1ood0zq emevuu60\">Se per avere accesso alla <strong data-node-id=\"36.1\">Casita<\/strong> bisognava colpire l&#8217;attenzione del famoso <strong data-node-id=\"36.3\">Jeremy<\/strong> &#8211; collaboratore di <strong data-node-id=\"36.5\">Benito Antonio Mart\u00ednez Ocasio <\/strong>che ha selezionato i volti per il tour &#8211; <strong data-node-id=\"36.7\">Elena<\/strong> non ha dovuto indossare outfit particolari. Alla ragazza \u00e8 bastato un cartello con scritto \u00abTi seguo dal 2018\u00bb per essere notata direttamente dal padrone di casa.<\/p>\n<p data-journey-content=\"true\" data-node-id=\"42\" class=\"css-1ood0zq emevuu60\">Il cantante portoricano ha letto il suo messaggio e non ha avuto dubbi: era lei la persona che stava cercando! La 24enne ha cos\u00ec scavalcato la transenna ed \u00e8 salita sul palco, abbracciando il suo idolo quasi in lacrime. In questi pochi, indimenticabili secondi, <strong data-node-id=\"42.1\">Elena<\/strong> ha augurato il meglio a <strong data-node-id=\"42.3\">Bad Bunny <\/strong>per il suo tour e per la sua carriera, spiegando di aver imparato lo spagnolo anche grazie alla sua musica. Un&#8217;occasione pi\u00f9 unica che rara, anche perch\u00e9 &#8211; come saprete &#8211; durante la seconda data il cantante \u00e8 stato costretto a cancellare il concerto a causa di un violento temporale che si \u00e8 abbattuto sulla citt\u00e0. Assurdo! <\/p>\n","protected":false},"excerpt":{"rendered":"Pochi luoghi questa estate sono stati ambiti come la Casita di Bad Bunny, il palco parallelo che l&#8217;artista&hellip;\n","protected":false},"author":3,"featured_media":599609,"comment_status":"","ping_status":"","sticky":false,"template":"","format":"standard","meta":{"footnotes":"","_share_on_mastodon":"0"},"categories":[1451],"tags":[330468,143935,1621,1620,330469,203,204,1537,90,89,330470],"class_list":["post-599608","post","type-post","status-publish","format-standard","has-post-thumbnail","category-celebrita","tag-bad-bunny-ragazza-casita","tag-bad-bunny","tag-celebrita","tag-celebrities","tag-elena-di-martino-bad-bunny-storia","tag-entertainment","tag-intrattenimento","tag-it","tag-italia","tag-italy","tag-video-acho-pr-es-otra-cosa-milano-bad-bunny"],"share_on_mastodon":{"url":"https:\/\/pubeurope.com\/@it\/116973110016362612","error":""},"_links":{"self":[{"href":"https:\/\/www.europesays.com\/it\/wp-json\/wp\/v2\/posts\/599608","targetHints":{"allow":["GET"]}}],"collection":[{"href":"https:\/\/www.europesays.com\/it\/wp-json\/wp\/v2\/posts"}],"about":[{"href":"https:\/\/www.europesays.com\/it\/wp-json\/wp\/v2\/types\/post"}],"author":[{"embeddable":true,"href":"https:\/\/www.europesays.com\/it\/wp-json\/wp\/v2\/users\/3"}],"replies":[{"embeddable":true,"href":"https:\/\/www.europesays.com\/it\/wp-json\/wp\/v2\/comments?post=599608"}],"version-history":[{"count":0,"href":"https:\/\/www.europesays.com\/it\/wp-json\/wp\/v2\/posts\/599608\/revisions"}],"wp:featuredmedia":[{"embeddable":true,"href":"https:\/\/www.europesays.com\/it\/wp-json\/wp\/v2\/media\/599609"}],"wp:attachment":[{"href":"https:\/\/www.europesays.com\/it\/wp-json\/wp\/v2\/media?parent=599608"}],"wp:term":[{"taxonomy":"category","embeddable":true,"href":"https:\/\/www.europesays.com\/it\/wp-json\/wp\/v2\/categories?post=599608"},{"taxonomy":"post_tag","embeddable":true,"href":"https:\/\/www.europesays.com\/it\/wp-json\/wp\/v2\/tags?post=599608"}],"curies":[{"name":"wp","href":"https:\/\/api.w.org\/{rel}","templated":true}]}}