{"id":59961,"date":"2025-08-21T09:32:11","date_gmt":"2025-08-21T09:32:11","guid":{"rendered":"https:\/\/www.europesays.com\/it\/59961\/"},"modified":"2025-08-21T09:32:11","modified_gmt":"2025-08-21T09:32:11","slug":"chantra-punta-a-rientrare-allinizio-di-settembre-a-barcellona","status":"publish","type":"post","link":"https:\/\/www.europesays.com\/it\/59961\/","title":{"rendered":"Chantra punta a rientrare all&#8217;inizio di settembre a Barcellona"},"content":{"rendered":"<p><a href=\"https:\/\/it.motorsport.com\/driver\/somkiat-chantra\/823088\/\" target=\"_blank\" rel=\"noopener nofollow\">Somkiat Chantra<\/a> si \u00e8 infortunato il 1\u00b0 luglio mentre si allenava su una moto da cross vicino a Sant Just (Barcellona), dove vive durante la stagione, anche se il <a href=\"https:\/\/it.motorsport.com\/team\/team-lcr\/2349\/\" target=\"_blank\" rel=\"noopener nofollow\">team LCR<\/a> lo ha annunciato solo tre giorni dopo. Il pilota thailandese ha riportato la frattura del legamento collaterale laterale del ginocchio destro ed \u00e8 stato operato l&#8217;8 luglio, pi\u00f9 di una settimana dopo l&#8217;incidente. L&#8217;operazione \u00e8 stata eseguita dal dottor Joan Carles Monllau e, secondo un comunicato del team LCR, il risultato \u00e8 stato &#8220;soddisfacente&#8221;.<\/p>\n<p>Da allora sono passati quasi due mesi, durante i quali Chantra ha saltato i Gran Premi di Germania, Repubblica Ceca, Austria e, questo fine settimana, Ungheria. L&#8217;unico aspetto positivo per il rookie \u00e8 che la pausa estiva, durata oltre tre settimane, lo ha colto nel bel mezzo dell&#8217;infortunio e ha potuto trascorrere due settimane con la sua famiglia in Thailandia durante questo periodo.<\/p>\n<p>Ora Chantra \u00e8 tornato a Barcellona e ha intensificato la riabilitazione con l&#8217;obiettivo di fare il suo ritorno al Gran Premio di Catalogna, che si terr\u00e0 a Barcellona il primo fine settimana di settembre.<\/p>\n<p>&#8220;Somkiat si \u00e8 riposato per due settimane in patria, ma non ha smesso di lavorare sul recupero dell&#8217;infortunio&#8221;, ha dichiarato gioved\u00ec a Motorsport.com Lucio Cecchinello, proprietario del team LCR, per il quale corre il pilota thailandese.<\/p>\n<p>   <img decoding=\"async\" draggable=\"false\" src=\"https:\/\/www.europesays.com\/it\/wp-content\/uploads\/2025\/08\/wishes-to-somkiat-chantra-team.jpg\" alt=\"Wishes to Somkiat Chantra, Team LCR Honda\" width=\"1200\" height=\"800\" loading=\"lazy\"\/> <\/p>\n<p class=\"title\">Wishes to Somkiat Chantra, Team LCR Honda<\/p>\n<p class=\"photographer\">Foto di: Alexander Trienitz<\/p>\n<p>&#8220;In questi giorni sta lavorando con diverse macchine per accelerare i tempi. Abbiamo in programma di farlo salire su una moto nella prima settimana di settembre, facendo dirt track o su una 600cc su un piccolo circuito, per vedere come si sente. L&#8217;obiettivo \u00e8 che si ripresenti a Barcellona&#8221;, ha dichiarato Cecchinello.<\/p>\n<p>Chantra, 26 anni, debutta in MotoGP in questa stagione sotto l&#8217;egida del progetto Idemitsu, che insieme alla Honda detiene uno delle selle di LCR. Il pilota thailandese ha potuto disputare solo nove GP quest&#8217;anno, avendo saltato il GP di Francia dopo i primi cinque round della stagione dopo essersi sottoposto a un intervento chirurgico per risolvere la sindrome compartimentale.<\/p>\n<p>Il miglior risultato stagionale di Chantra \u00e8 stato il 15\u00b0 posto ad Assen, dove il collaudatore della Honda <a href=\"https:\/\/it.motorsport.com\/driver\/aleix-espargaro\/157725\/\" target=\"_blank\" rel=\"noopener nofollow\">Aleix Espargaro<\/a> lo ha lasciato passare all&#8217;ultimo giro per segnare il suo primo punto nella classe regina. Il veterano di Granollers sostituir\u00e0 il pilota thailandese questo fine settimana nel box dell&#8217;Idemitsu LCR-Honda.<\/p>\n<p>I numeri di Chantra nel suo anno di debutto in MotoGP non sono all&#8217;altezza delle aspettative della Honda, che sta valutando la possibilit\u00e0 di inserire il pilota thailandese nella squadra ufficiale del Mondiale SBK per la prossima stagione.<\/p>\n<p>Leggi anche:<\/p>\n<p>In questo articolo<\/p>\n<p>Diventa il primo a sapere le novit\u00e0 e iscriviti per ricevere notizie in tempo reale via e-mail su questi temi<\/p>\n<p>    Iscriviti agli avvisi di notizie<\/p>\n","protected":false},"excerpt":{"rendered":"Somkiat Chantra si \u00e8 infortunato il 1\u00b0 luglio mentre si allenava su una moto da cross vicino a&hellip;\n","protected":false},"author":3,"featured_media":59962,"comment_status":"","ping_status":"","sticky":false,"template":"","format":"standard","meta":{"footnotes":"","_share_on_mastodon":"0"},"categories":[1455],"tags":[46942,10836,1537,90,89,1783,1785,48180,1784,10837,10835,245,244,10833],"class_list":["post-59961","post","type-post","status-publish","format-standard","has-post-thumbnail","category-moto","tag-aleix-espargaro","tag-gp-daustria","tag-it","tag-italia","tag-italy","tag-moto","tag-motogp","tag-motogp-chantra-punta-a-rientrare-allinizio-di-settembre-a-barcellona","tag-motorcycle","tag-red-bull-ring","tag-somkiat-chantra","tag-sport","tag-sports","tag-team-lcr"],"share_on_mastodon":{"url":"","error":""},"_links":{"self":[{"href":"https:\/\/www.europesays.com\/it\/wp-json\/wp\/v2\/posts\/59961","targetHints":{"allow":["GET"]}}],"collection":[{"href":"https:\/\/www.europesays.com\/it\/wp-json\/wp\/v2\/posts"}],"about":[{"href":"https:\/\/www.europesays.com\/it\/wp-json\/wp\/v2\/types\/post"}],"author":[{"embeddable":true,"href":"https:\/\/www.europesays.com\/it\/wp-json\/wp\/v2\/users\/3"}],"replies":[{"embeddable":true,"href":"https:\/\/www.europesays.com\/it\/wp-json\/wp\/v2\/comments?post=59961"}],"version-history":[{"count":0,"href":"https:\/\/www.europesays.com\/it\/wp-json\/wp\/v2\/posts\/59961\/revisions"}],"wp:featuredmedia":[{"embeddable":true,"href":"https:\/\/www.europesays.com\/it\/wp-json\/wp\/v2\/media\/59962"}],"wp:attachment":[{"href":"https:\/\/www.europesays.com\/it\/wp-json\/wp\/v2\/media?parent=59961"}],"wp:term":[{"taxonomy":"category","embeddable":true,"href":"https:\/\/www.europesays.com\/it\/wp-json\/wp\/v2\/categories?post=59961"},{"taxonomy":"post_tag","embeddable":true,"href":"https:\/\/www.europesays.com\/it\/wp-json\/wp\/v2\/tags?post=59961"}],"curies":[{"name":"wp","href":"https:\/\/api.w.org\/{rel}","templated":true}]}}