{"id":599703,"date":"2026-07-24T06:21:19","date_gmt":"2026-07-24T06:21:19","guid":{"rendered":"https:\/\/www.europesays.com\/it\/599703\/"},"modified":"2026-07-24T06:21:19","modified_gmt":"2026-07-24T06:21:19","slug":"tour-de-france-2026-19-tappa-da-gap-allalpe-dhuez-il-percorso","status":"publish","type":"post","link":"https:\/\/www.europesays.com\/it\/599703\/","title":{"rendered":"Tour de France 2026, 19^ tappa da Gap all&#8217;Alpe d&#8217;Huez: il percorso"},"content":{"rendered":"<p>Prosegue la 113esima edizione del Tour de France, la corsa a tappe ciclistica pi\u00f9 famosa al mondo. Oggi si corre la 19esima tappa, da Gap all&#8217;Alpe d&#8217;Huez: una frazione corta ma molto impegnativa con la scalata finale verso una delle salite simbolo della corsa. Intanto <a data-intcmp=\"skytg24_foglia articolo_interlink_text\" href=\"https:\/\/tg24.sky.it\/sport\/2026\/07\/23\/tour-de-france-2026-tappa-oggi-classifica\" target=\"_self\" rel=\"nofollow noopener\">ieri, la tappa con arrivo a Orci\u00e8res-Merlette<\/a> \u00e8 stata vinta da Carapaz, con la maglia gialla sulle spalle di Pogacar. La Grande Boucle 2026 si articola in 21 tappe, in programma dal 4 al 26 luglio, con un percorso durissimo, perfetto per gli scalatori. Previste in totale otto tappe di montagna, con cinque arrivi in salita e un dislivello complessivo superiore ai 54mila metri. Il gran finale sar\u00e0 come sempre affidato alla passerella conclusiva a Parigi, sugli Champs-\u00c9lys\u00e9es (<a href=\"https:\/\/tg24.sky.it\/sport\/2026\/07\/03\/tour-de-france-albo-d-oro\" target=\"_self\" data-intcmp=\"skytg24_foglia articolo_interlink_text\" rel=\"nofollow noopener\">L&#8217;ALBO D&#8217;ORO DEI VINCITORI DELLA MAGLIA GIALLA<\/a>).\u00a0<\/p>\n<p>\t\t \tIl percorso della 19esima tappa<\/p>\n<p>I corridori oggi affrontano la 19esima tappa con i 128 km da Gap all&#8217;Alpe d\u2019Huez. \u00c8 la frazione in linea pi\u00f9 corta dell&#8217;edizione 2026 ma presenta un dislivello di 3500 metri. Subito dopo la partenza si inizia subito a salire verso il Col Bayard (2\u00aa categoria, 4,7 km al 7,2%), prima di affrontare il Col du Noyer (1\u00aa categoria, 7,2 km all\u20198,5%). Gli ultimi due chilometri di questa salita presentano pendenze intorno al 10%. C\u2019\u00e8 poi un lungo tratto di 70 km in lieve discesa e pianura verso nord. Quando si ricomincia a salire si passa dallo sprint intermedio nella citt\u00e0 di Le P\u00e9rier che segna l\u2019inizio dell\u2019ascesa verso il Col d\u2019Ornon (2\u00aa categoria, 5,4 km al 6,4%). Breve discesa e poi si sale sui tornanti della mitica Alpe d&#8217;Huez, con l\u2019arrivo a quota 1850 metri. Si tratta di un GPM classificato &#8220;fuori categoria\u201d, di 13,8 km con una pendenza media dell\u20198,1% e con un tratto anche all\u201911,5%.<\/p>\n<p>\t\t\t<a class=\"c-inline-card j-inline-card c-inline-card--with-image\" href=\"https:\/\/tg24.sky.it\/sport\/2026\/07\/01\/tappe-tour-de-france-2026\" rel=\"follow nofollow noopener\" data-intcmp=\"skytg24_articolo_approfondimenti_inline\" target=\"_blank\"><\/p>\n<p>\t\t\t         <img decoding=\"async\" crossorigin=\"anonymous\" alt=\"\" src=\"https:\/\/www.europesays.com\/it\/wp-content\/uploads\/2026\/07\/Tour.jpg\"  loading=\"lazy\"  bad-src=\"https:\/\/www.europesays.com\/it\/wp-content\/uploads\/2026\/07\/Tour.jpg\"\/><\/p>\n<p>\n\t\t\t         Vedi anche<br \/>\n\t\t\t         Tour de France 2026, il percorso e le tappe dell&#8217;edizione numero 113\n\t\t\t      <\/p>\n<p>\t\t\t<\/a><\/p>\n","protected":false},"excerpt":{"rendered":"Prosegue la 113esima edizione del Tour de France, la corsa a tappe ciclistica pi\u00f9 famosa al mondo. Oggi&hellip;\n","protected":false},"author":3,"featured_media":570335,"comment_status":"","ping_status":"","sticky":false,"template":"","format":"standard","meta":{"footnotes":"","_share_on_mastodon":"0"},"categories":[1456],"tags":[14375,1824,1825,369,4300,1537,90,89,245,244],"class_list":["post-599703","post","type-post","status-publish","format-standard","has-post-thumbnail","category-ciclismo","tag-alpi","tag-ciclismo","tag-cycling","tag-digitall","tag-francia","tag-it","tag-italia","tag-italy","tag-sport","tag-sports"],"share_on_mastodon":{"url":"https:\/\/pubeurope.com\/@it\/116973515408122430","error":""},"_links":{"self":[{"href":"https:\/\/www.europesays.com\/it\/wp-json\/wp\/v2\/posts\/599703","targetHints":{"allow":["GET"]}}],"collection":[{"href":"https:\/\/www.europesays.com\/it\/wp-json\/wp\/v2\/posts"}],"about":[{"href":"https:\/\/www.europesays.com\/it\/wp-json\/wp\/v2\/types\/post"}],"author":[{"embeddable":true,"href":"https:\/\/www.europesays.com\/it\/wp-json\/wp\/v2\/users\/3"}],"replies":[{"embeddable":true,"href":"https:\/\/www.europesays.com\/it\/wp-json\/wp\/v2\/comments?post=599703"}],"version-history":[{"count":0,"href":"https:\/\/www.europesays.com\/it\/wp-json\/wp\/v2\/posts\/599703\/revisions"}],"wp:featuredmedia":[{"embeddable":true,"href":"https:\/\/www.europesays.com\/it\/wp-json\/wp\/v2\/media\/570335"}],"wp:attachment":[{"href":"https:\/\/www.europesays.com\/it\/wp-json\/wp\/v2\/media?parent=599703"}],"wp:term":[{"taxonomy":"category","embeddable":true,"href":"https:\/\/www.europesays.com\/it\/wp-json\/wp\/v2\/categories?post=599703"},{"taxonomy":"post_tag","embeddable":true,"href":"https:\/\/www.europesays.com\/it\/wp-json\/wp\/v2\/tags?post=599703"}],"curies":[{"name":"wp","href":"https:\/\/api.w.org\/{rel}","templated":true}]}}