{"id":599939,"date":"2026-07-24T09:54:13","date_gmt":"2026-07-24T09:54:13","guid":{"rendered":"https:\/\/www.europesays.com\/it\/599939\/"},"modified":"2026-07-24T09:54:13","modified_gmt":"2026-07-24T09:54:13","slug":"merit-adigwe-la-nazionale-maggiore-mi-ha-dato-piu-fiducia-allinizio-giocavo-in-banda-ma","status":"publish","type":"post","link":"https:\/\/www.europesays.com\/it\/599939\/","title":{"rendered":"Merit Adigwe: &#8220;La Nazionale maggiore mi ha dato pi\u00f9 fiducia. All&#8217;inizio giocavo in banda, ma&#8230;&#8221;"},"content":{"rendered":"<p>Nella nuova puntata di <strong>Volley Night<\/strong>, trasmissione in onda sul canale Youtube di OA Sport, l\u2019ospite \u00e8 stata<strong> Merit Adigwe<\/strong>, una delle pi\u00f9 grandi promesse della pallavolo italiana. L\u2019opposta di Conegliano si \u00e8 gi\u00e0 laureata con la Nazionale campionessa del Mondo U21 e d\u2019Europa U22, confermando le sue qualit\u00e0 ed il suo talento.<\/p>\n<p><strong>Il pensiero alla vittoria degli Europei U22:<\/strong> \u201cNon ho ancora realizzato. Sono davvero contenta di come si sia concluso il percorso delle giovanili\u201d.<\/p>\n<p><strong>L\u2019inizio dell\u2019estate con la Nazionale maggiore prima di partecipare alla rassegna continentale:<\/strong> \u201cMi \u00e8 servito tanto, soprattutto per vivere questo Europeo con pi\u00f9 serenit\u00e0. Allenarmi con giocatrici di alto livello mi ha insegnato ad avere pi\u00f9 fiducia in me stessa ed essere pi\u00f9 tranquilla. Anche tecnicamente ho imparato cose in pi\u00f9\u201d.<\/p>\n<p><strong>Il ruolo in campo:<\/strong> \u201cInizialmente in U12 ero centrale a Crema. Poi dopo due anni sono diventata banda, ma non ricevevo. Quando sono passata nelle giovanili di Conegliano sono diventata definitivamente opposto\u201d.\u00a0<\/p>\n<p><strong>Il parallelismo tra le vittorie ai Mondiali U21 e gli Europei U22:<\/strong> \u201cSicuramente il Mondiale dell\u2019anno scorso \u00e8 stato pi\u00f9 faticoso. Il girone era composto da sette squadre, era lungo e difficile. Come quest\u2019anno abbiamo fatto un po\u2019 di fatica. Poi verso la fine ci siamo un po\u2019 sciolte\u201d.<\/p>\n<p><strong>Adigwe ha proseguito parlando dell\u2019importanza di allenarsi con le compagne a Conegliano ed in Nazionale:<\/strong> \u201cQuando sono in allenamento cerco di imparare dalle altre a rimanere concentrata nei momenti importanti. Voglio essere pi\u00f9 costante e per questo tendo ad osservare le mie compagne di squadra. A livello tecnico cerco di imparare la gestione dei colpi alti e profondi. Ci sono momenti della partita in cui bisogna capire come tirare la palla\u201d.<\/p>\n<p><strong>I prossimi Giochi del Mediterraneo a Taranto:<\/strong> \u201cAl pubblico chiedo di sostenerci e darci la carica. Speriamo di accontentare tutti e farli felici\u201d.<\/p>\n<p><strong>Il momento pi\u00f9 bello vissuto in campo ed un obiettivo da realizzare:<\/strong> \u201cIl Mondiale dell\u2019anno scorso mi rimarr\u00e0 nel cuore. \u00c8 stata una emozione forte con squadra e staff. Anche nella prima tappa di VNL ci sono state compagne che mi hanno detto delle cose che mi rimarranno nel cuore. Spero di giocare in futuro di giocare con la Nazionale seniores e di crescere di pi\u00f9\u201d.\u00a0<\/p>\n<p><strong>Tornando sull\u2019Europeo e sulla finale:<\/strong> \u201cDopo l\u2019infortunio di Giorgia Amoruso c\u2019\u00e8 stato un black-out. Poi ci siamo detto di andare avanti per lei ed abbiamo dato tutto. Dopo la vittoria siamo andate tutte da lei, quella \u00e8 stata l\u2019immagine dell\u2019Europeo\u201d.<\/p>\n<p><strong>L\u2019importanza del gruppo:<\/strong> \u201cNon eravamo la stessa squadra dell\u2019anno scorso. Noi abbiamo cercato di integrare al meglio le nuove ragazze. Alla fine ci siamo divertite\u201d.\u00a0<\/p>\n<p><a href=\"https:\/\/www.youtube.com\/watch?v=uC1QKu3PnI0\" rel=\"nofollow noopener\" target=\"_blank\"><strong>CLICCA QUI PER L\u2019INTERVISTA COMPLETA A MERIT ADIGWE\u00a0<\/strong><\/a><\/p>\n","protected":false},"excerpt":{"rendered":"Nella nuova puntata di Volley Night, trasmissione in onda sul canale Youtube di OA Sport, l\u2019ospite \u00e8 stata&hellip;\n","protected":false},"author":3,"featured_media":580024,"comment_status":"","ping_status":"","sticky":false,"template":"","format":"standard","meta":{"footnotes":"","_share_on_mastodon":"0"},"categories":[1474],"tags":[1537,90,89,33620,245,244,1869],"class_list":["post-599939","post","type-post","status-publish","format-standard","has-post-thumbnail","category-volley","tag-it","tag-italia","tag-italy","tag-merit-adigwe","tag-sport","tag-sports","tag-volley"],"share_on_mastodon":{"url":"https:\/\/pubeurope.com\/@it\/116974352444801551","error":""},"_links":{"self":[{"href":"https:\/\/www.europesays.com\/it\/wp-json\/wp\/v2\/posts\/599939","targetHints":{"allow":["GET"]}}],"collection":[{"href":"https:\/\/www.europesays.com\/it\/wp-json\/wp\/v2\/posts"}],"about":[{"href":"https:\/\/www.europesays.com\/it\/wp-json\/wp\/v2\/types\/post"}],"author":[{"embeddable":true,"href":"https:\/\/www.europesays.com\/it\/wp-json\/wp\/v2\/users\/3"}],"replies":[{"embeddable":true,"href":"https:\/\/www.europesays.com\/it\/wp-json\/wp\/v2\/comments?post=599939"}],"version-history":[{"count":0,"href":"https:\/\/www.europesays.com\/it\/wp-json\/wp\/v2\/posts\/599939\/revisions"}],"wp:featuredmedia":[{"embeddable":true,"href":"https:\/\/www.europesays.com\/it\/wp-json\/wp\/v2\/media\/580024"}],"wp:attachment":[{"href":"https:\/\/www.europesays.com\/it\/wp-json\/wp\/v2\/media?parent=599939"}],"wp:term":[{"taxonomy":"category","embeddable":true,"href":"https:\/\/www.europesays.com\/it\/wp-json\/wp\/v2\/categories?post=599939"},{"taxonomy":"post_tag","embeddable":true,"href":"https:\/\/www.europesays.com\/it\/wp-json\/wp\/v2\/tags?post=599939"}],"curies":[{"name":"wp","href":"https:\/\/api.w.org\/{rel}","templated":true}]}}