{"id":600044,"date":"2026-07-24T11:17:10","date_gmt":"2026-07-24T11:17:10","guid":{"rendered":"https:\/\/www.europesays.com\/it\/600044\/"},"modified":"2026-07-24T11:17:10","modified_gmt":"2026-07-24T11:17:10","slug":"sinner-quando-gioca-canada-cincinnati-e-us-open-quali-tornei-salta-quando-puo-tornare-ad-affrontare-alcaraz-e-il-ranking-attuale","status":"publish","type":"post","link":"https:\/\/www.europesays.com\/it\/600044\/","title":{"rendered":"Sinner, quando gioca? Canada, Cincinnati e Us Open: quali tornei salta, quando pu\u00f2 tornare ad affrontare Alcaraz e il ranking attuale"},"content":{"rendered":"<p><strong><a href=\"https:\/\/www.ilmessaggero.it\/t\/jannik-sinner\" rel=\"nofollow noopener\" target=\"_blank\">Jannik Sinner<\/a><\/strong> si gode le meritate vacanze in Sardegna insieme alla fidanzata Laila Hasanovic e ricarica le pile <strong>in vista dell&#8217;inizio della stagione sul cemento nordamericano<\/strong>. Il re dell&#8217;erba \u00e8 pronto a tornare in campo, a poche settimane dal secondo trionfo consecutivo a <a href=\"https:\/\/www.ilmessaggero.it\/t\/wimbledon\" rel=\"nofollow noopener\" target=\"_blank\">Wimbledon<\/a>. Il numero uno del mondo, dopo la delusione di Parigi, era arrivato a Londra circa due settimane prima dell&#8217;inizio del torneo, cos\u00ec da iniziare a prendere la giusta confidenza sull&#8217;erba. Una scelta che si \u00e8 rivelata evidentemente azzeccata visto il risultato finale, e che ha permesso a Jannik di abituarsi anche alle temperature, lavorando anche sulla gestione delle energie per ridurre al minimo i rischi corsi al Roland Garros. Ora il meritato riposo prima di tornare ad impugnare la racchetta in una seconda parte di stagione che vedr\u00e0 <strong><a class=\"link_item\" data-linked_from=\"9670178\" href=\"https:\/\/www.ilmessaggero.it\/sport\/schede\/us_open_quando_inizia_dove_vederlo_in_chiaro_sinner_cobolli_musetti_berrettini_tabellone_completo_italiani-9666373.html\" rel=\"nofollow noopener\" target=\"_blank\"> gli Us Open come il vero grande obiettivo da inseguire<\/a><\/strong>.<\/p>\n<p>Dopo aver messo in bacheca il quinto Slam della sua carriera<strong>, adesso Sinner si proietta verso la seconda parte di stagione sul cemento, col grande obiettivo di tornare a vincere gli Us Open<\/strong> che gli permetterebbe di salire a quota 6 Major. L&#8217;anno scorso a New York cedette il trono ad Alcaraz proprio in finale, quest&#8217;anno vuole prendersi la sua rivincita. Ma prima dello Slam neworkese ci saranno due Masters 1000 di avvicinamento che peseranno in chiave ranking: <strong>Montreal<\/strong> e <strong>Cincinnati<\/strong>. Non \u00e8 certo se prender\u00e0 parte ad entrambi i tornei o solamente ad uno; tra pochi giorni Jannik dovr\u00e0 prendere la sua decisione, evitando alcuni di errori di programmazione commessi in passato.<strong> ecco le possibili tappe.<\/strong> <\/p>\n","protected":false},"excerpt":{"rendered":"Jannik Sinner si gode le meritate vacanze in Sardegna insieme alla fidanzata Laila Hasanovic e ricarica le pile&hellip;\n","protected":false},"author":3,"featured_media":600045,"comment_status":"","ping_status":"","sticky":false,"template":"","format":"standard","meta":{"footnotes":"","_share_on_mastodon":"0"},"categories":[1457],"tags":[1265,4627,1537,90,89,1717,330787,14178,330788,3420,366,18118,245,244,1273,6665,29523],"class_list":["post-600044","post","type-post","status-publish","format-standard","has-post-thumbnail","category-tennis","tag-alcaraz","tag-carlos-alcaraz","tag-it","tag-italia","tag-italy","tag-jannik-sinner","tag-masters-1000-canada","tag-masters-1000-cincinnati","tag-quando-gioca-sinner","tag-ranking","tag-sinner","tag-sinner-alcaraz","tag-sport","tag-sports","tag-tennis","tag-us-open","tag-zverev"],"share_on_mastodon":{"url":"https:\/\/pubeurope.com\/@it\/116974678773795398","error":""},"_links":{"self":[{"href":"https:\/\/www.europesays.com\/it\/wp-json\/wp\/v2\/posts\/600044","targetHints":{"allow":["GET"]}}],"collection":[{"href":"https:\/\/www.europesays.com\/it\/wp-json\/wp\/v2\/posts"}],"about":[{"href":"https:\/\/www.europesays.com\/it\/wp-json\/wp\/v2\/types\/post"}],"author":[{"embeddable":true,"href":"https:\/\/www.europesays.com\/it\/wp-json\/wp\/v2\/users\/3"}],"replies":[{"embeddable":true,"href":"https:\/\/www.europesays.com\/it\/wp-json\/wp\/v2\/comments?post=600044"}],"version-history":[{"count":0,"href":"https:\/\/www.europesays.com\/it\/wp-json\/wp\/v2\/posts\/600044\/revisions"}],"wp:featuredmedia":[{"embeddable":true,"href":"https:\/\/www.europesays.com\/it\/wp-json\/wp\/v2\/media\/600045"}],"wp:attachment":[{"href":"https:\/\/www.europesays.com\/it\/wp-json\/wp\/v2\/media?parent=600044"}],"wp:term":[{"taxonomy":"category","embeddable":true,"href":"https:\/\/www.europesays.com\/it\/wp-json\/wp\/v2\/categories?post=600044"},{"taxonomy":"post_tag","embeddable":true,"href":"https:\/\/www.europesays.com\/it\/wp-json\/wp\/v2\/tags?post=600044"}],"curies":[{"name":"wp","href":"https:\/\/api.w.org\/{rel}","templated":true}]}}