{"id":600103,"date":"2026-07-24T12:02:16","date_gmt":"2026-07-24T12:02:16","guid":{"rendered":"https:\/\/www.europesays.com\/it\/600103\/"},"modified":"2026-07-24T12:02:16","modified_gmt":"2026-07-24T12:02:16","slug":"domenica-di-temporali-anche-forti-in-toscana-ma-la-tregua-dal-caldo-sara-breve-incubo-agosto","status":"publish","type":"post","link":"https:\/\/www.europesays.com\/it\/600103\/","title":{"rendered":"Domenica di temporali (anche forti) in Toscana. Ma la tregua dal caldo sar\u00e0 breve: incubo agosto"},"content":{"rendered":"<p>Firenze, 24 luglio 2026 \u2013\u00a0Da un paio di giorni l\u2019aria si \u00e8 fatta pi\u00f9 respirabile, la pausa dal<strong> caldo<\/strong> che opprime durer\u00e0 sino a <strong>domenica 26 luglio <\/strong>poi assisteremo alla <strong><a rel=\"follow nofollow noopener\" href=\"https:\/\/www.lanazione.it\/meteo\/previsioni-meteo-toscana-agosto-ufe1uza9\" target=\"_blank\">quarta ondata di calore<\/a>.<\/strong><\/p>\n<p>Approfondisci:<\/p>\n<p><a href=\"https:\/\/www.lanazione.it\/meteo\/previsioni-meteo-toscana-agosto-ufe1uza9\" class=\"ArticleEmbed_article__embed__content__Jzqnz\" rel=\"nofollow noopener\" target=\"_blank\">Stop al caldo infernale, parla l\u2019esperto: \u201cPausa di 10 giorni, notti pi\u00f9 fresche. Ad agosto tornano le temperature sopra la media\u201d<img alt=\"Stop al caldo infernale, parla l\u2019esperto: \u201cPausa di 10 giorni, notti pi\u00f9 fresche. Ad agosto tornano le temperature sopra la media\u201d\" loading=\"lazy\" width=\"140\" height=\"78\" decoding=\"async\" data-nimg=\"1\" style=\"color:transparent\"  src=\"https:\/\/www.europesays.com\/it\/wp-content\/uploads\/2026\/07\/atteso-un-calo-delle-temperature-notti-piu-fresche-immagini-da-windy-com.webp\"\/><\/a> <\/p>\n<p>\u00abVi ricordate le <a rel=\"follow nofollow noopener\" href=\"https:\/\/www.lanazione.it\/meteo\/meteo-toscana-fyq53jwj\" target=\"_blank\"><strong>notti supertropicali<\/strong><\/a> e opprimenti, con minime inchiodate sui 27 gradi? Preparatevi a un ribaltone tanto piacevole quanto ingannevole: questa <strong>domenica<\/strong>, quei 27 gradi diventeranno al Nord la temperatura massima della giornata. Una r<strong>infrescata<\/strong> che sapr\u00e0 di vera e propria liberazione\u00bb.\u00a0<strong>Lorenzo Tedici<\/strong>, meteorologo responsabile media de <a rel=\"nofollow noopener\" href=\"https:\/\/www.ilmeteo.it\/\" target=\"_blank\">iLMeteo.it<\/a>, conferma poi che la marcia verso questa<strong> tregua<\/strong> meno calda arriver\u00e0 per tutti.<\/p>\n<p> <img alt=\"Dopo giorni di sole e caldo intenso, arriva la svolta meteo. Previsti temporali forti in Toscana (foto Getty Images)\" loading=\"lazy\" width=\"2121\" height=\"1414\" decoding=\"async\" data-nimg=\"1\" style=\"color:transparent;max-width:100%;height:auto\"   src=\"https:\/\/www.europesays.com\/it\/wp-content\/uploads\/2026\/07\/dopo-giorni-di-sole-e-caldo-intenso-arriva-la-svolta-meteo-previsti-temporali-forti-in-toscana-foto-.webp\"\/><\/p>\n<p>Dopo giorni di sole e caldo intenso, arriva la svolta meteo. Previsti temporali forti in Toscana (foto Getty Images)<\/p>\n<p>Temporali in arrivo <img alt=\"Domenica di temporali (anche forti) in Toscana. Ma la tregua dal caldo sar\u00e0 breve: incubo agosto\" loading=\"lazy\" width=\"762\" height=\"429\" decoding=\"async\" data-nimg=\"1\" style=\"color:transparent\"  src=\"https:\/\/www.europesays.com\/it\/wp-content\/uploads\/2026\/07\/xarqz22.jpeg\"\/> <\/p>\n<p>\u00abEntro venerd\u00ec, alcuni <strong>temporali <\/strong>anche intensi scivoleranno lungo il versante adriatico fino alla Puglia per poi virare verso la Calabria; sul resto della Penisola godremo di condizioni meteo stabili e temperature gradevoli, anche di notte.<strong> Sabato 25<\/strong> luglio vivremo una bella giornata di stampo estivo classico e con <strong>temperature nella norma<\/strong>, disturbata solo dall&#8217;avvicinarsi di una <strong>perturbazione atlantica<\/strong> con qualche rovescio tra Valle d&#8217;Aosta e Piemonte. Questa perturbazione, per\u00f2, avr\u00e0 il grande merito di portare preziose piogge su alcuni dei devastanti incendi in Francia. <strong>Domenica 26 <\/strong>luglio avremo il <strong>vero calo termico<\/strong>: l&#8217;arrivo di alcuni temporali far\u00e0 scivolare le massime su buona parte del Centro-Nord. Dunque da domenica 26 luglio, assisteremo a un vero colpo di scena: nel cuore del \u2018Solleone\u2019 si <strong>apriranno gli ombrelli<\/strong> al Nord e su buona parte del Centro. L&#8217;Italia sar\u00e0 spaccata a met\u00e0: mentre al Centro-Nord piover\u00e0, in Sicilia si toccheranno nuovamente i 38-40\u00b0.<\/p>\n<p>Approfondisci:<\/p>\n<p><a href=\"https:\/\/www.lanazione.it\/meteo\/meteo-toscana-fyq53jwj\" class=\"ArticleEmbed_article__embed__content__Jzqnz\" rel=\"nofollow noopener\" target=\"_blank\">Meteo, e ora che succede? Possibile pioggia e una certezza: niente pi\u00f9 bollini rossi, si respira un po\u2019<img alt=\"Meteo, e ora che succede? Possibile pioggia e una certezza: niente pi\u00f9 bollini rossi, si respira un po\u2019\" loading=\"lazy\" width=\"140\" height=\"78\" decoding=\"async\" data-nimg=\"1\" style=\"color:transparent\"  src=\"https:\/\/www.europesays.com\/it\/wp-content\/uploads\/2026\/07\/maltempo-a-torino.webp\"\/><\/a><br \/>\nQuanto durer\u00e0 il maltempo <img alt=\"2222510772\" loading=\"lazy\" width=\"2121\" height=\"1414\" decoding=\"async\" data-nimg=\"1\" style=\"color:transparent;max-width:100%;height:auto\"   src=\"https:\/\/www.europesays.com\/it\/wp-content\/uploads\/2026\/07\/1784894536_907_2222510772.webp\"\/><\/p>\n<p>In Italia aspetta la terza ondata di caldo rovente<\/p>\n<p>\u00abLa pacchia \u2013\u00a0continua Tedici -, purtroppo, durer\u00e0 pochissimo. Come recita la saggezza popolare, \u2018Non c&#8217;\u00e8 due senza tre&#8230; e il quarto vien da s\u00e9\u2019, ecco l&#8217;invito alla cautela prima di dare per finita l&#8217;Estate estrema. A partire da <strong>met\u00e0 della prossima settimana<\/strong>, iniziando dal Nord, l&#8217;Italia ripiomber\u00e0 in <strong>pieno nella fornace<\/strong> con la <strong>quarta ondata di caldo africano<\/strong>.\u00a0<\/p>\n<p>Quarta ondata di caldo africano: da quando <\/p>\n<p>Per capire fino a che numeri vertiginosi ci spingeremo, dovremo attendere l&#8217;esito di una vera e propria battaglia meteorologica: \u2018<strong>mare contro notte<\/strong>\u2019. Ad <strong>agosto<\/strong> le notti iniziano fisiologicamente ad allungarsi, un fattore che dovrebbe limitare i picchi estremi diurni. Tuttavia, c&#8217;\u00e8 un avversario temibile: il mare. Avendo accumulato <strong>calore per mesi<\/strong>, raggiunger\u00e0 la sua temperatura massima e inizier\u00e0 a rilasciarne enormi quantit\u00e0, mantenendo i valori termici altissimi, specialmente lungo le <strong>coste<\/strong>.<\/p>\n<p>Tornano le notti tropicali <\/p>\n<p>Comunque vada a finire questa sfida \u2018meteomarina\u2019, il risultato pi\u00f9 probabile sar\u00e0 questo: torneremo in fretta a <strong>soffrire notti tropicali<\/strong> da 27 gradi e a sudare di giorno, con i termometri pronti a segnare di nuovo i <strong>38-39 gradi<\/strong> in Pianura Padana, a <strong>Firenze<\/strong>, Roma e su buona parte del Sud.<\/p>\n<p>Previsioni meteo in Toscana <\/p>\n<p>Previsioni meteo a cura del <a rel=\"nofollow noopener\" href=\"http:\/\/www.lamma.toscana.it\/\" target=\"_blank\">Consorzio Lamma<\/a>.\u00a0Venerd\u00ec 24 luglio: sereno o poco nuvoloso. Venti: deboli da nord est. Mari: poco mossi. Temperature: massime in lieve calo sulle zone interne in aumento sul litorale. <strong>Sabato 25 luglio<\/strong>: sereno ma con tendenza ad aumento della nuvolosit\u00e0 dal pomeriggio. Venti: deboli o moderati da sud sud-sud. Mari: poco mossi in aumento a mossi. Temperature: minime stazionarie, massime in aumento sulle zone interne in calo sulla costa. <strong>Domenica 26 luglio<\/strong>: molto nuvoloso o coperto, con precipitazioni anche <strong>temporalesche<\/strong> in estensione dalle zone occidentali al resto della regione. Venti: moderati meridionali in rotazione a ovest. Mari: mossi. Temperature: minime in aumento, massime in decisa flessione. <strong>Luned\u00ec 27 luglio<\/strong>: durante la notte e nella prima parte della mattinata residue precipitazioni, poi tendenza a generale miglioramento. Venti: deboli variabili tendenti a disporsi da ovest nel pomeriggio. Mari: mossi. Temperature: minime in calo, massime in aumento nell&#8217;interno.<\/p>\n<p>Come sar\u00e0 agosto 2026\u00a0 <\/p>\n<p>Le ultime elaborazioni del <a rel=\"nofollow noopener\" href=\"https:\/\/www.ecmwf.int\/\" target=\"_blank\">Centro Europeo<\/a> per le previsioni a medio termine (ECMWF) delineano uno scenario che potrebbe vedere <strong>agosto tra i periodi pi\u00f9 caldi dell&#8217;estate 2026<\/strong>. Secondo la linea di tendenza del modello europeo aumentano le probabilit\u00e0 di una nuova e intensa ondata di calore di <strong>matrice africana<\/strong>, con effetti attesi soprattutto su Sardegna, Sicilia e sulle regioni del <strong>Centro-Sud<\/strong>.<\/p>\n<p>Le ultime elaborazioni del Centro Europeo per le Previsioni a Medio Termine (ECMWF) indicano l\u2019<strong>espansione, a partire dal 2-3 agosto<\/strong>, di un robusto promontorio anticiclonico subtropicale dal Sahara verso il Mediterraneo centrale. Si prevede che questa configurazione favorir\u00e0 condizioni di tempo stabile e temperature ben superiori alle medie stagionali, con anomalie fino a +2\/+3 \u00b0C su gran parte dell&#8217;Italia. Le aree pi\u00f9 esposte sono Sardegna, Sicilia, il Centro-Sud peninsulare e le <strong>zone tirreniche<\/strong>, dove le massime potrebbero raggiungere i 35-38 gradi, con punte oltre i 40 gradi nelle aree interne e nelle pianure meridionali. A rendere il caldo ancora pi\u00f9 intenso contribuir\u00e0 anche l&#8217;<strong>elevata temperatura del Mediterraneo<\/strong>, che favorir\u00e0 <strong>afa<\/strong> e <strong>notti tropicali diffuse<\/strong>.<\/p>\n<p>Agosto a due velocit\u00e0 tra Nord e Centro-Sud <\/p>\n<p>Le proiezioni ECMWF delineano uno scenario diverso tra le varie aree del Paese. Il <strong>Centro-Sud <\/strong>e le Isole potrebbero fare i conti con <strong>ondate di calore persistenti per buona parte del mese<\/strong>. Al Nord \u00e8 attesa una maggiore variabilit\u00e0 per l&#8217;arrivo di correnti atlantiche pi\u00f9 fresche, favorite da passaggi di disturbi o gocce fredde in quota. Il contrasto con l&#8217;aria calda e umida presente nei bassi strati potr\u00e0 favorire <strong>temporali anche intensi<\/strong>, localmente accompagnati da grandine, forti raffiche di vento e nubifragi. Ne deriverebbe un&#8217;Italia divisa in due: caldo persistente al Centro-Sud, temperature pi\u00f9 contenute ma maggiore instabilit\u00e0 al Nord.<\/p>\n<p>Uno scenario coerente con il trend dell&#8217;estate 2026 Questo scenario si inserisce nel quadro di un&#8217;estate 2026 caratterizzata da persistenti anomalie termiche positive, in linea con il trend del riscaldamento globale e con le elevate temperature superficiali del Mar Mediterraneo. Pur trattandosi di una linea di tendenza, e quindi soggetta ai fisiologici aggiornamenti delle prossime emissioni, il segnale fornito dall&#8217;ensemble ECMWF appare al momento coerente. In vista di agosto \u2013 che si annuncia bollente al Centro-Sud, pi\u00f9 instabile e \u201cfresco\u201d al Nord &#8211; sar\u00e0 quindi importante seguire l&#8217;evoluzione delle previsioni: al Centro-Sud per il probabile ritorno di condizioni di caldo estremo, al Nord per il rischio di fasi temporalesche estreme.<\/p>\n","protected":false},"excerpt":{"rendered":"Firenze, 24 luglio 2026 \u2013\u00a0Da un paio di giorni l\u2019aria si \u00e8 fatta pi\u00f9 respirabile, la pausa dal&hellip;\n","protected":false},"author":3,"featured_media":600104,"comment_status":"","ping_status":"","sticky":false,"template":"","format":"standard","meta":{"footnotes":"","_share_on_mastodon":"0"},"categories":[79],"tags":[2699,2553,14,93,94,1112,435,13474,1537,90,89,7,15,8283,103,11922,8648,11,84,91,12,85,92],"class_list":["post-600103","post","type-post","status-publish","format-standard","has-post-thumbnail","category-italia","tag-agosto","tag-breve","tag-cronaca","tag-cronaca-italiana","tag-cronacaitaliana","tag-domenica","tag-forti","tag-incubo","tag-it","tag-italia","tag-italy","tag-news","tag-notizie","tag-sara","tag-temporali","tag-toscana","tag-tregua","tag-ultime-notizie","tag-ultime-notizie-e-news-di-oggi","tag-ultime-notizie-italia","tag-ultimenotizie","tag-ultimenotizieenewsdioggi","tag-ultimenotizieitalia"],"share_on_mastodon":{"url":"","error":""},"_links":{"self":[{"href":"https:\/\/www.europesays.com\/it\/wp-json\/wp\/v2\/posts\/600103","targetHints":{"allow":["GET"]}}],"collection":[{"href":"https:\/\/www.europesays.com\/it\/wp-json\/wp\/v2\/posts"}],"about":[{"href":"https:\/\/www.europesays.com\/it\/wp-json\/wp\/v2\/types\/post"}],"author":[{"embeddable":true,"href":"https:\/\/www.europesays.com\/it\/wp-json\/wp\/v2\/users\/3"}],"replies":[{"embeddable":true,"href":"https:\/\/www.europesays.com\/it\/wp-json\/wp\/v2\/comments?post=600103"}],"version-history":[{"count":0,"href":"https:\/\/www.europesays.com\/it\/wp-json\/wp\/v2\/posts\/600103\/revisions"}],"wp:featuredmedia":[{"embeddable":true,"href":"https:\/\/www.europesays.com\/it\/wp-json\/wp\/v2\/media\/600104"}],"wp:attachment":[{"href":"https:\/\/www.europesays.com\/it\/wp-json\/wp\/v2\/media?parent=600103"}],"wp:term":[{"taxonomy":"category","embeddable":true,"href":"https:\/\/www.europesays.com\/it\/wp-json\/wp\/v2\/categories?post=600103"},{"taxonomy":"post_tag","embeddable":true,"href":"https:\/\/www.europesays.com\/it\/wp-json\/wp\/v2\/tags?post=600103"}],"curies":[{"name":"wp","href":"https:\/\/api.w.org\/{rel}","templated":true}]}}