{"id":600272,"date":"2026-07-24T14:27:27","date_gmt":"2026-07-24T14:27:27","guid":{"rendered":"https:\/\/www.europesays.com\/it\/600272\/"},"modified":"2026-07-24T14:27:27","modified_gmt":"2026-07-24T14:27:27","slug":"ciclomercato-2027-si-rafforza-la-pista-pinarello-q36-5-per-primoz-primoz-roglic","status":"publish","type":"post","link":"https:\/\/www.europesays.com\/it\/600272\/","title":{"rendered":"CicloMercato 2027, si rafforza la pista Pinarello &#8211; Q36.5 per Primo\u017e Primo\u017e Rogli\u010d"},"content":{"rendered":"<p>\t\tLuca Pellegrini24 Luglio 2026, 11:27<\/p>\n<p> Meno di un minuto <\/p>\n<p>\t\t<img width=\"2560\" height=\"1707\" src=\"https:\/\/www.europesays.com\/it\/wp-content\/uploads\/2026\/03\/1259132690-scaled.jpg\" class=\"attachment-full size-full wp-post-image\" alt=\"\" data-main-img=\"1\" decoding=\"async\" fetchpriority=\"high\"  \/><\/p>\n<p>\t\t\t\t\t\t\t \u00a9 Sirotti<\/p>\n<p>\t\t\t\t\t<a href=\"https:\/\/cyclingpro.net\/spaziociclismo\/altro\/scopri-lapp-ufficiale-di-spaziociclismo\/\" title=\"\" rel=\"nofollow noopener\" target=\"_blank\"><br \/>\n\t\t\t\t\t\t<img loading=\"lazy\" decoding=\"async\" src=\"https:\/\/www.europesays.com\/it\/wp-content\/uploads\/2025\/09\/1758060682_662_Banner-App-SpazioCiclismo.png\" alt=\"\" width=\"728\" height=\"91\"\/><br \/>\n\t\t\t\t\t<\/a><\/p>\n<p>Continua il dibattito attorno al futuro di Primo\u017e Rogli\u010d,\u00a0in uscita dalla <strong>Red Bull \u2013 BORA \u2013 hansgrohe<\/strong>. Il corridore sloveno, seppur non pi\u00f9 giovanissimo, \u00e8 uno dei pezzi pregiati del <strong>CicloMercato 2027<\/strong>, e le carte iniziano a scoprirsi. Gi\u00e0 ieri avevamo parlato di una corsa a due \u00a0<a href=\"https:\/\/cyclingpro.net\/spaziociclismo\/ciclomercato\/ciclomercato-2027-sfida-a-due-per-primoz-roglic-pinarello-e-tudor-le-opzioni-piu-calde\/\" rel=\"nofollow noopener\" target=\"_blank\">tra Tudor Pro Cycling e Pinarello \u2013 Q36.5<\/a>, ma quest\u2019ultima pista sembra aver acquisito ulteriore credibilit\u00e0 nelle ultime ore. Secondo quanto riporta Ciro Scognamiglio della\u00a0Gazzetta dello Sport, l\u2019attuale formazione di Tom Pidcock sembra esser considerata come un\u2019opzione credibile per Rogli\u010d. Non c\u2019\u00e8 ancora una accordo, ma a questo punto non si escludere che le trattative possano decollare nel giro di pochi giorni.<\/p>\n<p> <a href=\"https:\/\/cyclingpro.net\/spaziociclismo\/abbonati\/\" rel=\"nofollow noopener\" target=\"_blank\"><img decoding=\"async\" src=\"https:\/\/www.europesays.com\/it\/wp-content\/uploads\/2026\/07\/Banner-AdFree-SpazioCiclismo.png\"\/><\/a><\/p>\n<p>Seguici<\/p>\n<p>\t\t\t\t\t\t\t\t\t\t<a href=\"https:\/\/news.google.com\/publications\/CAAqKQgKIiNDQklTRkFnTWFoQUtEbU41WTJ4cGJtZHdjbTh1Ym1WMEtBQVAB?hl=it&amp;gl=IT&amp;ceid=IT%3Ait\" title=\"Google News\" target=\"_blank\" rel=\"nofollow noopener\" class=\"post-followus-btn google-new-btn\"><br \/>\n\t\t\t\t\t\t<img decoding=\"async\" src=\"https:\/\/cyclingpro.net\/spaziociclismo\/wp-content\/themes\/jannah\/assets\/images\/google-news.svg\" alt=\"Google News\" loading=\"lazy\" width=\"120\" height=\"22\"\/><br \/>\n\t\t\t\t\t<\/a><br \/>\n\t\t\t\t\t\t\t\t\t\t<a href=\"https:\/\/flipboard.com\/@SpazioCiclismo\" title=\"Flipboard\" target=\"_blank\" rel=\"nofollow noopener\" class=\"post-followus-btn flipboard-btn\"><br \/>\n\t\t\t\t\t\t<img decoding=\"async\" src=\"https:\/\/cyclingpro.net\/spaziociclismo\/wp-content\/themes\/jannah\/assets\/images\/flipboard.svg\" alt=\"Flipboard\" loading=\"lazy\" width=\"152\" height=\"30\"\/><br \/>\n\t\t\t\t\t<\/a><\/p>\n","protected":false},"excerpt":{"rendered":"Luca Pellegrini24 Luglio 2026, 11:27 Meno di un minuto \u00a9 Sirotti Continua il dibattito attorno al futuro di&hellip;\n","protected":false},"author":3,"featured_media":403866,"comment_status":"","ping_status":"","sticky":false,"template":"","format":"standard","meta":{"footnotes":"","_share_on_mastodon":"0"},"categories":[1456],"tags":[1824,139641,1825,1537,90,89,127500,1879,245,244],"class_list":["post-600272","post","type-post","status-publish","format-standard","has-post-thumbnail","category-ciclismo","tag-ciclismo","tag-ciclomercato-2027","tag-cycling","tag-it","tag-italia","tag-italy","tag-pinarello-q36-5-pro-cycling-team-2026","tag-primoz-roglic","tag-sport","tag-sports"],"share_on_mastodon":{"url":"https:\/\/pubeurope.com\/@it\/116975426758245417","error":""},"_links":{"self":[{"href":"https:\/\/www.europesays.com\/it\/wp-json\/wp\/v2\/posts\/600272","targetHints":{"allow":["GET"]}}],"collection":[{"href":"https:\/\/www.europesays.com\/it\/wp-json\/wp\/v2\/posts"}],"about":[{"href":"https:\/\/www.europesays.com\/it\/wp-json\/wp\/v2\/types\/post"}],"author":[{"embeddable":true,"href":"https:\/\/www.europesays.com\/it\/wp-json\/wp\/v2\/users\/3"}],"replies":[{"embeddable":true,"href":"https:\/\/www.europesays.com\/it\/wp-json\/wp\/v2\/comments?post=600272"}],"version-history":[{"count":0,"href":"https:\/\/www.europesays.com\/it\/wp-json\/wp\/v2\/posts\/600272\/revisions"}],"wp:featuredmedia":[{"embeddable":true,"href":"https:\/\/www.europesays.com\/it\/wp-json\/wp\/v2\/media\/403866"}],"wp:attachment":[{"href":"https:\/\/www.europesays.com\/it\/wp-json\/wp\/v2\/media?parent=600272"}],"wp:term":[{"taxonomy":"category","embeddable":true,"href":"https:\/\/www.europesays.com\/it\/wp-json\/wp\/v2\/categories?post=600272"},{"taxonomy":"post_tag","embeddable":true,"href":"https:\/\/www.europesays.com\/it\/wp-json\/wp\/v2\/tags?post=600272"}],"curies":[{"name":"wp","href":"https:\/\/api.w.org\/{rel}","templated":true}]}}