{"id":601168,"date":"2026-07-25T04:37:16","date_gmt":"2026-07-25T04:37:16","guid":{"rendered":"https:\/\/www.europesays.com\/it\/601168\/"},"modified":"2026-07-25T04:37:16","modified_gmt":"2026-07-25T04:37:16","slug":"noemi-il-messaggio-ironico-di-alfa-dopo-la-caduta-durante-il-concerto-ieri-sera-sul-mio-palco","status":"publish","type":"post","link":"https:\/\/www.europesays.com\/it\/601168\/","title":{"rendered":"Noemi, il messaggio ironico di Alfa dopo la caduta durante il concerto: \u00abIeri sera sul mio palco\u00bb"},"content":{"rendered":"<p>&#13;<br \/>\n                               &#13;<br \/>\n                                                &#13;<br \/>\n                &#13;<\/p>\n<p>Sdrammatizzare e ridere delle difficolt\u00e0, in molti casi pu\u00f2 essere la cura migliore. Lo sa bene <a href=\"https:\/\/www.leggo.it\/t\/noemi\" rel=\"nofollow noopener\" target=\"_blank\">Noemi<\/a> che dopo la rovinosa caduta dal palco a San Salvo\u00a0ironizza sull&#8217;incidente. Per la cantante non sono mancati i messaggi di affetto da parte dei fan in apprensione e dagli amici del mondo dello spettacolo.<\/p>\n<p>&#13;<br \/>\n&#13;<\/p>\n<p>Ma a vincere il premio per la simpatia \u00e8 <a href=\"https:\/\/www.leggo.it\/t\/alfa\" rel=\"nofollow noopener\" target=\"_blank\">Alfa<\/a>, che sul suo palcoscenico ha allestito la cosiddetta &#8220;<strong>Noemi Zone<\/strong>&#8220;, segnalata da un cartoncino fucsia e una striscia gialla.\u00a0\u00abIeri sera sul mio palco, riprenditi\u00bb, ha scritto a corredo della fotografia scattata e inviata a Noemi per augurarle una pronta guarigione.\u00a0<\/p>\n<p>&#13;<br \/>\n&#13;<br \/>\nLa diagnosi\u00a0&#13;<br \/>\n&#13;<\/p>\n<p>La cantante romana ha condiviso la chat con Andrea De Filippi nelle sue storie di Instagram. \u00abMi sono presa un brutto spavento, ma per fortuna sto bene\u00bb. Cos\u00ec Noemi aveva rassicurato tutti dopo l&#8217;incidente che le \u00e8 costato l&#8217;interruzione del tour e delle conseguenze pi\u00f9 serie.<\/p>\n<p>&#13;<br \/>\n&#13;<br \/>\n&#13;<br \/>\n&#13;<\/p>\n<p>\u00abC\u2019\u00e8 un politrauma, ovvero un trauma cranico, al bacino e al polso destro. <\/p>\n<p>Il peggio \u00e8 scongiurato. Con una caduta da quell\u2019altezza e di peso, poteva andare molto, molto peggio. Invece non abbiamo rilevato nessuna lesione cerebrale\u00bb, aveva spiegato il primario che l&#8217;ha visitata. E ancora: \u00abLa signorina Scopelliti non ha mai perso conoscenza e ci sono delle microfratture composte, all\u2019anca e al polso, che non necessitano per\u00f2 di intervento chirurgico\u00bb.\u00a0&#13;<br \/>\n&#13;<br \/>\nLa dinamica\u00a0&#13;<br \/>\n&#13;<\/p>\n<p>Come si vede dai numerosi video circolati in rete, Noemi stava concludendo l\u2019esecuzione del suo grande successo \u201cBriciole\u201d quando si \u00e8 avvicinata al bordo del palco per salutare il pubblico. In quel momento, mentre incitava i presenti a battere le mani, la cantante ha perso il contatto con il palco \u00e8 precipitata davanti a tutti, sfiorando la tragedia.\u00a0<\/p>\n<p>                                &#13;<br \/>\n                &#13;<br \/>\n&#13;<br \/>\n                Ultimo aggiornamento: venerd\u00ec 24 luglio 2026, 17:56&#13;<br \/>\n                <br \/>&#13;<br \/>\n                &#13;<br \/>\n                  &#13;<br \/>\n                    &#13;<br \/>\n                        \u00a9 RIPRODUZIONE RISERVATA&#13;<\/p>\n<p>&#13;<\/p>\n<p>                    &#13;<\/p>\n","protected":false},"excerpt":{"rendered":"&#13; &#13; &#13; &#13; Sdrammatizzare e ridere delle difficolt\u00e0, in molti casi pu\u00f2 essere la cura migliore. Lo&hellip;\n","protected":false},"author":3,"featured_media":601169,"comment_status":"","ping_status":"","sticky":false,"template":"","format":"standard","meta":{"footnotes":"","_share_on_mastodon":"0"},"categories":[174],"tags":[11234,203,204,1537,90,89,8501],"class_list":["post-601168","post","type-post","status-publish","format-standard","has-post-thumbnail","category-intrattenimento","tag-alfa","tag-entertainment","tag-intrattenimento","tag-it","tag-italia","tag-italy","tag-noemi"],"share_on_mastodon":{"url":"https:\/\/pubeurope.com\/@it\/116978768031221801","error":""},"_links":{"self":[{"href":"https:\/\/www.europesays.com\/it\/wp-json\/wp\/v2\/posts\/601168","targetHints":{"allow":["GET"]}}],"collection":[{"href":"https:\/\/www.europesays.com\/it\/wp-json\/wp\/v2\/posts"}],"about":[{"href":"https:\/\/www.europesays.com\/it\/wp-json\/wp\/v2\/types\/post"}],"author":[{"embeddable":true,"href":"https:\/\/www.europesays.com\/it\/wp-json\/wp\/v2\/users\/3"}],"replies":[{"embeddable":true,"href":"https:\/\/www.europesays.com\/it\/wp-json\/wp\/v2\/comments?post=601168"}],"version-history":[{"count":0,"href":"https:\/\/www.europesays.com\/it\/wp-json\/wp\/v2\/posts\/601168\/revisions"}],"wp:featuredmedia":[{"embeddable":true,"href":"https:\/\/www.europesays.com\/it\/wp-json\/wp\/v2\/media\/601169"}],"wp:attachment":[{"href":"https:\/\/www.europesays.com\/it\/wp-json\/wp\/v2\/media?parent=601168"}],"wp:term":[{"taxonomy":"category","embeddable":true,"href":"https:\/\/www.europesays.com\/it\/wp-json\/wp\/v2\/categories?post=601168"},{"taxonomy":"post_tag","embeddable":true,"href":"https:\/\/www.europesays.com\/it\/wp-json\/wp\/v2\/tags?post=601168"}],"curies":[{"name":"wp","href":"https:\/\/api.w.org\/{rel}","templated":true}]}}