{"id":601258,"date":"2026-07-25T06:16:10","date_gmt":"2026-07-25T06:16:10","guid":{"rendered":"https:\/\/www.europesays.com\/it\/601258\/"},"modified":"2026-07-25T06:16:10","modified_gmt":"2026-07-25T06:16:10","slug":"ultimi-botti-estivi-in-serie-a-varese-pensa-a-koloko","status":"publish","type":"post","link":"https:\/\/www.europesays.com\/it\/601258\/","title":{"rendered":"Ultimi botti estivi in Serie A, Varese pensa a Koloko"},"content":{"rendered":"<p><strong>Sei squadre<\/strong> gi\u00e0 al completo, ma <strong>10 ancora sul mercato<\/strong> in una <strong>serie A<\/strong> dai tempi dilazionati dalle operazioni romane <strong>SPQR<\/strong> e <strong>Maxima<\/strong>. Se sar\u00e0 confermato il rumor della firma per Reggio Emilia di <strong>Speedy Smith<\/strong>, <strong>33enne<\/strong> play americano reduce dalla BCL vinta con il <strong>Lietuvos Rytas<\/strong>, l\u2019<strong>Unahotels<\/strong> si aggiunger\u00e0 a <strong>Milano, Treviso, Udine e Trento<\/strong> fra i club che hanno esaurito ufficialmente le operazioni dell\u2019<strong>estate 2026<\/strong>.<\/p>\n<p><strong>Valore opposto<\/strong><\/p>\n<p>Vicine al traguardo ci sono anche <strong>Virtus Bologna<\/strong> e <strong>Venezia<\/strong>, alle quali manca solo un innesto, sia pure di valore diametralmente opposto. I bianconeri cercano il pezzo forte di maggior impatto economico tra guardia e ala piccola: il lungo corteggiamento all\u2019<strong>ex Fenerbahce Brandon Boston<\/strong> non pare destinato ad avere esito positivo (il <strong>24enne<\/strong> esterno vuole giocare la carta dei camp <strong>NBA<\/strong>). La <strong>Reyer<\/strong> cerca invece solo uno straniero di coppa col <strong>settimo slot<\/strong>, probabile sia <strong>Louis Olinde<\/strong>, ala tedesca da <strong>Manresa<\/strong>. Manca un rinforzo anche per <strong>Scafati<\/strong>, che dopo i primi 5 stranieri ingaggiati a tempo di record cerca da un mese la <strong>guardia da salvezza<\/strong>.<\/p>\n<p><strong>Borderline NBA<\/strong><\/p>\n<p>E <strong>Varese<\/strong>? Sempre due le pedine mancanti con priorit\u00e0 assoluta al <strong>pivot titolare<\/strong>. Dovr\u00e0 essere <strong>verticale<\/strong> (leggi stoppate e protezione dell\u2019area), <strong>mobile<\/strong> (piedi veloci per reggere i cambi sul pick&amp;roll), <strong>dinamico<\/strong> (per correre da un ferro all\u2019altro) e poco offensivo. L\u2019attenzione \u00e8 concentrata sui <strong>borderline NBA<\/strong>, a partire dal <strong>26enne camerunense Christian Koloko<\/strong> se sar\u00e0 aperto all\u2019Europa. A oggi il mercato dei veterani d\u2019Europa offre pochino \u2013 tra gli altri <strong>Freddie Gillespie<\/strong> \u2013 ma il profilo tecnico \u00e8 ben individuato, cos\u00ec come la volont\u00e0 di inserire uno <strong>specialista difensivo<\/strong> sul perimetro che accetti il ruolo da cambio.<\/p>\n<p>    <a href=\"https:\/\/www.prealpina.it\/news\/sport\/523638\/openjobmetis-a-caccia-del-pivot-in-nba.html?utm_source=VCMS_correlati\" class=\"vc_cont_image\" rel=\"nofollow noopener\" target=\"_blank\"><img decoding=\"async\" class=\"vc_image\" src=\"https:\/\/www.europesays.com\/it\/wp-content\/uploads\/2026\/07\/GN4_DAT_51172323.jpg--openjobmetis_a_caccia_del_pivot_in_nba.jpg\"\/><\/a><\/p>\n<p><strong>Attese e favoriti<\/strong><\/p>\n<p><strong>Bomber<\/strong>, Due giocatori al termine anche per <strong>Cant\u00f9<\/strong> e <strong>Verona<\/strong> (il pivot potrebbe essere l\u2019ex Cluj <strong>Nate Mensah<\/strong>?), <strong>Napoli<\/strong> aspetta la risposta del bomber <strong>Jahmi\u2019us Ramsey<\/strong> e cerca un lungo straniero importante. E le romane? Per la panchina <strong>SPQR<\/strong> \u00e8 favorito <strong>Dwayne Casey<\/strong>, <strong>69enne<\/strong> veterano <strong>NBA<\/strong> da <strong>494 vittorie in 1.064 partite<\/strong> (<strong>Terry Stotts<\/strong> ha declinato come dovrebbe fare anche <strong>Riccardo Fois<\/strong>). La <strong>Maxima<\/strong> attende la decisione di <strong>Matt Riccardi<\/strong>, ex assistant g.m. di Dallas al quale <strong>Paul Matiasic<\/strong> vorrebbe affidare l\u2019area tecnica: all\u2019appello le mancano <strong>7 giocatori<\/strong> se contiamo <strong>Mirza Alibegovic<\/strong> come primo rinforzo.<\/p>\n","protected":false},"excerpt":{"rendered":"Sei squadre gi\u00e0 al completo, ma 10 ancora sul mercato in una serie A dai tempi dilazionati dalle&hellip;\n","protected":false},"author":3,"featured_media":601259,"comment_status":"","ping_status":"","sticky":false,"template":"","format":"standard","meta":{"footnotes":"","_share_on_mastodon":"0"},"categories":[1453],"tags":[1756,1757,331344,596,1537,90,89,331346,331345,28,22326,331343,245,244,76931,222,5128],"class_list":["post-601258","post","type-post","status-publish","format-standard","has-post-thumbnail","category-basket","tag-basket","tag-basketball","tag-brandon-boston","tag-fenerbahce","tag-it","tag-italia","tag-italy","tag-lietuvos-rytas","tag-louis-olinde","tag-milano","tag-reggio-emilia","tag-speedy-smith","tag-sport","tag-sports","tag-unahotels","tag-venezia","tag-virtus-bologna"],"share_on_mastodon":{"url":"https:\/\/pubeurope.com\/@it\/116979157868844384","error":""},"_links":{"self":[{"href":"https:\/\/www.europesays.com\/it\/wp-json\/wp\/v2\/posts\/601258","targetHints":{"allow":["GET"]}}],"collection":[{"href":"https:\/\/www.europesays.com\/it\/wp-json\/wp\/v2\/posts"}],"about":[{"href":"https:\/\/www.europesays.com\/it\/wp-json\/wp\/v2\/types\/post"}],"author":[{"embeddable":true,"href":"https:\/\/www.europesays.com\/it\/wp-json\/wp\/v2\/users\/3"}],"replies":[{"embeddable":true,"href":"https:\/\/www.europesays.com\/it\/wp-json\/wp\/v2\/comments?post=601258"}],"version-history":[{"count":0,"href":"https:\/\/www.europesays.com\/it\/wp-json\/wp\/v2\/posts\/601258\/revisions"}],"wp:featuredmedia":[{"embeddable":true,"href":"https:\/\/www.europesays.com\/it\/wp-json\/wp\/v2\/media\/601259"}],"wp:attachment":[{"href":"https:\/\/www.europesays.com\/it\/wp-json\/wp\/v2\/media?parent=601258"}],"wp:term":[{"taxonomy":"category","embeddable":true,"href":"https:\/\/www.europesays.com\/it\/wp-json\/wp\/v2\/categories?post=601258"},{"taxonomy":"post_tag","embeddable":true,"href":"https:\/\/www.europesays.com\/it\/wp-json\/wp\/v2\/tags?post=601258"}],"curies":[{"name":"wp","href":"https:\/\/api.w.org\/{rel}","templated":true}]}}