{"id":601292,"date":"2026-07-25T06:51:14","date_gmt":"2026-07-25T06:51:14","guid":{"rendered":"https:\/\/www.europesays.com\/it\/601292\/"},"modified":"2026-07-25T06:51:14","modified_gmt":"2026-07-25T06:51:14","slug":"le-certezze-di-maldini-e-i-dubbi-di-malago-su-pirlo-come-nuovo-allenatore-italia-il-compromesso-dietro-la-scelta","status":"publish","type":"post","link":"https:\/\/www.europesays.com\/it\/601292\/","title":{"rendered":"Le certezze di Maldini e i dubbi di Malag\u00f2 su Pirlo, come nuovo allenatore Italia: il compromesso dietro la scelta"},"content":{"rendered":"<p>    di<br \/>\n    Alessandro Bocci e Monica Colombo<\/p>\n<p class=\"summary-art is-line-h-12\">Il retroscena sulla decisione sul prossimo ct della Nazionale. E se Pirlo sorride, Mancini \u00e8 profondamente deluso<\/p>\n<p class=\"chapter-paragraph\"><b>Svanito <a href=\"https:\/\/www.corriere.it\/sport\/calcio\/26_luglio_24\/guardiola-rifiuta-nazionale-8c000430-4d81-4890-a777-889c8d7eaxlk.shtml\" rel=\"nofollow noopener\" target=\"_blank\">Guardiola<\/a>, Paolo Maldini \u00e8 tornato con forza sull\u2019idea che l\u2019ha animato dal primo momento in cui ha <a href=\"https:\/\/www.corriere.it\/sport\/calcio\/26_luglio_25\/pirlo-nazionale-italia-commento-f6b6a203-346b-4ea1-a07b-1f9606627xlk.shtml\" title=\"Nazionale, la scelta di Pirlo un salto indietro: da Guardiola a lui, vuol dire che qualcosa \u00e8 andato storto\" target=\"_blank\" rel=\"nofollow noopener\">detto s\u00ec alla Nazionale: Andrea Pirlo<\/a>.<\/b> Perch\u00e9, come ha raccontato Leonardo gioved\u00ec all\u2019assemblea dei presidenti, \u00abserve un allenatore che ragioni come ragioniamo noi, che condivida le nostre idee e con cui ci sia armonia\u00bb. <b>Maldini voleva scommettere su <a href=\"https:\/\/www.corriere.it\/sport\/calcio\/26_luglio_24\/pirlo-allenatore-nazionale-f48433fb-0d63-4de3-bb1a-900c5e789xlk.shtml\" rel=\"nofollow noopener\" target=\"_blank\">Pirlo <\/a>gi\u00e0 al Milan e questa idea, mai realizzata, ha provocato la rottura con Pioli. <\/b>Ora ci riprova e siccome, parola di <a href=\"https:\/\/www.corriere.it\/sport\/calcio\/diretta-live\/26_luglio_23\/ct-italia-nazionale-guardiola-malago-assemblea-lega-serie-a.shtml\" rel=\"nofollow noopener\" target=\"_blank\">Malag\u00f2<\/a>, il c.t. lo sceglie il direttore tecnico e futuro presidente del club Italia, la strada \u00e8 segnata. Si lavora in quella direzione, contando di arrivare quanto prima a una definizione del contratto. <b>Prima mossa: Pirlo dovr\u00e0 dimettersi dall\u2019Fc Dubai.<br \/><\/b><br \/><b>Maldini e Leonardo non hanno dubbi. Malag\u00f2 qualcuno, sotto sotto, lo conserva. <\/b>Pirlo non \u00e8 l\u2019allenatore a cui aveva pensato prima di essere eletto e neppure dopo. <b>Ricorderete, in attesa di Paolo, il suo identikit del tecnico ideale per ricostruire la Nazionale: esperto e vincente. Pirlo non lo \u00e8. <\/b>Nella testa del presidente federale l\u2019uomo giusto poteva essere Roberto Mancini, che l\u2019Italia l\u2019aveva abbandonata dalla sera alla mattina inseguendo i petrodollari dell\u2019Arabia Saudita, ma si era pentito e voleva ritentare. <b>Mancio \u00e8 stato l\u2019ultimo a regalare un sorriso alla Nazionale. Ora \u00e8 furioso: si sente sedotto e abbandonato<\/b>. Ieri \u00e8 andato in Puglia per il matrimonio di Donnarumma. E il suo cellulare \u00e8 rimasto silenzioso.<\/p>\n<p class=\"chapter-paragraph\">Pirlo dovr\u00e0 scalare una montagna ripida e se l\u2019intesa con Maldini e Leonardo \u00e8 a prova di bomba, tutti insieme dovranno vincere la diffidenza che sta montando in maniera trasversale. <b>La serie A, che Malag\u00f2 lo ha candidato e sostenuto, voleva Antonio Conte, inspiegabilmente mai realmente in corsa. <\/b>E anche le altre componenti, escluse dai giochi e dalle consultazioni, sono perplesse (eufemismo) di fronte al Maestro, che da giocatore incantava ma che da allenatore non ha ancora trovato la sua strada dopo esperienze non memorabili alla Juventus e alla Sampdoria intervallate da una stagione anonima in Turchia.<br \/>\u00a0<br \/><b>Neppure i tifosi sono soddisfatti. Pirlo, il cui nome ormai rimbalza da giorni, \u00e8 stato accolto in maniera molto negativa nei sondaggi e lascia perplessi. <\/b>La Francia riparte da Zidane e la Germania si \u00e8 affidata a Klopp. Stelle di prima grandezza intorno a cui rilanciare la sfida. <b>L\u2019Italia ha scelto un\u2019altra strada. Pi\u00f9 pericolosa.<\/b>    &#13;<br \/>\n&#13;<br \/>\n&#13;<br \/>\n&#13;<br \/>\n&#13;<br \/>\n&#13;<br \/>\n&#13;<br \/>\n&#13;<br \/>\n&#13;<br \/>\n&#13;<br \/>\n&#13;<br \/>\n&#13;<br \/>\n&#13;<br \/>\n&#13;<br \/>\n&#13;<br \/>\n&#13;<br \/>\n&#13;<br \/>\n&#13;<br \/>\n&#13;<br \/>\n&#13;<br \/>\n&#13;<br \/>\n&#13;<br \/>\n&#13;<br \/>\n&#13;<br \/>\n&#13;<br \/>\n&#13;<br \/>\n&#13;<br \/>\n&#13;<br \/>\n&#13;<br \/>\n&#13;<br \/>\n&#13;<br \/>\n&#13;<br \/>\n&#13;<br \/>\n&#13;<br \/>\n&#13;<br \/>\n&#13;<br \/>\n&#13;<br \/>\n&#13;<br \/>\n&#13;<br \/>\n&#13;<br \/>\n&#13;<br \/>\n&#13;<br \/>\n&#13;<br \/>\n&#13;<br \/>\n&#13;<br \/>\n&#13;<br \/>\n&#13;<br \/>\n&#13;<br \/>\n&#13;<br \/>\n&#13;<br \/>\n&#13;<br \/>\n&#13;<br \/>\n&#13;\n<\/p>\n<p class=\"chapter-paragraph\"><b>Da Guardiola a Pirlo il salto (nel vuoto) \u00e8 enorme. <\/b>Leonardo, che in passato \u00e8 stato anche allenatore, sar\u00e0 una spalla e un punto di riferimento. Di sicuro la strada che attende l\u2019ex centrocampista \u00e8 in salita: persino i giocatori, che pure dovrebbero volare bassi dopo la figuraccia in Bosnia, in queste settimane hanno fatto il tifo per Mancini. <b>Malag\u00f2, davanti al mare di Sabaudia, sta riflettendo su tutto questo. Ma l\u2019idea di condivisione, sposata al momento della stretta di mano con Maldini e Leonardo, alla fine prevarr\u00e0.<\/b> Serve unit\u00e0 di intenti per ripartire. Anche perch\u00e9 non saranno rose e fiori.<\/p>\n<p class=\"chapter-paragraph\">Prima di pensare all\u2019Europeo tra due anni o al Mondiale tra quattro, il punto di caduta di questo piano di rilancio, bisogner\u00e0 fare i conti con il presente: <b>la Nation League, che comincer\u00e0 a settembre, \u00e8 una strada scivolosa in un girone di ferro con squadre agguerrite e in cerca di rivincita come Belgio, Francia e Turchia. <\/b>L\u2019Italia dovr\u00e0 almeno evitare la retrocessione nella Lega B e possibilmente risalire un po\u2019 nel ranking (ora siamo al quindicesimo posto). Pirlo deve mettersi subito all\u2019opera. La stagione \u00e8 gi\u00e0 cominciata e le squadre sono in ritiro. Abbiamo gi\u00e0 perso troppo tempo.<b> Il Consiglio federale, in programma marted\u00ec, potrebbe essere l\u2019occasione giusta per l\u2019annuncio.<\/b><\/p>\n<p class=\"is-last-update\" datetime=\"2026-07-25T08:27:13+02:00\">25 luglio 2026 ( modifica il 25 luglio 2026 | 08:27)<\/p>\n<p class=\"is-copyright\">\n            \u00a9 RIPRODUZIONE RISERVATA\n        <\/p>\n","protected":false},"excerpt":{"rendered":"di Alessandro Bocci e Monica Colombo Il retroscena sulla decisione sul prossimo ct della Nazionale. E se Pirlo&hellip;\n","protected":false},"author":3,"featured_media":601293,"comment_status":"","ping_status":"","sticky":false,"template":"","format":"standard","meta":{"footnotes":"","_share_on_mastodon":"0"},"categories":[176],"tags":[30199,331361,331362,34442,331363,331364,9683,331365,331366,11713,331367,331368,331369,331370,331371,1960,7757,331359,284,4300,8631,128,1537,90,89,6775,63425,20361,320008,6248,10582,652,82928,331360,135,494,2181,245,244,10976,577,3726,3375,530,13027],"class_list":["post-601292","post","type-post","status-publish","format-standard","has-post-thumbnail","category-sport","tag-abbandonata","tag-abbandonata-sera","tag-abbandonata-sera-mattina","tag-abbandonato","tag-abbandonato-andato","tag-abbandonato-andato-puglia","tag-accolto","tag-accolto-maniera","tag-accolto-maniera-negativa","tag-affidata","tag-affidata-klopp","tag-affidata-klopp-stelle","tag-agguerrite","tag-agguerrite-cerca","tag-agguerrite-cerca-rivincita","tag-allenatore","tag-dubbi","tag-dubbi-malago","tag-federale","tag-francia","tag-guardiola","tag-idea","tag-it","tag-italia","tag-italy","tag-leonardo","tag-malago","tag-maldini","tag-maldini-leonardo","tag-mancini","tag-maniera","tag-paolo","tag-pirlo","tag-pirlo-allenatore","tag-presidente","tag-punto","tag-serve","tag-sport","tag-sports","tag-squadre","tag-stagione","tag-strada","tag-tecnico","tag-turchia","tag-voleva"],"share_on_mastodon":{"url":"","error":"Validation failed: Text character limit of 500 exceeded"},"_links":{"self":[{"href":"https:\/\/www.europesays.com\/it\/wp-json\/wp\/v2\/posts\/601292","targetHints":{"allow":["GET"]}}],"collection":[{"href":"https:\/\/www.europesays.com\/it\/wp-json\/wp\/v2\/posts"}],"about":[{"href":"https:\/\/www.europesays.com\/it\/wp-json\/wp\/v2\/types\/post"}],"author":[{"embeddable":true,"href":"https:\/\/www.europesays.com\/it\/wp-json\/wp\/v2\/users\/3"}],"replies":[{"embeddable":true,"href":"https:\/\/www.europesays.com\/it\/wp-json\/wp\/v2\/comments?post=601292"}],"version-history":[{"count":0,"href":"https:\/\/www.europesays.com\/it\/wp-json\/wp\/v2\/posts\/601292\/revisions"}],"wp:featuredmedia":[{"embeddable":true,"href":"https:\/\/www.europesays.com\/it\/wp-json\/wp\/v2\/media\/601293"}],"wp:attachment":[{"href":"https:\/\/www.europesays.com\/it\/wp-json\/wp\/v2\/media?parent=601292"}],"wp:term":[{"taxonomy":"category","embeddable":true,"href":"https:\/\/www.europesays.com\/it\/wp-json\/wp\/v2\/categories?post=601292"},{"taxonomy":"post_tag","embeddable":true,"href":"https:\/\/www.europesays.com\/it\/wp-json\/wp\/v2\/tags?post=601292"}],"curies":[{"name":"wp","href":"https:\/\/api.w.org\/{rel}","templated":true}]}}