{"id":601515,"date":"2026-07-25T10:25:14","date_gmt":"2026-07-25T10:25:14","guid":{"rendered":"https:\/\/www.europesays.com\/it\/601515\/"},"modified":"2026-07-25T10:25:14","modified_gmt":"2026-07-25T10:25:14","slug":"radio-cortina-50-anni-da-regina-delle-dolomiti-informazione-musica-e-quella-volta-che-al-microfono-arrivo-un-premio-nobel","status":"publish","type":"post","link":"https:\/\/www.europesays.com\/it\/601515\/","title":{"rendered":"Radio Cortina, 50 anni da Regina delle Dolomiti. Informazione, musica e quella volta che al microfono arriv\u00f2 un premio Nobel"},"content":{"rendered":"<p><a href=\"https:\/\/www.ilgazzettino.it\/t\/cortina-d\" ampezzo=\"\" rel=\"nofollow noopener\" target=\"_blank\">CORTINA D&#8217;AMPEZZO<\/a> \u00abL&#8217;ho sentito a <a href=\"https:\/\/www.ilgazzettino.it\/t\/radio-cortina\" rel=\"nofollow noopener\" target=\"_blank\">Radio Cortina<\/a>\u00bb. Da mezzo secolo basta questo, a molti ascoltatori della conca d&#8217;Ampezzo, delle valli vicine, di un territorio sempre pi\u00f9 vasto, grazie alle tecnologie digitali, per tenersi informati. Notizie di servizio, preziose in caso di emergenze ambientali o viarie; sia la cronaca di eventi sportivi; possa trattarsi dell&#8217;intervista all&#8217;ospite cos\u00ec noto, in vacanza a Cortina; sia la diretta del consiglio comunale o della messa domenicale. Da cinquant&#8217;anni Radio Cortina propone quotidianamente informazione e intrattenimento. Tutto inizi\u00f2 nel luglio 1976, per l&#8217;intuizione di Marco Lorenzi, con un gruppo di altri ragazzi, taluni nemmeno ventenni. Con lui ci fu l&#8217;amico Paolo Barozzi, l&#8217;artista oggi compianto, cos\u00ec come sono mancati Gianluca Paolazzi, fra i primi a occuparsi di cronache sportive, e Rodolfo Zanettin, con il suo seguitissimo &#8220;Rudi show&#8221;.<\/p>\n<p>La redazione<\/p>\n<p>Nella redazione giornalistica si impegnarono Italico e Giovanna Mariotti, Giovanna Orzes Costa, Alfredo Spampani, Bortolo De Vido, Renato Zanolli e via via tanti altri collaboratori, con una intensa attivit\u00e0, a coprire capillarmente il territorio, soprattutto Ampezzo e Cadore. I programmi musicali hanno visto avvicendarsi numerose persone, dai primi volonterosi ragazzi, quando al microfono o alle scelte musicali c&#8217;erano Barbara Paolazzi, Alessandro Barozzi, Patrizia Ruatti, Gabriella Dal Molin, il musicologo Alberto Bregani, allora direttore del Coro Cortina, e tanti altri. Tutte le trasmissioni in diretta, a qualsiasi ora, anche di notte, poich\u00e9 all&#8217;inizio non c&#8217;era la tecnologia per riprodurre la musica automaticamente, ma ci si doveva basare sulla buona volont\u00e0 e il tempo di molti collaboratori volontari. Fra le prime trasmissioni regolari lo spazio &#8220;Inze stua pede fornel&#8221; in ladino ampezzano, sulla lingua, storia, cultura, tradizioni del paese, con Flora Menardi e, tra gli altri, Ernesto Majoni, Silvio Dandrea, Cesare Dipol, il quale ha ripreso di recente quell&#8217;esperienza, per riproporla. Presto intervennero i coniugi Gianni Milani e Nives Piccinini. Nives \u00e8 ancora oggi la voce di Radio Cortina, riferimento dell&#8217;emittente. La sede si \u00e8 spostata pi\u00f9 volte, all&#8217;inizio in un edificio nel piazzale della vecchia stazione ferroviaria, poi a Villa Alessandra in via Roma, propriet\u00e0 della parrocchia di Cortina, cos\u00ec come la sede attuale in via del Marcato, accanto alla canonica.<\/p>\n<p>La festa<\/p>\n<p>Si parler\u00e0 di tutto questo e di tanto altro nella festa in piazza, il 29 luglio, al padiglione sotto il campanile, dalle 9.30, con una diretta radiofonica e la presenza dal vivo. A confermare la costante rete di interazioni con il territorio, la festa della radio diventa anche argomento di uno dei &#8220;Mercoled\u00ec della cultura ladina&#8221;, dedicato proprio a questo tema, e della rassegna &#8220;Una montagna di libri&#8221;, che ha quotidianamente spazio nella programmazione dell&#8217;emittente. Con Nives Milani ci saranno altri componenti dello staff, dalla conduttrice Simona Rattini &#8220;Mosi&#8221; a Stefano Della Bona, amministratore della societ\u00e0 della radio, ai giornalisti Alessandra Segafreddo e Ilario Tancon, che animano redazione e notiziari.<\/p>\n<p>I personaggi<\/p>\n<p>Alla festa interverranno alcuni dei numerosissimi ospiti passati davanti ai microfoni di Radio Cortina; uno dei primi fu il narratore americano Saul Bellow, nell&#8217;estate 1976, in vacanza sulle Dolomiti, poco prima di ricevere il Nobel per la letteratura. A proposito di premi, Radio Cortina ha ricevuto il riconoscimento per i suoi primi 50 anni da Aeranti Corallo, a Roma. Informazione e musica: sono le due colonne nella storia e della attualit\u00e0 di Radio Cortina, oggi proposte per tutte le 24 ore, grazie alle innovazioni tecnologiche, alle quali l&#8217;emittente ha sempre dedicato cura e attenzione. Per residenti e ospiti, la festa di mercoled\u00ec 29 sar\u00e0 l&#8217;occasione per vedere dal vivo le persone, per collegare un volto a una voce, per applaudire e ringraziare chi fornisce un prezioso servizio gratuitamente, senza chiedere alcun canone, ma solo amicizia.<br \/>&#13;<br \/>\n\u00a0<\/p>\n","protected":false},"excerpt":{"rendered":"CORTINA D&#8217;AMPEZZO \u00abL&#8217;ho sentito a Radio Cortina\u00bb. Da mezzo secolo basta questo, a molti ascoltatori della conca d&#8217;Ampezzo,&hellip;\n","protected":false},"author":3,"featured_media":601516,"comment_status":"","ping_status":"","sticky":false,"template":"","format":"standard","meta":{"footnotes":"","_share_on_mastodon":"0"},"categories":[1443],"tags":[22799,447,203,204,1537,90,89,1538,1539,4061],"class_list":["post-601515","post","type-post","status-publish","format-standard","has-post-thumbnail","category-musica","tag-50-anni","tag-cortina","tag-entertainment","tag-intrattenimento","tag-it","tag-italia","tag-italy","tag-music","tag-musica","tag-radio"],"share_on_mastodon":{"url":"https:\/\/pubeurope.com\/@it\/116980136526822982","error":""},"_links":{"self":[{"href":"https:\/\/www.europesays.com\/it\/wp-json\/wp\/v2\/posts\/601515","targetHints":{"allow":["GET"]}}],"collection":[{"href":"https:\/\/www.europesays.com\/it\/wp-json\/wp\/v2\/posts"}],"about":[{"href":"https:\/\/www.europesays.com\/it\/wp-json\/wp\/v2\/types\/post"}],"author":[{"embeddable":true,"href":"https:\/\/www.europesays.com\/it\/wp-json\/wp\/v2\/users\/3"}],"replies":[{"embeddable":true,"href":"https:\/\/www.europesays.com\/it\/wp-json\/wp\/v2\/comments?post=601515"}],"version-history":[{"count":0,"href":"https:\/\/www.europesays.com\/it\/wp-json\/wp\/v2\/posts\/601515\/revisions"}],"wp:featuredmedia":[{"embeddable":true,"href":"https:\/\/www.europesays.com\/it\/wp-json\/wp\/v2\/media\/601516"}],"wp:attachment":[{"href":"https:\/\/www.europesays.com\/it\/wp-json\/wp\/v2\/media?parent=601515"}],"wp:term":[{"taxonomy":"category","embeddable":true,"href":"https:\/\/www.europesays.com\/it\/wp-json\/wp\/v2\/categories?post=601515"},{"taxonomy":"post_tag","embeddable":true,"href":"https:\/\/www.europesays.com\/it\/wp-json\/wp\/v2\/tags?post=601515"}],"curies":[{"name":"wp","href":"https:\/\/api.w.org\/{rel}","templated":true}]}}