{"id":601573,"date":"2026-07-25T11:14:16","date_gmt":"2026-07-25T11:14:16","guid":{"rendered":"https:\/\/www.europesays.com\/it\/601573\/"},"modified":"2026-07-25T11:14:16","modified_gmt":"2026-07-25T11:14:16","slug":"sebastiano-esposito-intervista-il-rapporto-con-pio-e-speciale-voglio-essere-un-leader","status":"publish","type":"post","link":"https:\/\/www.europesays.com\/it\/601573\/","title":{"rendered":"Sebastiano Esposito intervista: &#8220;il rapporto con Pio \u00e8 speciale, voglio essere un leader&#8221;"},"content":{"rendered":"<p>                                L\u2019attaccante del Cagliari: &#8220;La personalit\u00e0 mi \u00e8 costata, rispondevo quando non dovevo. Ora per\u00f2 a Cagliari voglio essere un esempio per i giovani&#8221;<\/p>\n<p class=\"paragraph\" spellcheck=\"true\">Nessun rimpianto, nessun dolore. Sebastiano Esposito ha accettato la nuova dimensione. Ciao Inter, evviva Cagliari. &#8220;Perch\u00e9 giocare conta pi\u00f9 di tutto, quindi zero rimpianti&#8221;. Seba \u00e8 il secondo dei tra fratelli Esposito. Il pi\u00f9 celebre \u00e8 Pio, il meno mediatico Salvatore, buon play alla Sampdoria. Una famiglia che vive di calcio. Visto che pap\u00e0 Agostino manda avanti (con l\u2019ex bresciano Marco Zambelli) la Voluntas Brescia, acquisita dai fratelli (in nome del primo allenatore Roberto Clerici) per sviluppare il calcio giovanile. E la sorella dei tre ragazzi, Anna Maria, ha appena sposato Agostino Camigliano, difensore della Sambenedettese. &#8220;Lo abbiamo inserito nella chat dei fratelli, anche perch\u00e9 ha pi\u00f9 esperienza (\u00e8 del 1994) di tutti e ci d\u00e0 sempre una mano&#8221;. Seba \u00e8 sempre convinto di essere pi\u00f9 forte tecnicamente del bomber dell\u2019Inter e della Nazionale Pio (&#8220;\u00e8 cos\u00ec&#8221;), ma per non parlarne pi\u00f9 ce ne parla subito\u2026 &#8220;Pio \u00e8 un orgoglio. Non far\u00e0 mai gli errori che ho fatto io, ha capito cosa non deve sbagliare, \u00e8 seguito, come noi, da un procuratore attento come Mario Giuffredi. E in campo ha una dote, oltre a essere forte in area: sa legare il gioco, pur essendo 1,95&#8221;.<\/p>\n<p class=\"paragraph\" spellcheck=\"true\"><b>Che rapporto avete tra fratelli?\u00a0Un legame pazzesco. Giocate tutti col numero 94.\u00a0<br \/><\/b><br \/>&#8220;Da due anni, una scelta fatta in nome del nostro quartiere, &#8216;Cicerone 94&#8217;. Ci siamo ritrovati per le vacanze a Castellammare. Abbiamo giocato nel campetto che abbiamo donato al quartiere. Sono venuti a trovarci anche Hernanes, il cantante Olly (sampdoriano) e Fabio De Paoli della Samp che per me \u00e8 proprio un fratello. Ci siamo tatuati a vicenda&#8221;.\u00a0<\/p>\n<p><b>Genova nel cuore. L\u2019altra sera, a Tem\u00f9, prima dell\u2019amichevole con la Samp, i tifosi della Sud le hanno dedicato uno striscione bellissimo (\u201cSeba Esposito i tuoi valori come uomo non li dimentichiamo\u201d) e lei \u00e8 uscito dallo spogliatoio a ringraziare.<\/b>\u00a0<\/p>\n<p>&#8220;Non sapevo nulla, \u00e8 stata un\u2019emozione. Ho lasciato il cuore a Genova, la mia ragazza \u00e8 di l\u00ec. Si \u00e8 visto che i calciatori sono anche esseri umani. \u00c8 vero abbiamo vantaggi, economici e di fama, ma ci piace anche aiutare. Per questo abbiamo donato il campetto a Castellammare di Stabia. Io ero etichettato come un tipo ambiguo, sopra le righe. Certo, ho fatto degli errori. Ho una forte personalit\u00e0 e non le mando a dire. Ma sudo la maglia, corro dietro all\u2019avversario, cerco di dare tutto e questo piace. Sono cos\u00ec, non \u00e8 una scelta forzata per farmi amare dalle piazze. Anche con Bari ho un forte legame. Mi piace in genere lasciare una bella impressione&#8221;.<\/p>\n<p class=\"paragraph\" spellcheck=\"true\"><b>Ora c\u2019\u00e8 Cagliari.<\/b>\u00a0<\/p>\n<p>&#8220;L\u2019ho voluta. Mi sto trovando bene.\u00a0\u00c8 una piazza calda, come piace a me con una tifoseria che nel nostro stadio ci spinge molto. C\u2019\u00e8 un popolo intero dietro. Il Cagliari (che oggi si presenta in piazza a Ponte di Legno alle 21 e marted\u00ec qui riceve il Modena, ndr) \u00e8 una Nazionale. Io non amo la comfort zone. Ricerco le sfide. E Cagliari, venendo dall\u2019Inter, era la pi\u00f9 difficile. C\u2019\u00e8 un gruppo sano che ha voglia di lavorare (ieri Zappa ha detto che vuole restare &#8220;perch\u00e9 amo il Cagliari e Cagliari&#8221;, ndr). Sar\u00e0 tosta, perch\u00e9 arrivare \u00e8 facile, confermarsi \u00e8 difficile&#8221;.\u00a0<\/p>\n<p><b>Ha fatto sette gol, a un passo dal suo record di otto di Empoli in Serie A. Se le dico doppia cifra?\u00a0<\/b><\/p>\n<p>&#8220;Non seguo le statistiche e non mi pongo obiettivi. E non sono neppure uno che cerca di segnare a ogni costo. Se devo dire una cosa che ho in testa e che voglio salvarmi&#8221;.\u00a0<\/p>\n<p><b>Con l\u2019allenatore Fabio Pisacane come va e come vi parlate?<\/b>\u00a0<\/p>\n<p>&#8220;In napoletano. Quando siamo io e lui sempre. Ora va benissimo. Ha equilibrio ed \u00e8 bravo nella gestione di spogliatoio e situazioni. Ma pensi che tutto \u00e8 cominciato con uno scontro. In Verona-Cagliari mi fece riscaldare senza poi farmi entrare. Poi ci fu un diverbio. Allora sono andato nel suo stanzino a chiedergli spiegazioni. Ci siamo confrontati.\u00a0\u00c8 uno schietto, vero. Ci siamo capiti e adesso \u00e8 un bel rapporto&#8221;.\u00a0<\/p>\n<p class=\"text\">Ho personalit\u00e0 e mi \u00e8 costata: spesso rispondevo quando non dovevo&#8230;<\/p>\n<p class=\"paragraph\" spellcheck=\"true\"><b>Lei delizia il pubblico con le giocate.<\/b>\u00a0<\/p>\n<p>&#8220;Da trequartista l\u2019assist mi piace (ne ha fatti sei col Cagliari nel campionato passato, ndr), la bella giocata pure e amo rischiare&#8221;.\u00a0<\/p>\n<p><b>Chi voleva essere da bambino?\u00a0<\/b><\/p>\n<p>&#8220;Francesco Totti. Che eleganza. Provavo a emularlo. Ho avuto modo di conoscerlo quando lui cominci\u00f2 a fare qualcosa da procuratore. Non pu\u00f2 immaginare l\u2019emozione&#8221;.\u00a0<\/p>\n<p><b>Eppure lei sostiene di avere una personalit\u00e0 molto forte\u2026<\/b><\/p>\n<p>&#8220;Vero e mi \u00e8 costata. Perch\u00e9 rispondevo, volevo dire una parola quando forse non era il caso. Sono spesso arrabbiato, vorrei dare qualcosa in pi\u00f9. Mi sono sempre visto pi\u00f9 grande di quel che ero. Devo cominciare a godermi i momenti belli&#8221;.\u00a0<\/p>\n<p><b>Qui al Cagliari si muove anche da leader, parla tanto con gli attaccanti pi\u00f9 giovani, come Mendy e Trepy.\u00a0<\/b><\/p>\n<p>&#8220;Dopo un colloquio con la societ\u00e0 ho chiesto di essere pi\u00f9 responsabilizzato nel ruolo. Di essere leader. Come Deiola, Caprile. Mi piace, aiutarli e bacchettarli anche perch\u00e9, pur avendo solo 24 anni, qualche partita ce l\u2019ho nel curriculum&#8221;.\u00a0<\/p>\n<p><b>Visto che \u00e8 giovane ed \u00e8 stato nelle Under, come i suoi fratelli, ha giocato all\u2019estero e vive di calcio, pu\u00f2 dirci dove sbagliamo e perch\u00e9 andiamo male?\u00a0<\/b><\/p>\n<p>&#8220;Il Mondiale perso ha una componente di sfortuna. Ma per il resto, lo dico pi\u00f9 da presidente di una societ\u00e0 che fa settore giovanile: perch\u00e9 il risultato conta pi\u00f9 della crescita&#8221;.\u00a0<\/p>\n<p><b>Diviso tra Brescia e Cagliari, qui \u00e8 pi\u00f9 dura: spiedo bresciano o maialetto sardo?\u00a0<br \/><\/b><br \/>&#8220;Sono carnivoro e la mia ragazza cucina bene. Ho trovato una bella macelleria vicino a casa, mi piace sperimentare vari tipi di carne. Certo che uno spiedo fatto bene ha il suo perch\u00e9, ma mi sto appassionando al maialetto. \u00c8 una bella lotta. Finisce pari&#8221;.<\/p>\n<p class=\"is-copyright\">\u00a9 RIPRODUZIONE RISERVATA<\/p>\n","protected":false},"excerpt":{"rendered":"L\u2019attaccante del Cagliari: &#8220;La personalit\u00e0 mi \u00e8 costata, rispondevo quando non dovevo. Ora per\u00f2 a Cagliari voglio essere&hellip;\n","protected":false},"author":3,"featured_media":601574,"comment_status":"","ping_status":"","sticky":false,"template":"","format":"standard","meta":{"footnotes":"","_share_on_mastodon":"0"},"categories":[1452],"tags":[8398,331705,331706,49334,331707,331708,41729,331709,6300,721,5362,7171,1740,3440,322,350,1537,90,89,7173,250722,1739,245,244],"class_list":["post-601573","post","type-post","status-publish","format-standard","has-post-thumbnail","category-calcio","tag-accettato","tag-accettato-nuova","tag-accettato-nuova-dimensione","tag-acquisita","tag-acquisita-fratelli","tag-acquisita-fratelli-nome","tag-agostino","tag-agostino-camigliano","tag-cagliari","tag-calcio","tag-errori","tag-esposito","tag-football","tag-forte","tag-fratelli","tag-inter","tag-it","tag-italia","tag-italy","tag-pio","tag-seba","tag-soccer","tag-sport","tag-sports"],"share_on_mastodon":{"url":"https:\/\/pubeurope.com\/@it\/116980329000873477","error":""},"_links":{"self":[{"href":"https:\/\/www.europesays.com\/it\/wp-json\/wp\/v2\/posts\/601573","targetHints":{"allow":["GET"]}}],"collection":[{"href":"https:\/\/www.europesays.com\/it\/wp-json\/wp\/v2\/posts"}],"about":[{"href":"https:\/\/www.europesays.com\/it\/wp-json\/wp\/v2\/types\/post"}],"author":[{"embeddable":true,"href":"https:\/\/www.europesays.com\/it\/wp-json\/wp\/v2\/users\/3"}],"replies":[{"embeddable":true,"href":"https:\/\/www.europesays.com\/it\/wp-json\/wp\/v2\/comments?post=601573"}],"version-history":[{"count":0,"href":"https:\/\/www.europesays.com\/it\/wp-json\/wp\/v2\/posts\/601573\/revisions"}],"wp:featuredmedia":[{"embeddable":true,"href":"https:\/\/www.europesays.com\/it\/wp-json\/wp\/v2\/media\/601574"}],"wp:attachment":[{"href":"https:\/\/www.europesays.com\/it\/wp-json\/wp\/v2\/media?parent=601573"}],"wp:term":[{"taxonomy":"category","embeddable":true,"href":"https:\/\/www.europesays.com\/it\/wp-json\/wp\/v2\/categories?post=601573"},{"taxonomy":"post_tag","embeddable":true,"href":"https:\/\/www.europesays.com\/it\/wp-json\/wp\/v2\/tags?post=601573"}],"curies":[{"name":"wp","href":"https:\/\/api.w.org\/{rel}","templated":true}]}}