{"id":602071,"date":"2026-07-25T18:21:30","date_gmt":"2026-07-25T18:21:30","guid":{"rendered":"https:\/\/www.europesays.com\/it\/602071\/"},"modified":"2026-07-25T18:21:30","modified_gmt":"2026-07-25T18:21:30","slug":"sinner-o-alcaraz-sabalenka-preferisco-jannik-siamo-simili-come-stili-di-gioco-ma-carlos","status":"publish","type":"post","link":"https:\/\/www.europesays.com\/it\/602071\/","title":{"rendered":"Sinner o Alcaraz, Sabalenka: \u00abPreferisco Jannik, siamo simili come stili di gioco, ma Carlos&#8230;\u00bb"},"content":{"rendered":"<p>\n                            Ogni giorno le notizie pi\u00f9 lette della giornata<br \/>\n                            <b>Iscriviti<\/b> e ricevi le notizie via email\n                        <\/p>\n<p>La rivalit\u00e0 sportiva tra <strong>Jannik <a href=\"https:\/\/www.ilmessaggero.it\/t\/sinner\" rel=\"nofollow noopener\" target=\"_blank\">Sinner<\/a> e <a href=\"https:\/\/www.ilmessaggero.it\/t\/carlos-alcaraz\" rel=\"nofollow noopener\" target=\"_blank\">Carlos Alcaraz<\/a><\/strong> manca ormai da diversi mesi ed \u00e8 sicuramente qualcosa che manca al tennis in questa fase. L&#8217;ultimo confronto tra i due risale alla finale di Montecarlo, vinta da Jannik, del 12 aprile. Da quel momento non c&#8217;\u00e8 stata pi\u00f9 possibilit\u00e0 di vedere una partita tra i due, in quanto Alcaraz si \u00e8 fermato per infortunio pochi giorni dopo e da allora non \u00e8 ancora ritornato in campo. Oggi lo spagnolo ha perso anche la terza posizione nel ranking Atp, di conseguenza nei prossimi tornei potr\u00e0 tornare ad affrontare Jannik nei turni precedenti alla finale, mentre negli ultimi anni i due campioni del tennis mondiale si sono sfidati sempre e solo in finale, essendo dalle parti opposte del tabellone.\u00a0<\/p>\n<p>&#13;<br \/>\n    APPROFONDIMENTI&#13;<\/p>\n<p>&#13;<\/p>\n<p>                <a href=\"https:\/\/www.ilmessaggero.it\/fotogallery\/sport\/us_open_sinner_tabellone_italiani_in_campo-9666388.html\" title=\"Foto\" rel=\"nofollow noopener\" target=\"_blank\"><img loading=\"lazy\" decoding=\"async\" src=\"https:\/\/www.europesays.com\/it\/wp-content\/uploads\/2026\/07\/9666388_22164949_onecms_1lp56bb632wb5qz2tv6.jpg\" title=\"Foto\" width=\"64\" height=\"64\" data-pagespeed-no-transform=\"\"\/><\/a>            <\/p>\n<p>    &#13;<\/p>\n<p>&#13;<\/p>\n<p>                <a href=\"https:\/\/www.ilmessaggero.it\/sport\/tennis\/teodor_davidov_tennis_due_dritti_no_rovescio_come_fa_ranking_chi_e-9668090.html\" title=\"Teodor Davidov, chi \u00e8 il tennista con due dritti\" rel=\"nofollow noopener\" target=\"_blank\"><img loading=\"lazy\" decoding=\"async\" src=\"https:\/\/www.europesays.com\/it\/wp-content\/uploads\/2026\/07\/1785003690_273_9668090_23113001_befunky_collage_6.jpg\" title=\"Teodor Davidov, chi \u00e8 il tennista con due dritti\" width=\"64\" height=\"64\" data-pagespeed-no-transform=\"\"\/><\/a>            <\/p>\n<p>    &#13;<\/p>\n<p>    &#13;<\/p>\n<p>Sabalenka sceglie tra Sinner e Alcaraz <\/p>\n<p>La rivalit\u00e0 manca ma resta la pi\u00f9 attesa e interessante degli ultimi anni. C&#8217;\u00e8 chi preferisce Jannik e chi Carlos, due giocatori completamente diversi ma che si completano e che riescono a spingersi al limite a vicenda. In merito a questa sana rivalit\u00e0 si \u00e8 espressa la numero uno del ranking Wta Aryna Sabalenka che ha\u00a0espresso una netta e chiara preferenza:\u00a0<strong>\u00ab<\/strong><strong>Preferisco di pi\u00f9 Jannik perch\u00e9 abbiamo uno stile di gioco simile<\/strong>. Penso che entrambi abbiamo un buon dritto, un rovescio abbastanza buono e un buon servizio\u00bb, ha detto la bielorussa a First&amp;Red.<\/p>\n<p>\u00abEntrambi giochiamo uno stile di tennis piuttosto aggressivo, direi. Ma <strong>penso che sia impossibile scegliere un solo giocatore in questo confronto.\u00a0<\/strong>Quando Alcaraz ha battuto Jannik al Roland Garros 2025 dopo tre match point, \u00e8 stato incredibile. Ma a Wimbledon 2025, facevo il tifo per Jannik perch\u00e9 mi dispiaceva davvero per lui al Roland Garros\u00bb, ha rivelato Sabalenka.<\/p>\n<p>&#13;<br \/>\n                            \u00a9 RIPRODUZIONE RISERVATA&#13;<\/p>\n<p>&#13;<\/p>\n","protected":false},"excerpt":{"rendered":"Ogni giorno le notizie pi\u00f9 lette della giornata Iscriviti e ricevi le notizie via email La rivalit\u00e0 sportiva&hellip;\n","protected":false},"author":3,"featured_media":602072,"comment_status":"","ping_status":"","sticky":false,"template":"","format":"standard","meta":{"footnotes":"","_share_on_mastodon":"0"},"categories":[1457],"tags":[1265,1537,90,89,48563,366,18118,245,244,1273],"class_list":["post-602071","post","type-post","status-publish","format-standard","has-post-thumbnail","category-tennis","tag-alcaraz","tag-it","tag-italia","tag-italy","tag-sabalenka","tag-sinner","tag-sinner-alcaraz","tag-sport","tag-sports","tag-tennis"],"share_on_mastodon":{"url":"https:\/\/pubeurope.com\/@it\/116982008891772971","error":""},"_links":{"self":[{"href":"https:\/\/www.europesays.com\/it\/wp-json\/wp\/v2\/posts\/602071","targetHints":{"allow":["GET"]}}],"collection":[{"href":"https:\/\/www.europesays.com\/it\/wp-json\/wp\/v2\/posts"}],"about":[{"href":"https:\/\/www.europesays.com\/it\/wp-json\/wp\/v2\/types\/post"}],"author":[{"embeddable":true,"href":"https:\/\/www.europesays.com\/it\/wp-json\/wp\/v2\/users\/3"}],"replies":[{"embeddable":true,"href":"https:\/\/www.europesays.com\/it\/wp-json\/wp\/v2\/comments?post=602071"}],"version-history":[{"count":0,"href":"https:\/\/www.europesays.com\/it\/wp-json\/wp\/v2\/posts\/602071\/revisions"}],"wp:featuredmedia":[{"embeddable":true,"href":"https:\/\/www.europesays.com\/it\/wp-json\/wp\/v2\/media\/602072"}],"wp:attachment":[{"href":"https:\/\/www.europesays.com\/it\/wp-json\/wp\/v2\/media?parent=602071"}],"wp:term":[{"taxonomy":"category","embeddable":true,"href":"https:\/\/www.europesays.com\/it\/wp-json\/wp\/v2\/categories?post=602071"},{"taxonomy":"post_tag","embeddable":true,"href":"https:\/\/www.europesays.com\/it\/wp-json\/wp\/v2\/tags?post=602071"}],"curies":[{"name":"wp","href":"https:\/\/api.w.org\/{rel}","templated":true}]}}