{"id":602134,"date":"2026-07-25T19:05:20","date_gmt":"2026-07-25T19:05:20","guid":{"rendered":"https:\/\/www.europesays.com\/it\/602134\/"},"modified":"2026-07-25T19:05:20","modified_gmt":"2026-07-25T19:05:20","slug":"pride-2026-di-amsterdam-la-regina-maxima-inaugura-levento-lgbtq","status":"publish","type":"post","link":"https:\/\/www.europesays.com\/it\/602134\/","title":{"rendered":"Pride 2026 di Amsterdam: la regina M\u00e1xima inaugura l&#8217;evento Lgbtq+"},"content":{"rendered":"<p data-journey-content=\"true\" data-node-id=\"3\" class=\"css-1ood0zq emevuu60\">Guardare al futuro o scomparire. Questo \u00e8 il destino delle monarchie che devono fare i conti con una sensibilit\u00e0 pubblica molto cambiata negli ultimi decenni e sempre meno disposta a considerare certi privilegi un diritto per nascita. Con questa consapevolezza, le casate europee fanno a gara nel mostrarsi aperte e al passo con i tempi. L&#8217;ultimo esempio in tal senso arriva dai Paesi Bassi, dove secondo un annuncio pubblicato dalla Royal House, <strong data-node-id=\"3.1\">la <a href=\"https:\/\/www.elle.com\/it\/showbiz\/tv\/a61829366\/maxima-biografia-della-regina-olanda\/\" target=\"_blank\" data-vars-ga-outbound-link=\"https:\/\/www.elle.com\/it\/showbiz\/tv\/a61829366\/maxima-biografia-della-regina-olanda\/\" data-vars-ga-ux-element=\"Hyperlink\" data-vars-ga-call-to-action=\"regina M\u00e1xima\" data-node-id=\"3.1.1\" class=\"body-link css-ohbdae emevuu60\" rel=\"nofollow noopener\">regina M\u00e1xima<\/a> parteciper\u00e0 all&#8217;apertura del WorldPride sabato 25 luglio al Vondelpark di Amsterdam<\/strong>.<\/p>\n<p>La regina M\u00e1xima paladina dei diritti Lgbtq+<\/p>\n<p data-journey-content=\"true\" data-node-id=\"9\" class=\"css-1ood0zq emevuu60\"><a href=\"https:\/\/www.elle.com\/it\/moda\/a62052967\/regina-maxima-olanda-abito-sposa-valentino\/\" target=\"_blank\" data-vars-ga-outbound-link=\"https:\/\/www.elle.com\/it\/moda\/a62052967\/regina-maxima-olanda-abito-sposa-valentino\/\" data-vars-ga-ux-element=\"Hyperlink\" data-vars-ga-call-to-action=\"La moglie di re Willem-Alexander\" data-node-id=\"9.0\" class=\"body-link css-ohbdae emevuu60\" rel=\"nofollow noopener\">La moglie di <strong data-node-id=\"9.0.1\">re Willem-Alexander<\/strong><\/a>, salito al trono nel 2013 dopo l&#8217;abdicazione della madre, la <strong data-node-id=\"9.2\">regina emerita Beatrice<\/strong>, sar\u00e0 la prima sovrana ad aprire ufficialmente una celebrazione del WorldPride, un evento internazionale dedicato alla <strong data-node-id=\"9.4\"><a href=\"https:\/\/www.elle.com\/it\/magazine\/a71505103\/profili-social-diritti-lgbt-da-seguire\/\" target=\"_blank\" data-vars-ga-outbound-link=\"https:\/\/www.elle.com\/it\/magazine\/a71505103\/profili-social-diritti-lgbt-da-seguire\/\" data-vars-ga-ux-element=\"Hyperlink\" data-vars-ga-call-to-action=\"promozione dell&#039;emancipazione delle persone Lgbtq+ e alla sensibilizzazione dei diritti umani della comunit\u00e0 arcobaleno\" data-node-id=\"9.4.0\" class=\"body-link css-ohbdae emevuu60\" rel=\"nofollow noopener\">promozione dell&#8217;emancipazione delle persone Lgbtq+ e alla sensibilizzazione dei diritti umani della comunit\u00e0 arcobaleno<\/a><\/strong>. <strong data-node-id=\"9.6\">In scena dal 25 luglio all&#8217;8 agosto<\/strong>, l&#8217;appuntamento si svolge ogni due anni in una citt\u00e0 diversa e riunisce associazioni, attivisti e istituzioni provenienti da tutto il mondo.<\/p>\n<p><img draggable=\"true\" alt=\"regina maxima inaugura worldpride 2026\" title=\"Regina Maxima inaugura WorldPride 2026\" loading=\"lazy\" width=\"7776\" height=\"5184\" decoding=\"async\" data-nimg=\"1\" style=\"color:transparent;width:100%;height:auto;\"   src=\"https:\/\/www.europesays.com\/it\/wp-content\/uploads\/2026\/07\/8fe3c8ba-5111-4b36-bbaa-4f6bb3c48767.jpg\" class=\"css-0 e1ddfba50\"\/><a target=\"_blank\" rel=\"noopener nofollow\" data-theme-key=\"base-link\" href=\"https:\/\/pinterest.com\/pin\/create\/button\/?url=https:\/\/www.elle.com\/it\/showbiz\/celebrities\/a73183957\/regina-maxima-pride-2026-amsterdam\/&amp;description=elleitalia&amp;media=https:\/\/hips.hearstapps.com\/hmg-prod\/images\/8fe3c8ba-5111-4b36-bbaa-4f6bb3c48767.jpg?resize=1600:*\" class=\"pinterest css-on9hn5 e1socmtw0\"><img decoding=\"async\" data-dynamic-svg=\"true\" src=\"https:\/\/www.elle.com\/_assets\/design-tokens\/fre\/static\/icons\/social\/pinterest.e8cf655.svg?primary=%2523ffffff\" loading=\"lazy\" data-testid=\"dynamic-svg-base\" height=\"auto\" width=\"auto\" alt=\"pinterest\" class=\"css-4lml0h e1mlxuuw1\"\/><\/a><\/p>\n<p>Patrick van Katwijk<\/p>\n<p>Il 25esimo anniversario della legge sui matrimoni omosessuali<\/p>\n<p data-journey-content=\"true\" data-node-id=\"16\" class=\"css-1ood0zq emevuu60\">A rendere ancora pi\u00f9 speciale la partecipazione della regina c&#8217;\u00e8 il fatto che quest&#8217;anno l&#8217;evento sar\u00e0 ospitato per la prima volta nella sua storia ad Amsterdam e coincider\u00e0 con il <strong data-node-id=\"16.1\"><a href=\"https:\/\/www.elle.com\/it\/magazine\/a36003790\/primo-matrimonio-omosessuale\/\" target=\"_blank\" data-vars-ga-outbound-link=\"https:\/\/www.elle.com\/it\/magazine\/a36003790\/primo-matrimonio-omosessuale\/\" data-vars-ga-ux-element=\"Hyperlink\" data-vars-ga-call-to-action=\"25esimo anniversario\" data-node-id=\"16.1.0\" class=\"body-link css-ohbdae emevuu60\" rel=\"nofollow noopener\">25esimo anniversario<\/a> dell&#8217;entrata in vigore della legge sui <a href=\"https:\/\/www.elle.com\/it\/magazine\/women-in-society\/a69552172\/corte-ue-matrimoni-gay-riconoscimento-europa\/\" target=\"_blank\" data-vars-ga-outbound-link=\"https:\/\/www.elle.com\/it\/magazine\/women-in-society\/a69552172\/corte-ue-matrimoni-gay-riconoscimento-europa\/\" data-vars-ga-ux-element=\"Hyperlink\" data-vars-ga-call-to-action=\"matrimoni tra persone dello stesso sesso\" data-node-id=\"16.1.2\" class=\"body-link css-ohbdae emevuu60\" rel=\"nofollow noopener\">matrimoni tra persone dello stesso sesso<\/a><\/strong>, che venne approvata per la prima volta al mondo nei Paesi Bassi nel 2000, entrando in vigore ufficialmente l&#8217;1 aprile 2001. Con quella normativa i Paesi Bassi furono anche il primo Stato al mondo a riconoscere alle <strong data-node-id=\"16.3\">coppie<\/strong> <strong data-node-id=\"16.5\">omosessuali la facolt\u00e0 di <a href=\"https:\/\/www.elle.com\/it\/magazine\/a44206449\/adozioni-coppie-omosessuali-italia\/\" target=\"_blank\" data-vars-ga-outbound-link=\"https:\/\/www.elle.com\/it\/magazine\/a44206449\/adozioni-coppie-omosessuali-italia\/\" data-vars-ga-ux-element=\"Hyperlink\" data-vars-ga-call-to-action=\"adottare figli\" data-node-id=\"16.5.1\" class=\"body-link css-ohbdae emevuu60\" rel=\"nofollow noopener\">adottare figli<\/a><\/strong>, spianando la strada ai diritti civili della comunit\u00e0 Lgbtq+.<\/p>\n<p data-journey-content=\"true\" data-node-id=\"22\" class=\"css-1ood0zq emevuu60\">Il 2026 segna anche il <strong data-node-id=\"22.1\">30esimo anniversario del Pride ad Amsterdam<\/strong> e del <strong data-node-id=\"22.3\">55esimo anniversario dall&#8217;abolizione del controverso articolo 248 bis del codice pensale olandese<\/strong> (Wetboek van Strafrecht) in vigore dal 1911 al 1971. Introdotta all&#8217;interno della Legge sulla moralit\u00e0, la normativa rendeva illegali i rapporti omosessuali tra maggiorenni (fino a 21 anni) e minorenni, mentre per i rapporti eterosessuali l&#8217;et\u00e0 del consenso era fissata a 16 anni.<br data-node-id=\"22.7\"\/><\/p>\n<p><img draggable=\"true\" alt=\"regina maxima inaugura worldpride 2026\" title=\"Regina Maxima inaugura WorldPride 2026\" loading=\"lazy\" width=\"3211\" height=\"3420\" decoding=\"async\" data-nimg=\"1\" style=\"color:transparent;width:100%;height:auto;\"   src=\"https:\/\/www.europesays.com\/it\/wp-content\/uploads\/2026\/07\/f256d95c-6c75-4322-9e19-169eb9de549c.jpg\" class=\"css-0 e1ddfba50\"\/><a target=\"_blank\" rel=\"noopener nofollow\" data-theme-key=\"base-link\" href=\"https:\/\/pinterest.com\/pin\/create\/button\/?url=https:\/\/www.elle.com\/it\/showbiz\/celebrities\/a73183957\/regina-maxima-pride-2026-amsterdam\/&amp;description=elleitalia&amp;media=https:\/\/hips.hearstapps.com\/hmg-prod\/images\/f256d95c-6c75-4322-9e19-169eb9de549c.jpg?resize=1600:*\" class=\"pinterest css-on9hn5 e1socmtw0\"><img decoding=\"async\" data-dynamic-svg=\"true\" src=\"https:\/\/www.elle.com\/_assets\/design-tokens\/fre\/static\/icons\/social\/pinterest.e8cf655.svg?primary=%2523ffffff\" loading=\"lazy\" data-testid=\"dynamic-svg-base\" height=\"auto\" width=\"auto\" alt=\"pinterest\" class=\"css-4lml0h e1mlxuuw1\"\/><\/a>KOEN VAN WEEL<\/p>\n<p>La regina Maxima con la Rainbow Europe Map nel 2013.<\/p>\n<p>Le libert\u00e0 della futura regina<\/p>\n<p data-journey-content=\"true\" data-node-id=\"28\" class=\"css-1ood0zq emevuu60\">Gi\u00e0 in passato la famiglia reale aveva espresso sostegno alla comunit\u00e0 arcobaleno, ma finora nessun membro della Corona si era esposto cos\u00ec tanto, rappresentando l&#8217;evento a titolo ufficiale, a conferma del desiderio di dare un indirizzo preciso al Paese, uno dei pi\u00f9 attenti alla diversit\u00e0, all&#8217;inclusione e alla parit\u00e0 di diritti. Una partecipazione che arriva cinque anni dopo la dichiarazione del Parlamento olandese, che tramite l&#8217;allora primo ministro Mark Rutte, oggi segretario generale della Nato, chiar\u00ec pubblicamente che <strong data-node-id=\"28.1\">un eventuale matrimonio della <a href=\"https:\/\/www.elle.com\/it\/showbiz\/celebrities\/a71218725\/principesse-amalia-alexia-olanda-tentata-aggressione-processo\/\" target=\"_blank\" data-vars-ga-outbound-link=\"https:\/\/www.elle.com\/it\/showbiz\/celebrities\/a71218725\/principesse-amalia-alexia-olanda-tentata-aggressione-processo\/\" data-vars-ga-ux-element=\"Hyperlink\" data-vars-ga-call-to-action=\"futura regina Caterina Amalia di Orange-Nassau\" data-node-id=\"28.1.1\" class=\"body-link css-ohbdae emevuu60\" rel=\"nofollow noopener\">futura regina Caterina Amalia di Orange-Nassau<\/a> con una persona dello stesso sesso non avrebbe rappresentato alcun ostacolo alla successione al trono<\/strong>. Una specifica importante dal momento che ancora oggi le unioni dei sovrani devono passare dall&#8217;approvazione del parlamento.<\/p>\n<p>Il programma del WorldPride 2026<\/p>\n<p data-journey-content=\"true\" data-node-id=\"33\" class=\"css-1ood0zq emevuu60\"><strong data-node-id=\"33.0\">In un mondo in cui la tolleranza e le libert\u00e0 della comunit\u00e0 Lgbtq+ non sono universalmente riconosciute, Amsterdam aspira ad essere un simbolo di unit\u00e0, tolleranza e amore attraverso una convivenza pacifica delle sue 180 nazionalit\u00e0 che ospita al suo interno<\/strong>. Un melting pot che rappresenta un unicum nel suo genere. In questo senso, la decisione di ospitare il WorldPride non avrebbe potuto essere pi\u00f9 coerente. La visita della regina M\u00e1xima inizier\u00e0 a Pride Park, dove \u00e8 previsto che incontri giovani partecipanti, atleti e rappresentanti della comunit\u00e0 prima di dare inizio ufficiale al festival.<\/p>\n<p><img decoding=\"async\" data-dynamic-svg=\"true\" src=\"https:\/\/www.elle.com\/_assets\/design-tokens\/fre\/static\/icons\/arrow-right.7440adc.svg?primary=%2523D4D4D4\" loading=\"lazy\" data-testid=\"dynamic-svg-base\" height=\"auto\" width=\"auto\" aria-label=\"Prev carousel button\" alt=\"Chevron Left Icon\" data-theme-key=\"icon-button-icon\" transform=\"scaleX(-1)\" class=\"css-14vtfey erhb41k0\"\/><img decoding=\"async\" data-dynamic-svg=\"true\" src=\"https:\/\/www.elle.com\/_assets\/design-tokens\/fre\/static\/icons\/arrow-right.7440adc.svg?primary=%25230f0f15\" loading=\"lazy\" data-testid=\"dynamic-svg-base\" height=\"auto\" width=\"auto\" aria-label=\"Next carousel button\" alt=\"Chevron Right Icon\" data-theme-key=\"icon-button-icon\" class=\"css-18znc9e erhb41k0\"\/><img draggable=\"true\" alt=\"regina maxima inaugura worldpride 2026\" title=\"Regina Maxima inaugura WorldPride 2026\" loading=\"lazy\" width=\"3000\" height=\"2000\" decoding=\"async\" data-nimg=\"1\" style=\"color:transparent;width:100%;height:auto;\"   src=\"https:\/\/www.europesays.com\/it\/wp-content\/uploads\/2026\/07\/c29d85bc-522f-4be1-9014-7d0ee7da4877.jpg\" class=\"css-0 e1ddfba50\"\/><a target=\"_blank\" rel=\"noopener nofollow\" data-theme-key=\"base-link\" href=\"https:\/\/pinterest.com\/pin\/create\/button\/?url=https:\/\/www.elle.com\/it\/showbiz\/celebrities\/a73183957\/regina-maxima-pride-2026-amsterdam\/&amp;description=elleitalia&amp;media=https:\/\/hips.hearstapps.com\/hmg-prod\/images\/c29d85bc-522f-4be1-9014-7d0ee7da4877.jpg?resize=1600:*\" class=\"pinterest css-on9hn5 e1socmtw0\"><img decoding=\"async\" data-dynamic-svg=\"true\" src=\"https:\/\/www.elle.com\/_assets\/design-tokens\/fre\/static\/icons\/social\/pinterest.e8cf655.svg?primary=%2523ffffff\" loading=\"lazy\" data-testid=\"dynamic-svg-base\" height=\"auto\" width=\"auto\" alt=\"pinterest\" class=\"css-4lml0h e1mlxuuw1\"\/><\/a><\/p>\n<p>WAHAJ BANI MOUFLEH<\/p>\n<p data-journey-content=\"true\" data-node-id=\"39\" class=\"css-1ood0zq emevuu60\">Tra gli eventi in programma, la <strong data-node-id=\"39.1\">Pride walk <\/strong>che attraverser\u00e0 il centro di Amsterdam, con partenza da Piazza Dam e arrivo al Vondelpark, la celebre sfilata di imbarcazioni lungo i canali della citt\u00e0, il concerto Unity in Museumplein e la Conferenza internazionale sui diritti umani. E poi ancora proiezioni, letture di poesie, laboratori di cucina inclusivi, esibizioni di artisti locali e internazionali, senza dimenticare la sessione informativa sull&#8217;assistenza sanitaria prevista per le persone transgender. Un&#8217;occasione preziosa per porre domande e ricevere consigli su prescrizioni e terapie ormonali sostitutive.    <\/p>\n","protected":false},"excerpt":{"rendered":"Guardare al futuro o scomparire. Questo \u00e8 il destino delle monarchie che devono fare i conti con una&hellip;\n","protected":false},"author":3,"featured_media":602135,"comment_status":"","ping_status":"","sticky":false,"template":"","format":"standard","meta":{"footnotes":"","_share_on_mastodon":"0"},"categories":[160],"tags":[9917,14,164,165,2912,273082,166,7,15,331953,3104,3105,1780,11,167,12,168,161,162,163,331952],"class_list":["post-602134","post","type-post","status-publish","format-standard","has-post-thumbnail","category-mondo","tag-amsterdam","tag-cronaca","tag-dal-mondo","tag-dalmondo","tag-engagement","tag-lgbtq","tag-mondo","tag-news","tag-notizie","tag-regina-maxima-olanda","tag-royal-family-news","tag-royals","tag-traffico","tag-ultime-notizie","tag-ultime-notizie-di-mondo","tag-ultimenotizie","tag-ultimenotiziedimondo","tag-world","tag-world-news","tag-worldnews","tag-worldpride-2026"],"share_on_mastodon":{"url":"","error":""},"_links":{"self":[{"href":"https:\/\/www.europesays.com\/it\/wp-json\/wp\/v2\/posts\/602134","targetHints":{"allow":["GET"]}}],"collection":[{"href":"https:\/\/www.europesays.com\/it\/wp-json\/wp\/v2\/posts"}],"about":[{"href":"https:\/\/www.europesays.com\/it\/wp-json\/wp\/v2\/types\/post"}],"author":[{"embeddable":true,"href":"https:\/\/www.europesays.com\/it\/wp-json\/wp\/v2\/users\/3"}],"replies":[{"embeddable":true,"href":"https:\/\/www.europesays.com\/it\/wp-json\/wp\/v2\/comments?post=602134"}],"version-history":[{"count":0,"href":"https:\/\/www.europesays.com\/it\/wp-json\/wp\/v2\/posts\/602134\/revisions"}],"wp:featuredmedia":[{"embeddable":true,"href":"https:\/\/www.europesays.com\/it\/wp-json\/wp\/v2\/media\/602135"}],"wp:attachment":[{"href":"https:\/\/www.europesays.com\/it\/wp-json\/wp\/v2\/media?parent=602134"}],"wp:term":[{"taxonomy":"category","embeddable":true,"href":"https:\/\/www.europesays.com\/it\/wp-json\/wp\/v2\/categories?post=602134"},{"taxonomy":"post_tag","embeddable":true,"href":"https:\/\/www.europesays.com\/it\/wp-json\/wp\/v2\/tags?post=602134"}],"curies":[{"name":"wp","href":"https:\/\/api.w.org\/{rel}","templated":true}]}}